{"id":14,"date":"2008-12-19T12:43:41","date_gmt":"2008-12-19T10:43:41","guid":{"rendered":"http:\/\/blogs.uab.cat\/dretmercantil\/2008\/12\/19\/nul%e2%80%a2litat-de-les-despeses-demissio-dels-bitllets-davio\/"},"modified":"2008-12-19T12:43:41","modified_gmt":"2008-12-19T10:43:41","slug":"nullitat-de-les-despeses-demissio-dels-bitllets-davio","status":"publish","type":"post","link":"https:\/\/webs.uab.cat\/dretmercantil\/2008\/12\/19\/nullitat-de-les-despeses-demissio-dels-bitllets-davio\/","title":{"rendered":"Nul\u2022litat de les \u00abdespeses d&#8217;emissi\u00f3\u00bb dels bitllets d&#8217;avi\u00f3"},"content":{"rendered":"<p>L\u2019AP de M\u00e0laga ha declarat nul\u2022les les \u201cdespeses d\u2019emissi\u00f3\u201d dels bitllets d\u2019avi\u00f3 en cas de que el passatger tingui la condici\u00f3 de consumidor-usuari. Dues premisses conformen el raonament de l\u2019Audi\u00e8ncia. La primera \u00e9s l\u2019obligaci\u00f3 del transportista aeri d\u2019emetre el bitllet d\u2019avi\u00f3; prevista tant al Conveni de Vars\u00f2via de 1929 -cal recordar que avui en dia ha estat substitu\u00eft pel Conveni de Montreal de 1999- com a la Ley de Navegaci\u00f3n A\u00e9rea de 1960. La segona es considerar abusiu repercutir sobre el consumidor una despesa que per llei correspon a l\u2019empresari-professional. El fonament de la segona premissa \u00e9s l\u2019art. 10 bis i la Disp. Adic. 1.\u00aa de la Ley General para la Defensa de Consumidores y Usuarios de 1984 \u2013en l\u2019actualitat substitu\u00efda pel RD legislativo 1\/2007, de 16 de noviembre, por el que se aprueba el texto refundido de la Ley General para la Defensa de los Consumidores y Usuarios y otras leyes complementarias-. Ara b\u00e9 es preocupant que l\u2019Audi\u00e8ncia declari obiter dictum que la soluci\u00f3 hagu\u00e9s estat diversa si la companyia a\u00e8ria hagu\u00e9s facilitat al consumidor un preu \u00fanic no desglosat.<\/p>\n","protected":false},"excerpt":{"rendered":"<p>L\u2019AP de M\u00e0laga ha declarat nul\u2022les les \u201cdespeses d\u2019emissi\u00f3\u201d dels bitllets d\u2019avi\u00f3 en cas de que el passatger tingui la condici\u00f3 de consumidor-usuari. Dues premisses conformen el raonament de l\u2019Audi\u00e8ncia. La primera \u00e9s l\u2019obligaci\u00f3 del transportista aeri d\u2019emetre el bitllet d\u2019avi\u00f3; prevista tant al Conveni de Vars\u00f2via de 1929 -cal recordar que avui en dia [&hellip;]<\/p>\n","protected":false},"author":133,"featured_media":0,"comment_status":"open","ping_status":"open","sticky":false,"template":"","format":"standard","meta":{"footnotes":""},"categories":[3],"tags":[142,468],"class_list":["post-14","post","type-post","status-publish","format-standard","hentry","category-contractes-mercantils","tag-consumidores","tag-transporte"],"_links":{"self":[{"href":"https:\/\/webs.uab.cat\/dretmercantil\/wp-json\/wp\/v2\/posts\/14","targetHints":{"allow":["GET"]}}],"collection":[{"href":"https:\/\/webs.uab.cat\/dretmercantil\/wp-json\/wp\/v2\/posts"}],"about":[{"href":"https:\/\/webs.uab.cat\/dretmercantil\/wp-json\/wp\/v2\/types\/post"}],"author":[{"embeddable":true,"href":"https:\/\/webs.uab.cat\/dretmercantil\/wp-json\/wp\/v2\/users\/133"}],"replies":[{"embeddable":true,"href":"https:\/\/webs.uab.cat\/dretmercantil\/wp-json\/wp\/v2\/comments?post=14"}],"version-history":[{"count":0,"href":"https:\/\/webs.uab.cat\/dretmercantil\/wp-json\/wp\/v2\/posts\/14\/revisions"}],"wp:attachment":[{"href":"https:\/\/webs.uab.cat\/dretmercantil\/wp-json\/wp\/v2\/media?parent=14"}],"wp:term":[{"taxonomy":"category","embeddable":true,"href":"https:\/\/webs.uab.cat\/dretmercantil\/wp-json\/wp\/v2\/categories?post=14"},{"taxonomy":"post_tag","embeddable":true,"href":"https:\/\/webs.uab.cat\/dretmercantil\/wp-json\/wp\/v2\/tags?post=14"}],"curies":[{"name":"wp","href":"https:\/\/api.w.org\/{rel}","templated":true}]}}