{"id":376,"date":"2015-01-21T21:14:04","date_gmt":"2015-01-21T19:14:04","guid":{"rendered":"http:\/\/blogs.uab.cat\/dretmercantil\/?p=376"},"modified":"2015-01-21T21:14:04","modified_gmt":"2015-01-21T19:14:04","slug":"no-es-pais-per-a-investigadors","status":"publish","type":"post","link":"https:\/\/webs.uab.cat\/dretmercantil\/2015\/01\/21\/no-es-pais-per-a-investigadors\/","title":{"rendered":"NO \u00c9S PA\u00cdS PER A INVESTIGADORS"},"content":{"rendered":"<p>El Govern espanyol no creu en la investigaci\u00f3. Malgrat les seves paraules benintencionades, els fets aix\u00ed ho demostren. Cada any \u00e9s destinen molt pocs recursos p\u00fablics a la recerca. Un <a href=\"http:\/\/cincodias.com\/cincodias\/2014\/12\/16\/economia\/1418757266_137329.html\">article<\/a> de Jos\u00e9 de N\u00f3 S\u00e1nchez de Le\u00f3n i Jos\u00e9 Molero publicat a <em>Cinco D\u00edas<\/em> el 16.12.2014 explica que la part dels pressupostos p\u00fablics dedicada a la investigaci\u00f3, desenvolupament i innovaci\u00f3 continua sota m\u00ednims. No es recuperen les retallades que es va produir durant la crisi. Per\u00f2 no nom\u00e9s aix\u00f2, sin\u00f3 que es revisen a la baixa les partides ja concedides (i gastades) en projectes passats. Ho ha denunciat Anxo S\u00e1nchez a un bloc d\u2019economia que cal seguir: <a href=\"http:\/\/nadaesgratis.es\/?p=41282\">nada es gratis<\/a>.<\/p>\n<p>En segon lloc, la gran aposta per la competitivitat es basa en reduir els preus, no en la innovaci\u00f3. I els preus es redueixen a costa de la remuneraci\u00f3 de la ma d\u2019obra. Mal negoci. Les classes baixa i mitjana perden poder adquisitiu, el que significa que creixen les diferencies socials i s\u2019accentua el risc de conflicte dins del pa\u00eds. <em>Podemos<\/em> i la independ\u00e8ncia de Catalunya s\u00f3n una prova evident. D\u2019altra banda, el consum nacional no es recupera amb el que nom\u00e9s queda que mirar al mercat internacional. I aqu\u00ed la compet\u00e8ncia es ferotge, entre d\u2019altres raons perqu\u00e8 sempre hi ha alg\u00fa disposat a treballar per menys diners. Els treballadors espanyols estan disposat a baixar el seu nivell salarial fins a competir amb els del sud-est asi\u00e0tic? Espero que no.<\/p>\n<p>Tercer, la ren\u00fancia a donar suport a les renovables sortir\u00e0 molt cara. D\u2019una banda les empreses espanyoles no tenen energia barata. Conseq\u00fcentment, les seves despeses s\u00f3n majors que les dels seus competidors. D\u2019altra banda, molts fons internacionals i empreses estrangeres (per exemple, l\u2019alemanya RWE) havien invertit en empreses d\u2019energia renovable en Espanya. El canvi de les regles de joc els ha perjudicat i estan demandant a l\u2019Estat. S\u2019estan tramitant varis arbitratges internacionals i sembla que tenen les de guanyar. La indemnitzaci\u00f3 sortir\u00e0 dels pressupostos generals de l\u2019Estat. Igual que la del cas Castor.<\/p>\n<p>I quart, l\u2019aposta per l\u2019emprenedoria no era apostar per la innovaci\u00f3. La ra\u00f3 \u00e9s que les diverses lleis que les Corts Generals van aprovar contenien una definici\u00f3 molt general d\u2019emprenedor, que no estava tan pensada per estimular la innovaci\u00f3 sin\u00f3 per convertir en aut\u00f2noms treballadors dependents i aturats. I darrere hi havia raons fiscals i pressupost\u00e0ries.<\/p>\n<p>El Govern espanyol segueix fiant la seva pol\u00edtica econ\u00f2mica al binomi tradicional totxo i turisme. La construcci\u00f3 va ser el motor principal de l\u2019economia espanyola fins que la bombolla va esclatar. \u00c9s cert que bona part de la culpa va ser dels directius de les entitats de cr\u00e8dit que no van fer cas de la dita de l\u2019\u00e0via que no s\u2019haN de posar tots els ous al mateix cistell. Per\u00f2 la inversi\u00f3 en totxo \u00e9s essencialment especulativa; no serveix a una pol\u00edtica industrial seria. Quant al turisme, el de qualitat \u00e9s imprescindible. El turisme de motxilla i litrona nom\u00e9s porta problemes.<\/p>\n<p>I qu\u00e8 es pot fer per apostar per competir en qualitat? El principal es invertir en ci\u00e8ncia i innovaci\u00f3. Aix\u00f2 vol dir destinar recursos p\u00fablics; s\u00ed. Per\u00f2 tampoc es tant dif\u00edcil. Hi ha mesures que no s\u00f3n gaire costoses i que podrien fomentar la innovaci\u00f3. Per exemple, ajornar el pagament de les patents de les PYMEs fins a que generin retorn. Moltes empreses no protegeixen els seus invents per que \u00e9s costos i no saben si n\u2019obtindran un rendiment. Per solucionar-ho es podria permetre registrar-los gratu\u00eftament d\u2019entrada i exigir-lis el pagament de les taxes quan les patents generin beneficis. Nom\u00e9s cal bona predisposici\u00f3.<\/p>\n","protected":false},"excerpt":{"rendered":"<p>El Govern espanyol no creu en la investigaci\u00f3. Malgrat les seves paraules benintencionades, els fets aix\u00ed ho demostren. Cada any \u00e9s destinen molt pocs recursos p\u00fablics a la recerca. Un article de Jos\u00e9 de N\u00f3 S\u00e1nchez de Le\u00f3n i Jos\u00e9 Molero publicat a Cinco D\u00edas el 16.12.2014 explica que la part dels pressupostos p\u00fablics dedicada [&hellip;]<\/p>\n","protected":false},"author":133,"featured_media":0,"comment_status":"open","ping_status":"open","sticky":false,"template":"","format":"standard","meta":{"footnotes":""},"categories":[2,1],"tags":[223,271,282],"class_list":["post-376","post","type-post","status-publish","format-standard","hentry","category-competencia-y-propiedad-industrial","category-general","tag-emprendedor","tag-innovacion","tag-investigacion"],"_links":{"self":[{"href":"https:\/\/webs.uab.cat\/dretmercantil\/wp-json\/wp\/v2\/posts\/376","targetHints":{"allow":["GET"]}}],"collection":[{"href":"https:\/\/webs.uab.cat\/dretmercantil\/wp-json\/wp\/v2\/posts"}],"about":[{"href":"https:\/\/webs.uab.cat\/dretmercantil\/wp-json\/wp\/v2\/types\/post"}],"author":[{"embeddable":true,"href":"https:\/\/webs.uab.cat\/dretmercantil\/wp-json\/wp\/v2\/users\/133"}],"replies":[{"embeddable":true,"href":"https:\/\/webs.uab.cat\/dretmercantil\/wp-json\/wp\/v2\/comments?post=376"}],"version-history":[{"count":0,"href":"https:\/\/webs.uab.cat\/dretmercantil\/wp-json\/wp\/v2\/posts\/376\/revisions"}],"wp:attachment":[{"href":"https:\/\/webs.uab.cat\/dretmercantil\/wp-json\/wp\/v2\/media?parent=376"}],"wp:term":[{"taxonomy":"category","embeddable":true,"href":"https:\/\/webs.uab.cat\/dretmercantil\/wp-json\/wp\/v2\/categories?post=376"},{"taxonomy":"post_tag","embeddable":true,"href":"https:\/\/webs.uab.cat\/dretmercantil\/wp-json\/wp\/v2\/tags?post=376"}],"curies":[{"name":"wp","href":"https:\/\/api.w.org\/{rel}","templated":true}]}}