{"id":1841,"date":"2018-12-17T12:16:11","date_gmt":"2018-12-17T11:16:11","guid":{"rendered":"http:\/\/blogs.uab.cat\/dretsautor\/?p=1841"},"modified":"2026-05-28T09:12:35","modified_gmt":"2026-05-28T07:12:35","slug":"que-es-la-seudonimitzacio-de-les-dades-personals","status":"publish","type":"post","link":"https:\/\/webs.uab.cat\/dretsautor\/2018\/12\/17\/que-es-la-seudonimitzacio-de-les-dades-personals\/","title":{"rendered":"Qu\u00e8 \u00e9s la pseudonimitzaci\u00f3 de les dades personals?"},"content":{"rendered":"\n<p class=\"wp-block-paragraph\">La pseudonimitzaci\u00f3 \u00e9s el tractament de dades personals de tal manera que ja no poden atribuir-se a cap persona f\u00edsica concreta sense utilitzar informaci\u00f3 addicional, sempre que aquesta informaci\u00f3 addicional consti per separat.<\/p>\n\n\n\n<p class=\"wp-block-paragraph\"><\/p>\n\n\n\n<p class=\"wp-block-paragraph\">\u00c9s diferent del proc\u00e9s d&#8217;anonimitzaci\u00f3, ja que l&#8217;acci\u00f3 d&#8217;anonimitzar impossibilita la identificaci\u00f3 del subjecte.  <\/p>\n","protected":false},"excerpt":{"rendered":"<p>La pseudonimitzaci\u00f3 \u00e9s el tractament de dades personals de tal manera que ja no poden atribuir-se a cap persona f\u00edsica concreta sense utilitzar informaci\u00f3 addicional, sempre que aquesta informaci\u00f3 addicional consti per separat. \u00c9s diferent del proc\u00e9s d&#8217;anonimitzaci\u00f3, ja que l&#8217;acci\u00f3 d&#8217;anonimitzar impossibilita la identificaci\u00f3 del subjecte.<\/p>\n","protected":false},"author":1734,"featured_media":0,"comment_status":"closed","ping_status":"closed","sticky":false,"template":"","format":"standard","meta":{"footnotes":""},"categories":[5],"tags":[],"class_list":["post-1841","post","type-post","status-publish","format-standard","hentry","category-dades-personals"],"_links":{"self":[{"href":"https:\/\/webs.uab.cat\/dretsautor\/wp-json\/wp\/v2\/posts\/1841","targetHints":{"allow":["GET"]}}],"collection":[{"href":"https:\/\/webs.uab.cat\/dretsautor\/wp-json\/wp\/v2\/posts"}],"about":[{"href":"https:\/\/webs.uab.cat\/dretsautor\/wp-json\/wp\/v2\/types\/post"}],"author":[{"embeddable":true,"href":"https:\/\/webs.uab.cat\/dretsautor\/wp-json\/wp\/v2\/users\/1734"}],"replies":[{"embeddable":true,"href":"https:\/\/webs.uab.cat\/dretsautor\/wp-json\/wp\/v2\/comments?post=1841"}],"version-history":[{"count":1,"href":"https:\/\/webs.uab.cat\/dretsautor\/wp-json\/wp\/v2\/posts\/1841\/revisions"}],"predecessor-version":[{"id":3229,"href":"https:\/\/webs.uab.cat\/dretsautor\/wp-json\/wp\/v2\/posts\/1841\/revisions\/3229"}],"wp:attachment":[{"href":"https:\/\/webs.uab.cat\/dretsautor\/wp-json\/wp\/v2\/media?parent=1841"}],"wp:term":[{"taxonomy":"category","embeddable":true,"href":"https:\/\/webs.uab.cat\/dretsautor\/wp-json\/wp\/v2\/categories?post=1841"},{"taxonomy":"post_tag","embeddable":true,"href":"https:\/\/webs.uab.cat\/dretsautor\/wp-json\/wp\/v2\/tags?post=1841"}],"curies":[{"name":"wp","href":"https:\/\/api.w.org\/{rel}","templated":true}]}}