{"id":2132,"date":"2021-03-03T13:16:46","date_gmt":"2021-03-03T12:16:46","guid":{"rendered":"http:\/\/blogs.uab.cat\/dretsautor\/?p=2132"},"modified":"2026-05-20T13:08:51","modified_gmt":"2026-05-20T11:08:51","slug":"que-aporta-horizon-europe-a-la-gestio-de-dades","status":"publish","type":"post","link":"https:\/\/webs.uab.cat\/dretsautor\/2021\/03\/03\/que-aporta-horizon-europe-a-la-gestio-de-dades\/","title":{"rendered":"Qu\u00e8 aporta Horizon Europe a la gesti\u00f3 de dades?"},"content":{"rendered":"<p>El lema d&#8217;<a href=\"https:\/\/www.uab.cat\/web\/investigar\/itineraris\/la-recerca\/projectes-internacionals-de-recerca\/horizon-europe-1345812159586.html\" target=\"_blank\" rel=\"noopener\">Horizon Europe<\/a> (2021-2027) \u00e9s <em>evoluci\u00f3, no revoluci\u00f3<\/em>. Per aix\u00f2 aquest\u00a0 programa de la Comissi\u00f3 Europea es reafirma en els mandats que ja va establir en el programa anterior (H2020) a partir de l&#8217;1 de gener de 2017 .<\/p>\n<p>El programa parla fonamentalment de <a href=\"https:\/\/ddd.uab.cat\/record\/235667\" target=\"_blank\" rel=\"noopener\">Ci\u00e8ncia Oberta<\/a> \u00a0i dins aquest concepte engloba, entre d&#8217;altres, la gesti\u00f3 de les dades. Com a principal novetat crea l&#8217;<a href=\"https:\/\/open-research-europe.ec.europa.eu\/about\" target=\"_blank\" rel=\"noopener\">Open Research Europe<\/a>, una plataforma totalment concebuda amb criteris de ci\u00e8ncia oberta (revisi\u00f3 d&#8217;experts en obert, m\u00e8triques obertes&#8230;).<\/p>\n\n\n<p class=\"wp-block-paragraph\"><\/p>\n","protected":false},"excerpt":{"rendered":"<p>El lema d&#8217;Horizon Europe (2021-2027) \u00e9s evoluci\u00f3, no revoluci\u00f3. Per aix\u00f2 aquest\u00a0 programa de la Comissi\u00f3 Europea es reafirma en els mandats que ja va establir en el programa anterior (H2020) a partir de l&#8217;1 de gener de 2017 . El programa parla fonamentalment de Ci\u00e8ncia Oberta \u00a0i dins aquest concepte engloba, entre d&#8217;altres, la [&hellip;]<\/p>\n","protected":false},"author":1734,"featured_media":0,"comment_status":"closed","ping_status":"closed","sticky":false,"template":"","format":"standard","meta":{"footnotes":""},"categories":[4],"tags":[],"class_list":["post-2132","post","type-post","status-publish","format-standard","hentry","category-dades-de-recerca"],"_links":{"self":[{"href":"https:\/\/webs.uab.cat\/dretsautor\/wp-json\/wp\/v2\/posts\/2132","targetHints":{"allow":["GET"]}}],"collection":[{"href":"https:\/\/webs.uab.cat\/dretsautor\/wp-json\/wp\/v2\/posts"}],"about":[{"href":"https:\/\/webs.uab.cat\/dretsautor\/wp-json\/wp\/v2\/types\/post"}],"author":[{"embeddable":true,"href":"https:\/\/webs.uab.cat\/dretsautor\/wp-json\/wp\/v2\/users\/1734"}],"replies":[{"embeddable":true,"href":"https:\/\/webs.uab.cat\/dretsautor\/wp-json\/wp\/v2\/comments?post=2132"}],"version-history":[{"count":9,"href":"https:\/\/webs.uab.cat\/dretsautor\/wp-json\/wp\/v2\/posts\/2132\/revisions"}],"predecessor-version":[{"id":3693,"href":"https:\/\/webs.uab.cat\/dretsautor\/wp-json\/wp\/v2\/posts\/2132\/revisions\/3693"}],"wp:attachment":[{"href":"https:\/\/webs.uab.cat\/dretsautor\/wp-json\/wp\/v2\/media?parent=2132"}],"wp:term":[{"taxonomy":"category","embeddable":true,"href":"https:\/\/webs.uab.cat\/dretsautor\/wp-json\/wp\/v2\/categories?post=2132"},{"taxonomy":"post_tag","embeddable":true,"href":"https:\/\/webs.uab.cat\/dretsautor\/wp-json\/wp\/v2\/tags?post=2132"}],"curies":[{"name":"wp","href":"https:\/\/api.w.org\/{rel}","templated":true}]}}