{"id":2207,"date":"2022-03-22T11:28:15","date_gmt":"2022-03-22T10:28:15","guid":{"rendered":"https:\/\/blogs.uab.cat\/dretsautor\/?p=2207"},"modified":"2024-04-04T13:22:57","modified_gmt":"2024-04-04T11:22:57","slug":"que-es-la-setmana-de-lacces-obert-que-es-la-setmana-de-leducacio-oberta","status":"publish","type":"post","link":"https:\/\/webs.uab.cat\/dretsautor\/2022\/03\/22\/que-es-la-setmana-de-lacces-obert-que-es-la-setmana-de-leducacio-oberta\/","title":{"rendered":"Qu\u00e8 \u00e9s la Setmana de l\u2019Acc\u00e9s Obert? Qu\u00e8 \u00e9s la Setmana de l\u2019Educaci\u00f3 Oberta?"},"content":{"rendered":"<p>Ambdues s\u00f3n setmanes internacionals dedicades, en un cas, a promoure l&#8217;acc\u00e9s obert dins el m\u00f3n acad\u00e8mic i cient\u00edfic, i en l&#8217;altre a conscienciar sobre els avantatges que aporta la implementaci\u00f3 de recursos i pr\u00e0ctiques educatives en obert per al professorat i l&#8217;alumnat.<\/p>\n<p>El Servei de Biblioteques de la UAB participa en totes dues setmanes organitzant, juntament amb altres entitats de la universitat, activitats per ajudar a assolir els objectius corresponents.<\/p>\n<p>La <a href=\"http:\/\/www.openaccessweek.org\/\" target=\"_blank\" rel=\"noopener\">Setmana Internacional de l&#8217;Acc\u00e9s Obert (Open Access Week)<\/a> t\u00e9 lloc cada any a finals del mes d&#8217;octubre. Est\u00e0 organitzada per l&#8217;<a href=\"https:\/\/sparcopen.org\/who-we-are\/\" target=\"_blank\" rel=\"noopener\">SPARK (Scholarly Publishing and Academic Resources Coalition)<\/a>. Cada any es tria un lema que posa el focus en algun aspecte de l&#8217;acc\u00e9s obert, i les entitats participants organitzen activitats obertes relacionades amb aquest lema.<\/p>\n<p>La <a href=\"https:\/\/oeweek.oeglobal.org\/\" target=\"_blank\" rel=\"noopener\">Setmana Internacional de l&#8217;Educaci\u00f3 Oberta (Open Education Week)<\/a> es fa anualment la primera setmana de mar\u00e7. L&#8217;organitza l\u2019Open Education Global, una organitzaci\u00f3 sense \u00e0nim de lucre creada per potenciar el desenvolupament d&#8217;una educaci\u00f3 oberta, de qualitat i accessible a tots a escala mundial.\u00a0Els Recursos Educatius Oberts (REO) es fonamenten en el reconeixement de l&#8217;autoria i el domini p\u00fablic, o una llic\u00e8ncia oberta que permeti l&#8217;acc\u00e9s, l&#8217;\u00fas, l&#8217;adaptaci\u00f3 i la redistribuci\u00f3 sense cap cost i sense restriccions ni limitacions.<\/p>\n<p>Podeu trobar la informaci\u00f3 de les activitats programades a la UAB dins del marc d&#8217;aquestes setmanes internacionals a la nostra p\u00e0gina web sobre ci\u00e8ncia oberta: <a href=\"https:\/\/www.uab.cat\/ca\/ciencia-oberta\/setmana-acces-obert\">Acc\u00e9s Obert<\/a> i <a href=\"https:\/\/www.uab.cat\/ca\/ciencia-oberta\/setmana-educacio-oberta\">Educaci\u00f3 Oberta<\/a>.<\/p>\n","protected":false},"excerpt":{"rendered":"<p>Ambdues s\u00f3n setmanes internacionals dedicades, en un cas, a promoure l&#8217;acc\u00e9s obert dins el m\u00f3n acad\u00e8mic i cient\u00edfic, i en l&#8217;altre a conscienciar sobre els avantatges que aporta la implementaci\u00f3 de recursos i pr\u00e0ctiques educatives en obert per al professorat i l&#8217;alumnat. El Servei de Biblioteques de la UAB participa en totes dues setmanes organitzant, [&hellip;]<\/p>\n","protected":false},"author":1734,"featured_media":0,"comment_status":"closed","ping_status":"closed","sticky":false,"template":"","format":"standard","meta":{"footnotes":""},"categories":[2],"tags":[],"class_list":["post-2207","post","type-post","status-publish","format-standard","hentry","category-acces-obert"],"_links":{"self":[{"href":"https:\/\/webs.uab.cat\/dretsautor\/wp-json\/wp\/v2\/posts\/2207","targetHints":{"allow":["GET"]}}],"collection":[{"href":"https:\/\/webs.uab.cat\/dretsautor\/wp-json\/wp\/v2\/posts"}],"about":[{"href":"https:\/\/webs.uab.cat\/dretsautor\/wp-json\/wp\/v2\/types\/post"}],"author":[{"embeddable":true,"href":"https:\/\/webs.uab.cat\/dretsautor\/wp-json\/wp\/v2\/users\/1734"}],"replies":[{"embeddable":true,"href":"https:\/\/webs.uab.cat\/dretsautor\/wp-json\/wp\/v2\/comments?post=2207"}],"version-history":[{"count":2,"href":"https:\/\/webs.uab.cat\/dretsautor\/wp-json\/wp\/v2\/posts\/2207\/revisions"}],"predecessor-version":[{"id":3118,"href":"https:\/\/webs.uab.cat\/dretsautor\/wp-json\/wp\/v2\/posts\/2207\/revisions\/3118"}],"wp:attachment":[{"href":"https:\/\/webs.uab.cat\/dretsautor\/wp-json\/wp\/v2\/media?parent=2207"}],"wp:term":[{"taxonomy":"category","embeddable":true,"href":"https:\/\/webs.uab.cat\/dretsautor\/wp-json\/wp\/v2\/categories?post=2207"},{"taxonomy":"post_tag","embeddable":true,"href":"https:\/\/webs.uab.cat\/dretsautor\/wp-json\/wp\/v2\/tags?post=2207"}],"curies":[{"name":"wp","href":"https:\/\/api.w.org\/{rel}","templated":true}]}}