{"id":44,"date":"2015-06-21T13:26:39","date_gmt":"2015-06-21T11:26:39","guid":{"rendered":"http:\/\/blogs.uab.cat\/propint\/?p=44"},"modified":"2026-04-15T11:23:20","modified_gmt":"2026-04-15T09:23:20","slug":"que-son-els-drets-dautor","status":"publish","type":"post","link":"https:\/\/webs.uab.cat\/dretsautor\/2015\/06\/21\/que-son-els-drets-dautor\/","title":{"rendered":"Qu\u00e8 s\u00f3n els drets d&#8217;autor?"},"content":{"rendered":"<p style=\"text-align: justify\">El dret d&#8217;autor es defineix com el conjunt de drets d&#8217;una persona f\u00edsica sobre la seva obra (creaci\u00f3 humana original) de naturalesa liter\u00e0ria, art\u00edstica o cient\u00edfica expressades per qualsevol mitj\u00e0 o suport. Les persones jur\u00eddiques tamb\u00e9 poden ser titulars d&#8217;alguns drets. La legislaci\u00f3 estableix que l&#8217;autor pugui obtenir uns beneficis pel seu treball intel\u00b7lectual i la seva aportaci\u00f3 a la cultura en general, durant un temps limitat.<\/p>\n<p style=\"text-align: justify\">Els drets d&#8217;autor atorguen al seu titular dos tipus de facultats o drets:<\/p>\n<ul style=\"text-align: justify\">\n<li>D&#8217;una banda, els <strong>drets morals<\/strong>, de car\u00e0cter irrenunciables i inalienables: dret de divulgaci\u00f3, dret de paternitat, dret d&#8217;integritat de l&#8217;obra, dret de modificaci\u00f3 i el dret de retirada.<\/li>\n<\/ul>\n<ul style=\"text-align: justify\">\n<li>D&#8217;altra banda, els <strong>drets d\u2019explotaci\u00f3 o patrimonials<\/strong>, de car\u00e0cter transferible i de durada limitada:<\/li>\n<\/ul>\n<table style=\"height: 243px\" border=\"0\" width=\"497\">\n<tbody>\n<tr>\n<td width=\"132\">&#8211; Drets exclusius:<\/td>\n<td width=\"376\">Dret de reproducci\u00f3.<\/td>\n<\/tr>\n<tr>\n<td width=\"132\"><\/td>\n<td width=\"376\">Dret de distribuci\u00f3.<\/td>\n<\/tr>\n<tr>\n<td width=\"132\"><\/td>\n<td width=\"376\">Dret de comunicaci\u00f3 p\u00fablica.<\/td>\n<\/tr>\n<tr>\n<td width=\"132\"><\/td>\n<td width=\"376\">Dret de transformaci\u00f3.<\/td>\n<\/tr>\n<tr>\n<td width=\"132\">&#8211; Drets de simple remuneraci\u00f3:<\/td>\n<td width=\"376\">Dret de participaci\u00f3.<\/td>\n<\/tr>\n<tr>\n<td width=\"132\"><\/td>\n<td width=\"376\">Dret de compensaci\u00f3 equitativa per c\u00f2pia privada.<\/td>\n<\/tr>\n<tr>\n<td width=\"132\"><\/td>\n<td width=\"376\">Dret de remuneraci\u00f3 per distribuci\u00f3.<\/td>\n<\/tr>\n<tr>\n<td width=\"132\"><\/td>\n<td width=\"376\">Dret de remuneraci\u00f3 per comunicaci\u00f3 p\u00fablica.<\/td>\n<\/tr>\n<\/tbody>\n<\/table>\n<p style=\"text-align: justify\">La legislaci\u00f3 sobre propietat intel\u00b7lectual tamb\u00e9 regula els seg\u00fcents drets que s\u00f3n connexos als drets d&#8217;autor. Per a m\u00e9s informaci\u00f3:\u00a0<a title=\"Qu\u00e8 s\u00f3n els drets connexos als drets d\u2019autor?\" href=\"https:\/\/webs.uab.cat\/dretsautor\/2015\/06\/21\/que-son-els-drets-connexos-als-drets-dautor\/\" target=\"_blank\" rel=\"noopener noreferrer\">Qu\u00e8 s\u00f3n els drets connexos als drets d\u2019autor?<\/a><\/p>\n","protected":false},"excerpt":{"rendered":"<p>El dret d&#8217;autor es defineix com el conjunt de drets d&#8217;una persona f\u00edsica sobre la seva obra (creaci\u00f3 humana original) de naturalesa liter\u00e0ria, art\u00edstica o cient\u00edfica expressades per qualsevol mitj\u00e0 o suport. Les persones jur\u00eddiques tamb\u00e9 poden ser titulars d&#8217;alguns drets. La legislaci\u00f3 estableix que l&#8217;autor pugui obtenir uns beneficis pel seu treball intel\u00b7lectual i [&hellip;]<\/p>\n","protected":false},"author":1734,"featured_media":0,"comment_status":"closed","ping_status":"closed","sticky":false,"template":"","format":"standard","meta":{"footnotes":""},"categories":[8],"tags":[],"class_list":["post-44","post","type-post","status-publish","format-standard","hentry","category-generalitats"],"_links":{"self":[{"href":"https:\/\/webs.uab.cat\/dretsautor\/wp-json\/wp\/v2\/posts\/44","targetHints":{"allow":["GET"]}}],"collection":[{"href":"https:\/\/webs.uab.cat\/dretsautor\/wp-json\/wp\/v2\/posts"}],"about":[{"href":"https:\/\/webs.uab.cat\/dretsautor\/wp-json\/wp\/v2\/types\/post"}],"author":[{"embeddable":true,"href":"https:\/\/webs.uab.cat\/dretsautor\/wp-json\/wp\/v2\/users\/1734"}],"replies":[{"embeddable":true,"href":"https:\/\/webs.uab.cat\/dretsautor\/wp-json\/wp\/v2\/comments?post=44"}],"version-history":[{"count":1,"href":"https:\/\/webs.uab.cat\/dretsautor\/wp-json\/wp\/v2\/posts\/44\/revisions"}],"predecessor-version":[{"id":3114,"href":"https:\/\/webs.uab.cat\/dretsautor\/wp-json\/wp\/v2\/posts\/44\/revisions\/3114"}],"wp:attachment":[{"href":"https:\/\/webs.uab.cat\/dretsautor\/wp-json\/wp\/v2\/media?parent=44"}],"wp:term":[{"taxonomy":"category","embeddable":true,"href":"https:\/\/webs.uab.cat\/dretsautor\/wp-json\/wp\/v2\/categories?post=44"},{"taxonomy":"post_tag","embeddable":true,"href":"https:\/\/webs.uab.cat\/dretsautor\/wp-json\/wp\/v2\/tags?post=44"}],"curies":[{"name":"wp","href":"https:\/\/api.w.org\/{rel}","templated":true}]}}