{"id":408,"date":"2021-04-27T15:56:18","date_gmt":"2021-04-27T13:56:18","guid":{"rendered":"https:\/\/blogs.uab.cat\/equipice-infantil-0-6\/?p=408"},"modified":"2021-04-27T15:56:18","modified_gmt":"2021-04-27T13:56:18","slug":"no-es-nomes-anar-al-bosc","status":"publish","type":"post","link":"https:\/\/webs.uab.cat\/equipice-infantil-0-6\/2021\/04\/27\/no-es-nomes-anar-al-bosc\/","title":{"rendered":"No \u00e9s nom\u00e9s anar al bosc"},"content":{"rendered":"<p>Despr\u00e9s de con\u00e8ixer\u00a0 les experi\u00e8ncies que realitzen l\u2019Escola Bressol Can Serra de Cardedeu, l\u2019EBM Pota Roges de Cervell\u00f3 i l\u2019Escola El Puig d\u2019Esparreguera, volem compartir unes reflexions que hem realitzat en el nostre equip.<\/p>\n<p>Sembla que arrel de la pand\u00e8mia sortir a l\u2019aire lliure est\u00e0 de moda, per\u00f2 aquesta necessitat d\u2019estar en contacte amb la natura no \u00e9s nova d\u2019ara, molts anys enrere ja es va fer una aposta molt seriosa per les escoles a l\u2019aire lliure.<\/p>\n<p>Totes sabem que l\u2019any 1914 es va inaugurar l\u2019Escola del Bosc a Barcelona a c\u00e0rrec de Rosa Sensat, va ser la primera de les anomenades \u201cescoles a l\u2019aire lliure\u201d, creades amb finalitats terap\u00e8utiques i pedag\u00f2giques. Un projecte que seguia l\u2019exemple de les Open Air Schools, que van iniciar-se a Alemanya i van formar part d\u2019un moviment d\u2019escoles que es van expandir per Europa i Am\u00e8rica a partir d\u2019aquell moment.<\/p>\n<p><img loading=\"lazy\" decoding=\"async\" class=\"wp-image-410 alignleft\" src=\"https:\/\/webs.uab.cat\/equipice-infantil-0-6\/wp-content\/uploads\/sites\/291\/2021\/04\/IMG_20210422_121154_3.jpg\" alt=\"\" width=\"270\" height=\"281\" srcset=\"https:\/\/webs.uab.cat\/equipice-infantil-0-6\/wp-content\/uploads\/sites\/291\/2021\/04\/IMG_20210422_121154_3.jpg 1790w, https:\/\/webs.uab.cat\/equipice-infantil-0-6\/wp-content\/uploads\/sites\/291\/2021\/04\/IMG_20210422_121154_3-288x300.jpg 288w, https:\/\/webs.uab.cat\/equipice-infantil-0-6\/wp-content\/uploads\/sites\/291\/2021\/04\/IMG_20210422_121154_3-982x1024.jpg 982w, https:\/\/webs.uab.cat\/equipice-infantil-0-6\/wp-content\/uploads\/sites\/291\/2021\/04\/IMG_20210422_121154_3-768x801.jpg 768w, https:\/\/webs.uab.cat\/equipice-infantil-0-6\/wp-content\/uploads\/sites\/291\/2021\/04\/IMG_20210422_121154_3-1473x1536.jpg 1473w, https:\/\/webs.uab.cat\/equipice-infantil-0-6\/wp-content\/uploads\/sites\/291\/2021\/04\/IMG_20210422_121154_3-1200x1251.jpg 1200w\" sizes=\"auto, (max-width: 270px) 100vw, 270px\" \/>Ja fa uns quants anys que s\u2019est\u00e0 tornant a plantejar aquesta proposta i moltes escoles han fet una aposta clara per aquest tipus de projecte.<\/p>\n<p>Ja fa uns quants anys que sembla que les educadores som m\u00e9s conformistes, deixant de fer i actuar per por, per prevenir, per protegir, per les normatives menys flexibles\u2026 i aix\u00f2 ens ha portat a renunciar a moltes oportunitats.<\/p>\n<p>Nosaltres mateixes som les que ens hem posat l\u00edmits i aix\u00f2 repercuteix en els infants. Cal canviar la nostra mirada cap a la inf\u00e0ncia. L\u2019escola no pot estar allunyada del m\u00f3n, de l\u2019entorn en qu\u00e8 viu, no pot ser un lloc on els infants viuen apartats de la realitat que els envolta. El m\u00f3n educatiu moltes vegades viu limitat per les quatre parets de l\u2019escola i, com diu en Tonucci, hem de fer visible la inf\u00e0ncia, i qu\u00e8 millor que obrir les portes i connectar amb la natura, amb l\u2019entorn proper, amb aquella part m\u00e9s primitiva de nosaltres mateixes.<\/p>\n<p>Vivim en un pa\u00eds amb un clima privilegiat, pedagogs, psic\u00f2legs o mestres que ens han visitat durant molts anys, sempre ens han q\u00fcestionat l\u2019estada a l\u2019interior per part de la majoria d\u2019escoles i un contacte amb l\u2019aire lliure limitat en temps i espai.<\/p>\n<p>Sabem i s\u2019ha demostrat que el contacte quotidi\u00e0 amb la natura aporta beneficis a les criatures a tots nivells. Com destaquen <em>Kathia Hueso<\/em> i Emma Camina (*) el contacte amb la natura aporta beneficis clars pel benestar en general i per la salut f\u00edsica, mental i emocional de les criatures, com la millora de la forma f\u00edsica, el refor\u00e7ament del sistema immunitari, la moderaci\u00f3 d\u2019estat d\u2019\u00e0nim&#8230;<\/p>\n<p><img loading=\"lazy\" decoding=\"async\" class=\"wp-image-413 alignright\" src=\"https:\/\/webs.uab.cat\/equipice-infantil-0-6\/wp-content\/uploads\/sites\/291\/2021\/04\/IMG_20210422_115210-scaled-1.jpg\" alt=\"\" width=\"357\" height=\"271\" \/>Quan les criatures es mouen en aquest espai exterior canvia significativament el tipus de joc que realitzen i sorgeix un joc for\u00e7a diferent del que realitzen quan estan en espais tancats. Sorgeixen noves estrat\u00e8gies, la recerca de noves experi\u00e8ncies, m\u00e9s possibilitats de moviment.<\/p>\n<p>Anar al bosc mostra la natura tal i com \u00e9s, sense el filtre de l\u2018adult, els infants aprenen a conviure-hi, a escoltar-lo, gaudir-lo&#8230; i un aspecte molt important a respectar-lo. \u201c<em>Cal con\u00e8ixer per estimar i estimar per cuidar\u201d.<\/em><\/p>\n<p>Viure a l\u2019aire lliure tamb\u00e9 fa que els infants es mostrin molt m\u00e9s aut\u00f2noms, aprenen autoregular-se: posar-se o treure\u2019s la roba en funci\u00f3 dels canvis de temperatura, a gestionar la set, la gana, el fred, la calor, el control d\u2019esf\u00ednters (no \u00e9s el mateix anar al lavabo de l\u2019escola que anar al bosc, hi ha un aprenentatge de qu\u00e8 hem de fer amb els nostres excrements, qu\u00e8 en fem dels residus del paper higi\u00e8nic que utilitzem per netejar-nos&#8230;).<\/p>\n<p>Podr\u00edem destacar molts m\u00e9s aspectes d\u2019aquest contacte quotidi\u00e0 amb la natura per\u00f2 hem volgut enfocar tamb\u00e9 la nostra reflexi\u00f3 cap al paper de l\u2019educadora en aquesta situaci\u00f3. No es tracta d\u2019anar al bosc i campi qui pugui, hi ha uns aspectes que creiem que s\u2019han de tenir en compte:<\/p>\n<ul>\n<li>El primer pas \u00e9s la interioritzaci\u00f3 per part de l\u2019equip de la import\u00e0ncia d\u2019apropar la natura als infants i l\u2019aposta per aquesta mirada respectuosa i amorosa en un context natural.<\/li>\n<li>El coneixement de l\u2019espai, l\u2019itinerari, el terreny, els canvis meteorol\u00f2gics, els espais d\u2019acampada o les particularitats de les esp\u00e8cies naturals de l\u2019entorn s\u00f3n alguns dels detalls que cal organitzar i con\u00e8ixer abans d\u2019iniciar la proposta amb els infants, una manera de valorar els riscos i evitar perills posteriors.<\/li>\n<li>Tamb\u00e9 caldr\u00e0 una formaci\u00f3 pr\u00e8via per part de les educadores per poder actuar davant d\u2019imprevistos o situacions de risc, una formaci\u00f3 relacionada amb la superviv\u00e8ncia que ens ajudar\u00e0 a sentir-nos m\u00e9s segures.<\/li>\n<li>Altre aspecte molt important \u00e9s el fet de compartir la proposta amb les fam\u00edlies, aix\u00f2 ens ajudar\u00e0 a v\u00e8ncer possibles retic\u00e8ncies i a entendre la import\u00e0ncia d\u2019aquesta propost. Una col\u00b7laboraci\u00f3 que ens ajudar\u00e0 a anar ben equipats amb la indument\u00e0ria i els materials suficients per fer que les estades siguin m\u00e9s c\u00f2modes i segures.<\/li>\n<li><img loading=\"lazy\" decoding=\"async\" class=\"wp-image-411 alignright\" src=\"https:\/\/webs.uab.cat\/equipice-infantil-0-6\/wp-content\/uploads\/sites\/291\/2021\/04\/IMG_20210309_173512-scaled-1.jpg\" alt=\"\" width=\"250\" height=\"204\" srcset=\"https:\/\/webs.uab.cat\/equipice-infantil-0-6\/wp-content\/uploads\/sites\/291\/2021\/04\/IMG_20210309_173512-scaled-1.jpg 2560w, https:\/\/webs.uab.cat\/equipice-infantil-0-6\/wp-content\/uploads\/sites\/291\/2021\/04\/IMG_20210309_173512-scaled-1-300x243.jpg 300w, https:\/\/webs.uab.cat\/equipice-infantil-0-6\/wp-content\/uploads\/sites\/291\/2021\/04\/IMG_20210309_173512-scaled-1-1024x831.jpg 1024w, https:\/\/webs.uab.cat\/equipice-infantil-0-6\/wp-content\/uploads\/sites\/291\/2021\/04\/IMG_20210309_173512-scaled-1-768x623.jpg 768w, https:\/\/webs.uab.cat\/equipice-infantil-0-6\/wp-content\/uploads\/sites\/291\/2021\/04\/IMG_20210309_173512-scaled-1-1536x1246.jpg 1536w, https:\/\/webs.uab.cat\/equipice-infantil-0-6\/wp-content\/uploads\/sites\/291\/2021\/04\/IMG_20210309_173512-scaled-1-2048x1662.jpg 2048w, https:\/\/webs.uab.cat\/equipice-infantil-0-6\/wp-content\/uploads\/sites\/291\/2021\/04\/IMG_20210309_173512-scaled-1-1200x974.jpg 1200w, https:\/\/webs.uab.cat\/equipice-infantil-0-6\/wp-content\/uploads\/sites\/291\/2021\/04\/IMG_20210309_173512-scaled-1-1980x1606.jpg 1980w\" sizes=\"auto, (max-width: 250px) 100vw, 250px\" \/>Mentre som al bosc amb les criatures, igual que quan estem a l\u2019escola, cal una\u00a0 actitud molt atenta d\u2019observaci\u00f3 i escolta per captar all\u00f2 que passa, els interessos, les petites descobertes, posar paraules, mostrar inter\u00e8s, q\u00fcestionar&#8230; i volem destacar una funci\u00f3 molt espec\u00edfica en aquest entorn natural: \u201cl\u2019<em>ecoalfabetitzaci\u00f3\u201d.<\/em> Un concepte que pret\u00e9n apropar-nos a la natura amb propietat; les plantes, els insectes, els ocells, els animals, les muntanyes&#8230; cada esp\u00e8cie te un nom propi i com a \u00e9sser que conviu entre nosaltres cal con\u00e8ixer i oferir la possibilitats perqu\u00e8 els infants descobreixin. Ens cal un repertori ampli de materials que possibilitin el reconeixement i la descoberta (llibres de natura, apps de plantes, animals, muntanyes, lupes, prism\u00e0tics&#8230;).<\/li>\n<\/ul>\n<p><strong>Un aprenentatge conjunt entre infants i educadores.<\/strong><\/p>\n<p>&nbsp;<\/p>\n<p><strong><em>Carolina Palacios, Montserrat Montoriol, Judit Sard\u00e0 i Pep Llenas a partir de les reflexions de l\u2019equip 0-6 de l\u2019ICE de la UAB<\/em><\/strong><\/p>\n<p>&nbsp;<\/p>\n<p>(*) K.Hueso i E.Camina. 2014. <a href=\"https:\/\/www.miteco.gob.es\/es\/ceneam\/articulos-de-opinion\/2015-02-katia-hueso_tcm30-163651.pdf\" target=\"_blank\" rel=\"noopener\">La educaci\u00f3n temprana en la naturaleza: Una inversi\u00f3n en calidad de vida, sostenibilidad y salud.<\/a> Comunicaci\u00f3 presentada en el CONANA 2014. ISBN 978-84-697-2060-8<\/p>\n","protected":false},"excerpt":{"rendered":"<p>Despr\u00e9s de con\u00e8ixer\u00a0 les experi\u00e8ncies que realitzen l\u2019Escola Bressol Can Serra de Cardedeu, l\u2019EBM Pota Roges de Cervell\u00f3 i l\u2019Escola El Puig d\u2019Esparreguera, volem compartir unes reflexions que hem realitzat en el nostre equip. Sembla que arrel de la pand\u00e8mia sortir a l\u2019aire lliure est\u00e0 de moda, per\u00f2 aquesta necessitat d\u2019estar en contacte amb la [&hellip;]<\/p>\n","protected":false},"author":1313,"featured_media":409,"comment_status":"open","ping_status":"open","sticky":false,"template":"","format":"standard","meta":{"footnotes":""},"categories":[1],"tags":[3,5,7,9],"class_list":["post-408","post","type-post","status-publish","format-standard","has-post-thumbnail","hentry","category-general","tag-educacio0-6","tag-espais-exteriors","tag-natura","tag-transformacio"],"_links":{"self":[{"href":"https:\/\/webs.uab.cat\/equipice-infantil-0-6\/wp-json\/wp\/v2\/posts\/408","targetHints":{"allow":["GET"]}}],"collection":[{"href":"https:\/\/webs.uab.cat\/equipice-infantil-0-6\/wp-json\/wp\/v2\/posts"}],"about":[{"href":"https:\/\/webs.uab.cat\/equipice-infantil-0-6\/wp-json\/wp\/v2\/types\/post"}],"author":[{"embeddable":true,"href":"https:\/\/webs.uab.cat\/equipice-infantil-0-6\/wp-json\/wp\/v2\/users\/1313"}],"replies":[{"embeddable":true,"href":"https:\/\/webs.uab.cat\/equipice-infantil-0-6\/wp-json\/wp\/v2\/comments?post=408"}],"version-history":[{"count":0,"href":"https:\/\/webs.uab.cat\/equipice-infantil-0-6\/wp-json\/wp\/v2\/posts\/408\/revisions"}],"wp:featuredmedia":[{"embeddable":true,"href":"https:\/\/webs.uab.cat\/equipice-infantil-0-6\/wp-json\/wp\/v2\/media\/409"}],"wp:attachment":[{"href":"https:\/\/webs.uab.cat\/equipice-infantil-0-6\/wp-json\/wp\/v2\/media?parent=408"}],"wp:term":[{"taxonomy":"category","embeddable":true,"href":"https:\/\/webs.uab.cat\/equipice-infantil-0-6\/wp-json\/wp\/v2\/categories?post=408"},{"taxonomy":"post_tag","embeddable":true,"href":"https:\/\/webs.uab.cat\/equipice-infantil-0-6\/wp-json\/wp\/v2\/tags?post=408"}],"curies":[{"name":"wp","href":"https:\/\/api.w.org\/{rel}","templated":true}]}}