{"id":405,"date":"2025-05-28T03:41:16","date_gmt":"2025-05-28T01:41:16","guid":{"rendered":"https:\/\/webs.uab.cat\/esbn\/?p=405"},"modified":"2025-05-28T16:36:01","modified_gmt":"2025-05-28T14:36:01","slug":"taller-3-lanzamiento-del-catalogo","status":"publish","type":"post","link":"https:\/\/webs.uab.cat\/esbn\/2025\/05\/28\/taller-3-lanzamiento-del-catalogo\/","title":{"rendered":"Taller 3: Lanzamiento del Cat\u00e1logo de las SBN para la adaptaci\u00f3n al Cambio Clim\u00e1tico en Espa\u00f1a"},"content":{"rendered":"\n<figure class=\"wp-block-embed is-type-video is-provider-youtube wp-block-embed-youtube wp-embed-aspect-16-9 wp-has-aspect-ratio\"><div class=\"wp-block-embed__wrapper\">\n<iframe loading=\"lazy\" title=\"Taller online: \u201cCat\u00e1logo de las SBN para la adaptaci\u00f3n al Cambio Clim\u00e1tico en Espa\u00f1a\u201d\" width=\"580\" height=\"326\" src=\"https:\/\/www.youtube.com\/embed\/j0F2W2RTBcY?feature=oembed\" frameborder=\"0\" allow=\"accelerometer; autoplay; clipboard-write; encrypted-media; gyroscope; picture-in-picture; web-share\" referrerpolicy=\"strict-origin-when-cross-origin\" allowfullscreen><\/iframe>\n<\/div><\/figure>\n\n\n\n<div class=\"wp-block-buttons is-content-justification-center is-layout-flex wp-container-core-buttons-is-layout-fe48e5de wp-block-buttons-is-layout-flex\">\n<div class=\"wp-block-button\"><a class=\"wp-block-button__link wp-element-button\" href=\"https:\/\/webs.uab.cat\/esbn\/wp-content\/uploads\/sites\/607\/2025\/05\/Presentacion_Taller-3_ESBN.pdf\" target=\"_blank\" rel=\"noreferrer noopener\">DESCARGA LA PRESENTACI\u00d3N<\/a><\/div>\n<\/div>\n\n\n\n<p class=\"wp-block-paragraph\">El evento present\u00f3 el <a href=\"https:\/\/jamaal3992.softr.app\/\" target=\"_blank\" rel=\"noreferrer noopener\">Cat\u00e1logo de Soluciones Basadas en la Naturaleza (SBN) <\/a>desarrollado en el marco del proyecto <a href=\"https:\/\/webs.uab.cat\/esbn\/\">E:SBN \u2013 Sistematizaci\u00f3n de soluciones basadas en naturaleza en Espa\u00f1a.<\/a><\/p>\n\n\n\n<p class=\"wp-block-paragraph\">El objetivo fue dar a conocer una recopilaci\u00f3n exhaustiva de iniciativas que utilizan la soluciones basadas en la naturaleza como aliadas para hacer frente a los impactos del cambio clim\u00e1tico, adaptadas a las caracter\u00edsticas y necesidades de distintos territorios del pa\u00eds.<\/p>\n\n\n\n<p class=\"wp-block-paragraph\">Este cat\u00e1logo pretende ser una herramienta de referencia para administraciones, profesionales y ciudadan\u00eda interesada en implementar acciones efectivas, replicables y sostenibles frente al cambio clim\u00e1tico.<\/p>\n\n\n\n<h3 class=\"wp-block-heading\">FOTOS<\/h3>\n\n\n\n<hr class=\"wp-block-separator has-alpha-channel-opacity\" \/>\n\n\n\n<div id='gallery-1' class='gallery galleryid-405 gallery-columns-3 gallery-size-thumbnail'><figure class='gallery-item'>\n\t\t\t<div class='gallery-icon landscape'>\n\t\t\t\t<a href='https:\/\/webs.uab.cat\/esbn\/2025\/05\/28\/taller-3-lanzamiento-del-catalogo\/whatsapp-image-2025-05-28-at-10-53-18\/'><img loading=\"lazy\" decoding=\"async\" width=\"150\" height=\"150\" src=\"https:\/\/webs.uab.cat\/esbn\/wp-content\/uploads\/sites\/607\/2025\/05\/WhatsApp-Image-2025-05-28-at-10.53.18-150x150.jpeg\" class=\"attachment-thumbnail size-thumbnail\" alt=\"\" \/><\/a>\n\t\t\t<\/div><\/figure><figure class='gallery-item'>\n\t\t\t<div class='gallery-icon landscape'>\n\t\t\t\t<a href='https:\/\/webs.uab.cat\/esbn\/2025\/05\/28\/taller-3-lanzamiento-del-catalogo\/whatsapp-image-2025-05-28-at-11-31-11\/'><img loading=\"lazy\" decoding=\"async\" width=\"150\" height=\"150\" src=\"https:\/\/webs.uab.cat\/esbn\/wp-content\/uploads\/sites\/607\/2025\/05\/WhatsApp-Image-2025-05-28-at-11.31.11-150x150.jpeg\" class=\"attachment-thumbnail size-thumbnail\" alt=\"\" \/><\/a>\n\t\t\t<\/div><\/figure><figure class='gallery-item'>\n\t\t\t<div class='gallery-icon landscape'>\n\t\t\t\t<a href='https:\/\/webs.uab.cat\/esbn\/2025\/05\/28\/taller-3-lanzamiento-del-catalogo\/img_9463\/'><img loading=\"lazy\" decoding=\"async\" width=\"150\" height=\"150\" src=\"https:\/\/webs.uab.cat\/esbn\/wp-content\/uploads\/sites\/607\/2025\/05\/IMG_9463-150x150.jpg\" class=\"attachment-thumbnail size-thumbnail\" alt=\"\" \/><\/a>\n\t\t\t<\/div><\/figure>\n\t\t<\/div>\n\n\n\n\n<p class=\"wp-block-paragraph\"><\/p>\n\n\n\n<h3 class=\"wp-block-heading\">AGENDA<\/h3>\n\n\n\n<hr class=\"wp-block-separator has-alpha-channel-opacity\" \/>\n\n\n\n<p class=\"wp-block-paragraph\"><strong>10:00 &#8211; 10:05 <\/strong>| Bienvenida. El proyecto ESBN (Johannes Langemeyer \u2013 <em>IP ESBN, ICTA UAB<\/em>)\u202f&nbsp;<\/p>\n\n\n\n<p class=\"wp-block-paragraph\"><strong>10:05 \u2013 10:20 <\/strong>|\u202fVisi\u00f3n de las SBN para la implementaci\u00f3n del PNACC-2. (Patricia<br>Klett- Subdirecci\u00f3n General de Adaptaci\u00f3n al Cambio Clim\u00e1tico de la Oficina<br>Espa\u00f1ola de Cambio Clim\u00e1tico).<\/p>\n\n\n\n<p class=\"wp-block-paragraph\"> \u202f&nbsp;<strong>10:20<\/strong> <strong>\u2013 11:00 <\/strong>| Ejemplos de buenas pr\u00e1cticas\u202fde SBN para la adaptaci\u00f3n al cambio clim\u00e1tico implementadas en Espa\u00f1a (presentadas por colaboradores del proyecto ESBN)<\/p>\n\n\n\n<ul class=\"wp-block-list\">\n<li>Carla Garcia Lozano (Universitat de Girona -UdG) &#8211; <em>Life La Pletera<\/em><\/li>\n<\/ul>\n\n\n\n<ul class=\"wp-block-list\">\n<li>Jara Febrer &amp; Cristina Gomila (GOB-Menorca) \u2013 <em>Cust\u00f2dia Agraria<\/em><\/li>\n<\/ul>\n\n\n\n<ul class=\"wp-block-list\">\n<li>Eva Garcia Balaguer (Observatorio Pirenaico del Cambio Clim\u00e1tico, OPCC) &#8211; <em>Phusicos<\/em><\/li>\n<\/ul>\n\n\n\n<ul class=\"wp-block-list\">\n<li>Alfredo Ollero Ojeda (Universidad de Zaragoza) \u2013 <em>Life<\/em> <em>Ebro Resilience<\/em> <em>P1<\/em><\/li>\n<\/ul>\n\n\n\n<ul class=\"wp-block-list\">\n<li>Esther S\u00e1nchez (Universidad de Alicante -UA) &#8211; <em>Parque de inundaci\u00f3n la Marjal<\/em>. &nbsp;<\/li>\n<\/ul>\n\n\n\n<p class=\"wp-block-paragraph\"><strong>11:00 &#8211; 11:15<\/strong> | Introducci\u00f3n al cat\u00e1logo ESBN (Anna Mar\u00edn-Puig \u2013 <em>ICTA UAB<\/em>)\u202f&nbsp;<\/p>\n\n\n\n<p class=\"wp-block-paragraph\"><strong>11:15 &#8211; 11:55 | <\/strong>Presentaci\u00f3n invitados y mesa redonda.&nbsp;&nbsp;<\/p>\n\n\n\n<p class=\"wp-block-paragraph\"><strong>Invitados: <\/strong>&nbsp;<\/p>\n\n\n\n<ul class=\"wp-block-list\">\n<li>Laura Guti\u00e9rrez &#8211; <em>Ihobe<\/em>&nbsp;<\/li>\n\n\n\n<li>Mar\u00eda Melero &#8211; <em>WWF<\/em><\/li>\n\n\n\n<li>M\u00aa del Rosario del Caz Enjuto (<em>Universidad de Valladolid<\/em>)<\/li>\n\n\n\n<li>Anna Lloveras &#8211; <em>OceanEcostructures<\/em>&nbsp;&nbsp;<\/li>\n<\/ul>\n\n\n\n<p class=\"wp-block-paragraph\"><\/p>\n","protected":false},"excerpt":{"rendered":"<p>Lanzamiento del cat\u00e1logo que recopila de manera exhaustiva iniciativas que utilizan la soluciones basadas en la naturaleza como aliadas para hacer frente a los impactos del cambio clim\u00e1tico.<\/p>\n","protected":false},"author":2902,"featured_media":428,"comment_status":"closed","ping_status":"closed","sticky":false,"template":"","format":"standard","meta":{"footnotes":""},"categories":[4],"tags":[],"class_list":["post-405","post","type-post","status-publish","format-standard","has-post-thumbnail","hentry","category-talleres"],"yoast_head":"<!-- This site is optimized with the Yoast SEO plugin v26.8 - https:\/\/yoast.com\/product\/yoast-seo-wordpress\/ -->\n<title>Taller 3: Lanzamiento del Cat\u00e1logo de las SBN para la adaptaci\u00f3n al Cambio Clim\u00e1tico en Espa\u00f1a - E:SBN<\/title>\n<meta name=\"description\" content=\"Este evento presenta el Cat\u00e1logo de Soluciones Basadas en la Naturaleza (SBN) desarrollado en el marco del proyecto E:SBN \u2013 Sistematizaci\u00f3n de soluciones basadas en naturaleza en Espa\u00f1a.\" \/>\n<meta name=\"robots\" content=\"index, follow, max-snippet:-1, max-image-preview:large, max-video-preview:-1\" \/>\n<link rel=\"canonical\" href=\"https:\/\/webs.uab.cat\/esbn\/2025\/05\/28\/taller-3-lanzamiento-del-catalogo\/\" \/>\n<meta property=\"og:locale\" content=\"es_ES\" \/>\n<meta property=\"og:type\" content=\"article\" \/>\n<meta property=\"og:title\" content=\"Taller 3: Lanzamiento del Cat\u00e1logo de las SBN para la adaptaci\u00f3n al Cambio Clim\u00e1tico en Espa\u00f1a - E:SBN\" \/>\n<meta property=\"og:description\" content=\"Este evento presenta el Cat\u00e1logo de Soluciones Basadas en la Naturaleza (SBN) desarrollado en el marco del proyecto E:SBN \u2013 Sistematizaci\u00f3n de soluciones basadas en naturaleza en Espa\u00f1a.\" \/>\n<meta property=\"og:url\" content=\"https:\/\/webs.uab.cat\/esbn\/2025\/05\/28\/taller-3-lanzamiento-del-catalogo\/\" \/>\n<meta property=\"og:site_name\" content=\"E:SBN\" \/>\n<meta property=\"article:published_time\" content=\"2025-05-28T01:41:16+00:00\" \/>\n<meta property=\"article:modified_time\" content=\"2025-05-28T14:36:01+00:00\" \/>\n<meta property=\"og:image\" content=\"https:\/\/webs.uab.cat\/esbn\/wp-content\/uploads\/sites\/607\/2025\/05\/POster.jpg\" \/>\n\t<meta property=\"og:image:width\" content=\"965\" \/>\n\t<meta property=\"og:image:height\" content=\"571\" \/>\n\t<meta property=\"og:image:type\" content=\"image\/jpeg\" \/>\n<meta name=\"author\" content=\"Thal\u00eda Dancuart\" \/>\n<meta name=\"twitter:card\" content=\"summary_large_image\" \/>\n<meta name=\"twitter:label1\" content=\"Escrito por\" \/>\n\t<meta name=\"twitter:data1\" content=\"Thal\u00eda Dancuart\" \/>\n\t<meta name=\"twitter:label2\" content=\"Tiempo de lectura\" \/>\n\t<meta name=\"twitter:data2\" content=\"2 minutos\" \/>\n<script type=\"application\/ld+json\" class=\"yoast-schema-graph\">{\"@context\":\"https:\/\/schema.org\",\"@graph\":[{\"@type\":\"Article\",\"@id\":\"https:\/\/webs.uab.cat\/esbn\/2025\/05\/28\/taller-3-lanzamiento-del-catalogo\/#article\",\"isPartOf\":{\"@id\":\"https:\/\/webs.uab.cat\/esbn\/2025\/05\/28\/taller-3-lanzamiento-del-catalogo\/\"},\"author\":{\"name\":\"Thal\u00eda Dancuart\",\"@id\":\"https:\/\/webs.uab.cat\/esbn\/#\/schema\/person\/8fbd40d9f26e904ac086a14cbd7f9fdf\"},\"headline\":\"Taller 3: Lanzamiento del Cat\u00e1logo de las SBN para la adaptaci\u00f3n al Cambio Clim\u00e1tico en Espa\u00f1a\",\"datePublished\":\"2025-05-28T01:41:16+00:00\",\"dateModified\":\"2025-05-28T14:36:01+00:00\",\"mainEntityOfPage\":{\"@id\":\"https:\/\/webs.uab.cat\/esbn\/2025\/05\/28\/taller-3-lanzamiento-del-catalogo\/\"},\"wordCount\":320,\"image\":{\"@id\":\"https:\/\/webs.uab.cat\/esbn\/2025\/05\/28\/taller-3-lanzamiento-del-catalogo\/#primaryimage\"},\"thumbnailUrl\":\"https:\/\/webs.uab.cat\/esbn\/wp-content\/uploads\/sites\/607\/2025\/05\/POster.jpg\",\"articleSection\":[\"Talleres\"],\"inLanguage\":\"es\"},{\"@type\":\"WebPage\",\"@id\":\"https:\/\/webs.uab.cat\/esbn\/2025\/05\/28\/taller-3-lanzamiento-del-catalogo\/\",\"url\":\"https:\/\/webs.uab.cat\/esbn\/2025\/05\/28\/taller-3-lanzamiento-del-catalogo\/\",\"name\":\"Taller 3: Lanzamiento del Cat\u00e1logo de las SBN para la adaptaci\u00f3n al Cambio Clim\u00e1tico en Espa\u00f1a - E:SBN\",\"isPartOf\":{\"@id\":\"https:\/\/webs.uab.cat\/esbn\/#website\"},\"primaryImageOfPage\":{\"@id\":\"https:\/\/webs.uab.cat\/esbn\/2025\/05\/28\/taller-3-lanzamiento-del-catalogo\/#primaryimage\"},\"image\":{\"@id\":\"https:\/\/webs.uab.cat\/esbn\/2025\/05\/28\/taller-3-lanzamiento-del-catalogo\/#primaryimage\"},\"thumbnailUrl\":\"https:\/\/webs.uab.cat\/esbn\/wp-content\/uploads\/sites\/607\/2025\/05\/POster.jpg\",\"datePublished\":\"2025-05-28T01:41:16+00:00\",\"dateModified\":\"2025-05-28T14:36:01+00:00\",\"author\":{\"@id\":\"https:\/\/webs.uab.cat\/esbn\/#\/schema\/person\/8fbd40d9f26e904ac086a14cbd7f9fdf\"},\"description\":\"Este evento presenta el Cat\u00e1logo de Soluciones Basadas en la Naturaleza (SBN) desarrollado en el marco del proyecto E:SBN \u2013 Sistematizaci\u00f3n de soluciones basadas en naturaleza en Espa\u00f1a.\",\"breadcrumb\":{\"@id\":\"https:\/\/webs.uab.cat\/esbn\/2025\/05\/28\/taller-3-lanzamiento-del-catalogo\/#breadcrumb\"},\"inLanguage\":\"es\",\"potentialAction\":[{\"@type\":\"ReadAction\",\"target\":[\"https:\/\/webs.uab.cat\/esbn\/2025\/05\/28\/taller-3-lanzamiento-del-catalogo\/\"]}]},{\"@type\":\"ImageObject\",\"inLanguage\":\"es\",\"@id\":\"https:\/\/webs.uab.cat\/esbn\/2025\/05\/28\/taller-3-lanzamiento-del-catalogo\/#primaryimage\",\"url\":\"https:\/\/webs.uab.cat\/esbn\/wp-content\/uploads\/sites\/607\/2025\/05\/POster.jpg\",\"contentUrl\":\"https:\/\/webs.uab.cat\/esbn\/wp-content\/uploads\/sites\/607\/2025\/05\/POster.jpg\",\"width\":965,\"height\":571},{\"@type\":\"BreadcrumbList\",\"@id\":\"https:\/\/webs.uab.cat\/esbn\/2025\/05\/28\/taller-3-lanzamiento-del-catalogo\/#breadcrumb\",\"itemListElement\":[{\"@type\":\"ListItem\",\"position\":1,\"name\":\"Home\",\"item\":\"https:\/\/webs.uab.cat\/esbn\/\"},{\"@type\":\"ListItem\",\"position\":2,\"name\":\"Taller 3: Lanzamiento del Cat\u00e1logo de las SBN para la adaptaci\u00f3n al Cambio Clim\u00e1tico en Espa\u00f1a\"}]},{\"@type\":\"WebSite\",\"@id\":\"https:\/\/webs.uab.cat\/esbn\/#website\",\"url\":\"https:\/\/webs.uab.cat\/esbn\/\",\"name\":\"E:SBN\",\"description\":\"Sistematizaci\u00f3n de las SbN en Espa\u00f1a\",\"potentialAction\":[{\"@type\":\"SearchAction\",\"target\":{\"@type\":\"EntryPoint\",\"urlTemplate\":\"https:\/\/webs.uab.cat\/esbn\/?s={search_term_string}\"},\"query-input\":{\"@type\":\"PropertyValueSpecification\",\"valueRequired\":true,\"valueName\":\"search_term_string\"}}],\"inLanguage\":\"es\"},{\"@type\":\"Person\",\"@id\":\"https:\/\/webs.uab.cat\/esbn\/#\/schema\/person\/8fbd40d9f26e904ac086a14cbd7f9fdf\",\"name\":\"Thal\u00eda Dancuart\",\"image\":{\"@type\":\"ImageObject\",\"inLanguage\":\"es\",\"@id\":\"https:\/\/webs.uab.cat\/esbn\/#\/schema\/person\/image\/\",\"url\":\"https:\/\/secure.gravatar.com\/avatar\/4f2726d76363b95d9b43de9fac17a8cb634bc9b617a8e1e038ef449e6b610503?s=96&d=mm&r=g\",\"contentUrl\":\"https:\/\/secure.gravatar.com\/avatar\/4f2726d76363b95d9b43de9fac17a8cb634bc9b617a8e1e038ef449e6b610503?s=96&d=mm&r=g\",\"caption\":\"Thal\u00eda Dancuart\"},\"url\":\"https:\/\/webs.uab.cat\/esbn\/author\/1688178\/\"}]}<\/script>\n<!-- \/ Yoast SEO plugin. -->","yoast_head_json":{"title":"Taller 3: Lanzamiento del Cat\u00e1logo de las SBN para la adaptaci\u00f3n al Cambio Clim\u00e1tico en Espa\u00f1a - E:SBN","description":"Este evento presenta el Cat\u00e1logo de Soluciones Basadas en la Naturaleza (SBN) desarrollado en el marco del proyecto E:SBN \u2013 Sistematizaci\u00f3n de soluciones basadas en naturaleza en Espa\u00f1a.","robots":{"index":"index","follow":"follow","max-snippet":"max-snippet:-1","max-image-preview":"max-image-preview:large","max-video-preview":"max-video-preview:-1"},"canonical":"https:\/\/webs.uab.cat\/esbn\/2025\/05\/28\/taller-3-lanzamiento-del-catalogo\/","og_locale":"es_ES","og_type":"article","og_title":"Taller 3: Lanzamiento del Cat\u00e1logo de las SBN para la adaptaci\u00f3n al Cambio Clim\u00e1tico en Espa\u00f1a - E:SBN","og_description":"Este evento presenta el Cat\u00e1logo de Soluciones Basadas en la Naturaleza (SBN) desarrollado en el marco del proyecto E:SBN \u2013 Sistematizaci\u00f3n de soluciones basadas en naturaleza en Espa\u00f1a.","og_url":"https:\/\/webs.uab.cat\/esbn\/2025\/05\/28\/taller-3-lanzamiento-del-catalogo\/","og_site_name":"E:SBN","article_published_time":"2025-05-28T01:41:16+00:00","article_modified_time":"2025-05-28T14:36:01+00:00","og_image":[{"width":965,"height":571,"url":"https:\/\/webs.uab.cat\/esbn\/wp-content\/uploads\/sites\/607\/2025\/05\/POster.jpg","type":"image\/jpeg"}],"author":"Thal\u00eda Dancuart","twitter_card":"summary_large_image","twitter_misc":{"Escrito por":"Thal\u00eda Dancuart","Tiempo de lectura":"2 minutos"},"schema":{"@context":"https:\/\/schema.org","@graph":[{"@type":"Article","@id":"https:\/\/webs.uab.cat\/esbn\/2025\/05\/28\/taller-3-lanzamiento-del-catalogo\/#article","isPartOf":{"@id":"https:\/\/webs.uab.cat\/esbn\/2025\/05\/28\/taller-3-lanzamiento-del-catalogo\/"},"author":{"name":"Thal\u00eda Dancuart","@id":"https:\/\/webs.uab.cat\/esbn\/#\/schema\/person\/8fbd40d9f26e904ac086a14cbd7f9fdf"},"headline":"Taller 3: Lanzamiento del Cat\u00e1logo de las SBN para la adaptaci\u00f3n al Cambio Clim\u00e1tico en Espa\u00f1a","datePublished":"2025-05-28T01:41:16+00:00","dateModified":"2025-05-28T14:36:01+00:00","mainEntityOfPage":{"@id":"https:\/\/webs.uab.cat\/esbn\/2025\/05\/28\/taller-3-lanzamiento-del-catalogo\/"},"wordCount":320,"image":{"@id":"https:\/\/webs.uab.cat\/esbn\/2025\/05\/28\/taller-3-lanzamiento-del-catalogo\/#primaryimage"},"thumbnailUrl":"https:\/\/webs.uab.cat\/esbn\/wp-content\/uploads\/sites\/607\/2025\/05\/POster.jpg","articleSection":["Talleres"],"inLanguage":"es"},{"@type":"WebPage","@id":"https:\/\/webs.uab.cat\/esbn\/2025\/05\/28\/taller-3-lanzamiento-del-catalogo\/","url":"https:\/\/webs.uab.cat\/esbn\/2025\/05\/28\/taller-3-lanzamiento-del-catalogo\/","name":"Taller 3: Lanzamiento del Cat\u00e1logo de las SBN para la adaptaci\u00f3n al Cambio Clim\u00e1tico en Espa\u00f1a - E:SBN","isPartOf":{"@id":"https:\/\/webs.uab.cat\/esbn\/#website"},"primaryImageOfPage":{"@id":"https:\/\/webs.uab.cat\/esbn\/2025\/05\/28\/taller-3-lanzamiento-del-catalogo\/#primaryimage"},"image":{"@id":"https:\/\/webs.uab.cat\/esbn\/2025\/05\/28\/taller-3-lanzamiento-del-catalogo\/#primaryimage"},"thumbnailUrl":"https:\/\/webs.uab.cat\/esbn\/wp-content\/uploads\/sites\/607\/2025\/05\/POster.jpg","datePublished":"2025-05-28T01:41:16+00:00","dateModified":"2025-05-28T14:36:01+00:00","author":{"@id":"https:\/\/webs.uab.cat\/esbn\/#\/schema\/person\/8fbd40d9f26e904ac086a14cbd7f9fdf"},"description":"Este evento presenta el Cat\u00e1logo de Soluciones Basadas en la Naturaleza (SBN) desarrollado en el marco del proyecto E:SBN \u2013 Sistematizaci\u00f3n de soluciones basadas en naturaleza en Espa\u00f1a.","breadcrumb":{"@id":"https:\/\/webs.uab.cat\/esbn\/2025\/05\/28\/taller-3-lanzamiento-del-catalogo\/#breadcrumb"},"inLanguage":"es","potentialAction":[{"@type":"ReadAction","target":["https:\/\/webs.uab.cat\/esbn\/2025\/05\/28\/taller-3-lanzamiento-del-catalogo\/"]}]},{"@type":"ImageObject","inLanguage":"es","@id":"https:\/\/webs.uab.cat\/esbn\/2025\/05\/28\/taller-3-lanzamiento-del-catalogo\/#primaryimage","url":"https:\/\/webs.uab.cat\/esbn\/wp-content\/uploads\/sites\/607\/2025\/05\/POster.jpg","contentUrl":"https:\/\/webs.uab.cat\/esbn\/wp-content\/uploads\/sites\/607\/2025\/05\/POster.jpg","width":965,"height":571},{"@type":"BreadcrumbList","@id":"https:\/\/webs.uab.cat\/esbn\/2025\/05\/28\/taller-3-lanzamiento-del-catalogo\/#breadcrumb","itemListElement":[{"@type":"ListItem","position":1,"name":"Home","item":"https:\/\/webs.uab.cat\/esbn\/"},{"@type":"ListItem","position":2,"name":"Taller 3: Lanzamiento del Cat\u00e1logo de las SBN para la adaptaci\u00f3n al Cambio Clim\u00e1tico en Espa\u00f1a"}]},{"@type":"WebSite","@id":"https:\/\/webs.uab.cat\/esbn\/#website","url":"https:\/\/webs.uab.cat\/esbn\/","name":"E:SBN","description":"Sistematizaci\u00f3n de las SbN en Espa\u00f1a","potentialAction":[{"@type":"SearchAction","target":{"@type":"EntryPoint","urlTemplate":"https:\/\/webs.uab.cat\/esbn\/?s={search_term_string}"},"query-input":{"@type":"PropertyValueSpecification","valueRequired":true,"valueName":"search_term_string"}}],"inLanguage":"es"},{"@type":"Person","@id":"https:\/\/webs.uab.cat\/esbn\/#\/schema\/person\/8fbd40d9f26e904ac086a14cbd7f9fdf","name":"Thal\u00eda Dancuart","image":{"@type":"ImageObject","inLanguage":"es","@id":"https:\/\/webs.uab.cat\/esbn\/#\/schema\/person\/image\/","url":"https:\/\/secure.gravatar.com\/avatar\/4f2726d76363b95d9b43de9fac17a8cb634bc9b617a8e1e038ef449e6b610503?s=96&d=mm&r=g","contentUrl":"https:\/\/secure.gravatar.com\/avatar\/4f2726d76363b95d9b43de9fac17a8cb634bc9b617a8e1e038ef449e6b610503?s=96&d=mm&r=g","caption":"Thal\u00eda Dancuart"},"url":"https:\/\/webs.uab.cat\/esbn\/author\/1688178\/"}]}},"_links":{"self":[{"href":"https:\/\/webs.uab.cat\/esbn\/wp-json\/wp\/v2\/posts\/405","targetHints":{"allow":["GET"]}}],"collection":[{"href":"https:\/\/webs.uab.cat\/esbn\/wp-json\/wp\/v2\/posts"}],"about":[{"href":"https:\/\/webs.uab.cat\/esbn\/wp-json\/wp\/v2\/types\/post"}],"author":[{"embeddable":true,"href":"https:\/\/webs.uab.cat\/esbn\/wp-json\/wp\/v2\/users\/2902"}],"replies":[{"embeddable":true,"href":"https:\/\/webs.uab.cat\/esbn\/wp-json\/wp\/v2\/comments?post=405"}],"version-history":[{"count":17,"href":"https:\/\/webs.uab.cat\/esbn\/wp-json\/wp\/v2\/posts\/405\/revisions"}],"predecessor-version":[{"id":468,"href":"https:\/\/webs.uab.cat\/esbn\/wp-json\/wp\/v2\/posts\/405\/revisions\/468"}],"wp:featuredmedia":[{"embeddable":true,"href":"https:\/\/webs.uab.cat\/esbn\/wp-json\/wp\/v2\/media\/428"}],"wp:attachment":[{"href":"https:\/\/webs.uab.cat\/esbn\/wp-json\/wp\/v2\/media?parent=405"}],"wp:term":[{"taxonomy":"category","embeddable":true,"href":"https:\/\/webs.uab.cat\/esbn\/wp-json\/wp\/v2\/categories?post=405"},{"taxonomy":"post_tag","embeddable":true,"href":"https:\/\/webs.uab.cat\/esbn\/wp-json\/wp\/v2\/tags?post=405"}],"curies":[{"name":"wp","href":"https:\/\/api.w.org\/{rel}","templated":true}]}}