{"id":152,"date":"2023-10-05T12:03:54","date_gmt":"2023-10-05T10:03:54","guid":{"rendered":"https:\/\/webs.uab.cat\/gehuct\/?p=152"},"modified":"2025-02-04T14:42:15","modified_gmt":"2025-02-04T12:42:15","slug":"francesc-borrell","status":"publish","type":"post","link":"https:\/\/webs.uab.cat\/gehuct\/es\/2023\/10\/05\/francesc-borrell\/","title":{"rendered":"Francesc Borrell"},"content":{"rendered":"\n<p>Francisco Borrell i Carri\u00f3 es Doctor en Medicina, especialista en Medicina Familiar y Comunit\u00e0ria (EAP Gavarra , Institut Catal\u00e0 de la Salut). Profesor titular de Medicina Familiar y Comunit\u00e0ria de la Facultat de Medicina de la Universitat de Barcelona, as\u00ed como profesor colaborador de: IES , Fundaci\u00f3n Ciencias de la Salud , Master Bio\u00e9tica de la Universidad Complutense de Madrid , Instituto Borja de Bio\u00e9tica , UIMP y Escuela Andaluza de Salud P\u00fablica.<\/p>\n\n\n\n<p>Autor de numerosos art\u00edculos y varios libros de comunicaci\u00f3n asistencial y humana, destacando (diversas ediciones): \u201cEntrevista Cl\u00ednica\u201d, Ediciones SEMFyC , 2004; \u201cC\u00f3mo Trabajar en Equipo\u201d . Ed Planeta Agostini, 2001 y \u201cPr\u00e1ctica cl\u00ednica centrada en el paciente \u201c, Ed. Triacastela 2012.<\/p>\n\n\n\n<p>Miembro del Comit\u00e9 Bio\u00e9tica de Catalu\u00f1a, miembro fundador del \u201cGrupo Comunicaci\u00f3n y Salud de Espa\u00f1a\u201d, miembro electo del consejo de participaci\u00f3n del ICS y de su Consejo de Administraci\u00f3n.<\/p>\n\n\n\n<p>Co-director del programa de seguridad cl\u00ednica PREFASEG del Institut Catal\u00e0 de la Salut.<\/p>\n\n\n\n<p>Miembro del Grupo consolidado de Investigaci\u00f3n Grupo de Estudios Human\u00edsticos sobre Ciencia y Tecnolog\u00eda (GEHUCT Modalidad GRC \u2013 Grupo de Investigaci\u00f3n Consolidado), liderado por el Departamento de filosof\u00eda de la Universitat Aut\u00f3noma de Barcelona.<\/p>\n\n\n\n<p>Director del Blog de \u200b\u200b\u201dHumanidades M\u00e9dicas y Filosof\u00eda de la Medicina, de la Fundaci\u00f3n iatros de Teor\u00eda de la Medicina y de la Fundaci\u00f3n Letamendi-Forns\u201d:<\/p>\n\n\n\n<p>www.humedicas.blogspot.com<\/p>\n\n\n\n<p>Co-director de la Revista Folia Human\u00edstica<\/p>\n\n\n\n<p>www.fundacionletamendi.com<\/p>\n","protected":false},"excerpt":{"rendered":"<p>Francisco Borrell i Carri\u00f3 es Doctor en Medicina, especialista en Medicina Familiar y Comunit\u00e0ria (EAP Gavarra , Institut Catal\u00e0 de la Salut). Profesor titular de Medicina Familiar y Comunit\u00e0ria de la Facultat de Medicina de la Universitat de Barcelona, as\u00ed como profesor colaborador de: IES , Fundaci\u00f3n Ciencias de la Salud , Master Bio\u00e9tica de [&hellip;]<\/p>\n","protected":false},"author":1475,"featured_media":153,"comment_status":"closed","ping_status":"closed","sticky":false,"template":"","format":"standard","meta":{"footnotes":""},"categories":[25],"tags":[],"class_list":["post-152","post","type-post","status-publish","format-standard","has-post-thumbnail","hentry","category-miembros"],"_links":{"self":[{"href":"https:\/\/webs.uab.cat\/gehuct\/es\/wp-json\/wp\/v2\/posts\/152","targetHints":{"allow":["GET"]}}],"collection":[{"href":"https:\/\/webs.uab.cat\/gehuct\/es\/wp-json\/wp\/v2\/posts"}],"about":[{"href":"https:\/\/webs.uab.cat\/gehuct\/es\/wp-json\/wp\/v2\/types\/post"}],"author":[{"embeddable":true,"href":"https:\/\/webs.uab.cat\/gehuct\/es\/wp-json\/wp\/v2\/users\/1475"}],"replies":[{"embeddable":true,"href":"https:\/\/webs.uab.cat\/gehuct\/es\/wp-json\/wp\/v2\/comments?post=152"}],"version-history":[{"count":1,"href":"https:\/\/webs.uab.cat\/gehuct\/es\/wp-json\/wp\/v2\/posts\/152\/revisions"}],"predecessor-version":[{"id":156,"href":"https:\/\/webs.uab.cat\/gehuct\/es\/wp-json\/wp\/v2\/posts\/152\/revisions\/156"}],"wp:featuredmedia":[{"embeddable":true,"href":"https:\/\/webs.uab.cat\/gehuct\/es\/wp-json\/wp\/v2\/media\/153"}],"wp:attachment":[{"href":"https:\/\/webs.uab.cat\/gehuct\/es\/wp-json\/wp\/v2\/media?parent=152"}],"wp:term":[{"taxonomy":"category","embeddable":true,"href":"https:\/\/webs.uab.cat\/gehuct\/es\/wp-json\/wp\/v2\/categories?post=152"},{"taxonomy":"post_tag","embeddable":true,"href":"https:\/\/webs.uab.cat\/gehuct\/es\/wp-json\/wp\/v2\/tags?post=152"}],"curies":[{"name":"wp","href":"https:\/\/api.w.org\/{rel}","templated":true}]}}