{"id":184,"date":"2023-10-05T12:33:01","date_gmt":"2023-10-05T10:33:01","guid":{"rendered":"https:\/\/webs.uab.cat\/gehuct\/?p=184"},"modified":"2025-02-04T14:40:18","modified_gmt":"2025-02-04T12:40:18","slug":"nuria-estrach","status":"publish","type":"post","link":"https:\/\/webs.uab.cat\/gehuct\/2023\/10\/05\/nuria-estrach\/","title":{"rendered":"N\u00faria Estrach"},"content":{"rendered":"\n<p>Nuria Estrach Mira actualment \u00e9s professora associada de Filosofia a la Universitat Aut\u00f2noma de Barcelona (UAB). Membre de dos projectes I+D, un sobre \u201cFilosofia de la salut p\u00fablica\u201d (SGR 2019) i l\u2019altre sobre \u201cJusticia y democracia: hacia un nuevo modelo de solidaridad\u201d (FFI 2019). I del Grup d\u2019Estudis Human\u00edstics en Ci\u00e8ncia i Tecnologia (GEHUCT-GRC 2017). Centra la seva recerca en la filosofia pol\u00edtica moderna i contempor\u00e0nia en general; m\u00e9s espec\u00edficament en la filosofia cr\u00edtica de Marx a l\u2019economia pol\u00edtica i en el pensament cr\u00edtic franc\u00e8s de Louis Althusser vers el poder pol\u00edtic. Entre les seves darreres publicacions destaquen: \u201cLa eficacia pol\u00edtica de la fraternidad\u201d en Arbor Ciencia, pensamiento y cultura, CSIC (en prensa, previsi\u00f3 juny 2018; (amb J. Vallverdu) \u201cEpidemiologia de las enfermedades mentales\u201d (223-246) en Filosof\u00eda de la epidemiolog\u00eda social (Puyol\/Estany, eds.), CSIC (2016). Tamb\u00e9 \u00e9s Cap de Redacci\u00f3 de la Revista Folia Humanistica (centrada en la reflexi\u00f3 i debat p\u00fablic en l\u2019\u00e0mbit de la Salut, la Filosofia, les Ciencies Socials i l\u2019art) i col\u00b7labora en la divulgaci\u00f3 filos\u00f2fica als tallers de la Casa Elizalde de Barcelona. Llicenciada en Filosofia (UB, 1998) va fer la seva formaci\u00f3 doctoral en Filosofia Pol\u00edtica entre la Universitat de Barcelona i la Pompeu Fabra (2000-2001) i la Universitat de Paris IV-La Sorbonne (2001-2002). Va fer una estada de recerca de dos anys a l\u2019\u00c9cole Normale Sup\u00e9rieure de Paris (2003-2005). Ha estat investigadora a la Universitat de Barcelona, al Parc Cient\u00edfic de Barcelona i a l\u2019\u00c9cole Normale Sup\u00e9rieure de Paris, amb diverses beques de recerca de la UB, del PCB, de la Uni\u00f3 Europea i del Govern Franc\u00e8s. Ha participat com a membre investigador en diversos grups de recerca del Ministeri i Generalitat (2001-2018) i participat en m\u00faltiples congressos internacionals i nacionals. Ha treballat com a professora de Filosofia a diverses Universitats: de Barcelona (2001-2003), Universitat Oberta de Catalunya (2005-2012), Universitat Aut\u00f2noma de Barcelona (2011-2018). Ha estat coordinadora i professora del M\u00e0ster en Immigraci\u00f3 i Educaci\u00f3 Intercultural (UB).<\/p>\n","protected":false},"excerpt":{"rendered":"<p>Nuria Estrach Mira actualment \u00e9s professora associada de Filosofia a la Universitat Aut\u00f2noma de Barcelona (UAB). Membre de dos projectes I+D, un sobre \u201cFilosofia de la salut p\u00fablica\u201d (SGR 2019) i l\u2019altre sobre \u201cJusticia y democracia: hacia un nuevo modelo de solidaridad\u201d (FFI 2019). I del Grup d\u2019Estudis Human\u00edstics en Ci\u00e8ncia i Tecnologia (GEHUCT-GRC 2017). [&hellip;]<\/p>\n","protected":false},"author":1475,"featured_media":554,"comment_status":"closed","ping_status":"closed","sticky":false,"template":"","format":"standard","meta":{"footnotes":""},"categories":[23],"tags":[],"class_list":["post-184","post","type-post","status-publish","format-standard","has-post-thumbnail","hentry","category-membres"],"_links":{"self":[{"href":"https:\/\/webs.uab.cat\/gehuct\/wp-json\/wp\/v2\/posts\/184","targetHints":{"allow":["GET"]}}],"collection":[{"href":"https:\/\/webs.uab.cat\/gehuct\/wp-json\/wp\/v2\/posts"}],"about":[{"href":"https:\/\/webs.uab.cat\/gehuct\/wp-json\/wp\/v2\/types\/post"}],"author":[{"embeddable":true,"href":"https:\/\/webs.uab.cat\/gehuct\/wp-json\/wp\/v2\/users\/1475"}],"replies":[{"embeddable":true,"href":"https:\/\/webs.uab.cat\/gehuct\/wp-json\/wp\/v2\/comments?post=184"}],"version-history":[{"count":1,"href":"https:\/\/webs.uab.cat\/gehuct\/wp-json\/wp\/v2\/posts\/184\/revisions"}],"predecessor-version":[{"id":188,"href":"https:\/\/webs.uab.cat\/gehuct\/wp-json\/wp\/v2\/posts\/184\/revisions\/188"}],"wp:featuredmedia":[{"embeddable":true,"href":"https:\/\/webs.uab.cat\/gehuct\/wp-json\/wp\/v2\/media\/554"}],"wp:attachment":[{"href":"https:\/\/webs.uab.cat\/gehuct\/wp-json\/wp\/v2\/media?parent=184"}],"wp:term":[{"taxonomy":"category","embeddable":true,"href":"https:\/\/webs.uab.cat\/gehuct\/wp-json\/wp\/v2\/categories?post=184"},{"taxonomy":"post_tag","embeddable":true,"href":"https:\/\/webs.uab.cat\/gehuct\/wp-json\/wp\/v2\/tags?post=184"}],"curies":[{"name":"wp","href":"https:\/\/api.w.org\/{rel}","templated":true}]}}