{"id":2562,"date":"2025-11-18T09:01:30","date_gmt":"2025-11-18T07:01:30","guid":{"rendered":"https:\/\/webs.uab.cat\/geografia-genere\/?p=2562"},"modified":"2025-11-18T09:01:31","modified_gmt":"2025-11-18T07:01:31","slug":"reflexions-feministes-sobre-la-intelligencia-artificial-en-el-primer-seminari-del-curs","status":"publish","type":"post","link":"https:\/\/webs.uab.cat\/geografia-genere\/2025\/11\/18\/reflexions-feministes-sobre-la-intelligencia-artificial-en-el-primer-seminari-del-curs\/","title":{"rendered":"Reflexions feministes sobre la intel\u00b7lig\u00e8ncia artificial en el primer seminari del curs"},"content":{"rendered":"\n<p class=\"has-large-font-size\">La confer\u00e8ncia de Casey Lynch explora la IA com una pr\u00e0ctica relacional i espacial, revisant cr\u00edticament els discursos dominants sobre tecnologia i autonomia.<\/p>\n\n\n\n<p>El passat divendres 7 de novembre de 2025 va tenir lloc el primer seminari del curs organitzat pel Grup de Recerca en Geografia i G\u00e8nere. La sessi\u00f3 va comptar amb la participaci\u00f3 de Casey Lynch, investigador Ram\u00f3n y Cajal al Departament de Geografia de la Universitat de Girona.<\/p>\n\n\n\n<p>Sota el t\u00edtol <em>\u201cGeografies Feministes de la IA\u201d<\/em>, Lynch va oferir una confer\u00e8ncia que va q\u00fcestionar els discursos dominants sobre la intel\u00b7lig\u00e8ncia artificial (IA), sovint presentada com la tecnologia disruptiva per excel\u00b7l\u00e8ncia. El ponent va analitzar cr\u00edticament la idea que els sistemes digitals adquireixen una autonomia creixent que podria despla\u00e7ar els humans dels espais de decisi\u00f3, i va evidenciar les limitacions conceptuals que sostenen aquesta narrativa.<\/p>\n\n\n\n<p>A partir d\u2019un marc te\u00f2ric inspirat en les <strong>geografies feministes<\/strong> i la <strong>tecnoci\u00e8ncia feminista<\/strong>, Lynch va proposar entendre la IA no com un objecte ni com un subjecte artificial, sin\u00f3 com una <strong>pr\u00e0ctica relacional i espacial<\/strong>. Aquest enfocament permet posar el focus en una diversitat m\u00e9s gran de llocs, actors i preguntes que sovint queden fora de les aproximacions m\u00e9s convencionals.<\/p>\n\n\n\n<p>Durant la sessi\u00f3, el ponent va destacar tres eixos centrals de la seva recerca:<\/p>\n\n\n\n<ul class=\"wp-block-list\">\n<li>la conceptualitzaci\u00f3 de la \u201cintel\u00b7lig\u00e8ncia\u201d en els discursos hegem\u00f2nics sobre la IA,<\/li>\n\n\n\n<li>el disseny generitzat i racialitzat dels agents interactius,<\/li>\n\n\n\n<li>i la manera com aquests agents s\u2019integren en els espais i ritmes de la vida quotidiana.<\/li>\n<\/ul>\n\n\n\n<p>El seminari va inaugurar el cicle d\u2019activitats del Grup de Recerca en Geografia i G\u00e8nere per al curs 2025-2026, i va oferir un espai de debat enriquidor sobre els reptes cr\u00edtics i les potencialitats d\u2019abordar la IA des d\u2019una perspectiva feminista.<\/p>\n\n\n\n<div class=\"wp-block-columns is-layout-flex wp-container-core-columns-is-layout-9d6595d7 wp-block-columns-is-layout-flex\">\n<div class=\"wp-block-column is-layout-flow wp-block-column-is-layout-flow\">\n<figure class=\"wp-block-image size-large\"><img loading=\"lazy\" decoding=\"async\" width=\"1024\" height=\"768\" src=\"https:\/\/webs.uab.cat\/geografia-genere\/wp-content\/uploads\/sites\/528\/2025\/11\/bfb947e2-2ac3-4c0c-b2b9-35702d967b21-1024x768.jpg\" alt=\"\" class=\"wp-image-2564\" srcset=\"https:\/\/webs.uab.cat\/geografia-genere\/wp-content\/uploads\/sites\/528\/2025\/11\/bfb947e2-2ac3-4c0c-b2b9-35702d967b21-1024x768.jpg 1024w, https:\/\/webs.uab.cat\/geografia-genere\/wp-content\/uploads\/sites\/528\/2025\/11\/bfb947e2-2ac3-4c0c-b2b9-35702d967b21-300x225.jpg 300w, https:\/\/webs.uab.cat\/geografia-genere\/wp-content\/uploads\/sites\/528\/2025\/11\/bfb947e2-2ac3-4c0c-b2b9-35702d967b21-768x576.jpg 768w, https:\/\/webs.uab.cat\/geografia-genere\/wp-content\/uploads\/sites\/528\/2025\/11\/bfb947e2-2ac3-4c0c-b2b9-35702d967b21-1536x1152.jpg 1536w, https:\/\/webs.uab.cat\/geografia-genere\/wp-content\/uploads\/sites\/528\/2025\/11\/bfb947e2-2ac3-4c0c-b2b9-35702d967b21-1200x900.jpg 1200w, https:\/\/webs.uab.cat\/geografia-genere\/wp-content\/uploads\/sites\/528\/2025\/11\/bfb947e2-2ac3-4c0c-b2b9-35702d967b21.jpg 1600w\" sizes=\"auto, (max-width: 1024px) 100vw, 1024px\" \/><\/figure>\n<\/div>\n\n\n\n<div class=\"wp-block-column is-layout-flow wp-block-column-is-layout-flow\">\n<figure class=\"wp-block-image size-large\"><img loading=\"lazy\" decoding=\"async\" width=\"1024\" height=\"768\" src=\"https:\/\/webs.uab.cat\/geografia-genere\/wp-content\/uploads\/sites\/528\/2025\/11\/91d31b36-d509-47de-8b0b-913164cab662-1024x768.jpg\" alt=\"\" class=\"wp-image-2567\" srcset=\"https:\/\/webs.uab.cat\/geografia-genere\/wp-content\/uploads\/sites\/528\/2025\/11\/91d31b36-d509-47de-8b0b-913164cab662-1024x768.jpg 1024w, https:\/\/webs.uab.cat\/geografia-genere\/wp-content\/uploads\/sites\/528\/2025\/11\/91d31b36-d509-47de-8b0b-913164cab662-300x225.jpg 300w, https:\/\/webs.uab.cat\/geografia-genere\/wp-content\/uploads\/sites\/528\/2025\/11\/91d31b36-d509-47de-8b0b-913164cab662-768x576.jpg 768w, https:\/\/webs.uab.cat\/geografia-genere\/wp-content\/uploads\/sites\/528\/2025\/11\/91d31b36-d509-47de-8b0b-913164cab662-1536x1152.jpg 1536w, https:\/\/webs.uab.cat\/geografia-genere\/wp-content\/uploads\/sites\/528\/2025\/11\/91d31b36-d509-47de-8b0b-913164cab662-1200x900.jpg 1200w, https:\/\/webs.uab.cat\/geografia-genere\/wp-content\/uploads\/sites\/528\/2025\/11\/91d31b36-d509-47de-8b0b-913164cab662.jpg 1600w\" sizes=\"auto, (max-width: 1024px) 100vw, 1024px\" \/><\/figure>\n<\/div>\n<\/div>\n\n\n\n<p><\/p>\n","protected":false},"excerpt":{"rendered":"<p>La confer\u00e8ncia de Casey Lynch explora la IA com una pr\u00e0ctica relacional i espacial, revisant cr\u00edticament els discursos dominants sobre tecnologia i autonomia. El passat divendres 7 de novembre de 2025 va tenir lloc el primer seminari del curs organitzat pel Grup de Recerca en Geografia i G\u00e8nere. La sessi\u00f3 va comptar amb la participaci\u00f3 [&hellip;]<\/p>\n","protected":false},"author":2975,"featured_media":0,"comment_status":"closed","ping_status":"closed","sticky":false,"template":"","format":"standard","meta":{"footnotes":""},"categories":[13,14],"tags":[],"class_list":["post-2562","post","type-post","status-publish","format-standard","hentry","category-general","category-noticies"],"_links":{"self":[{"href":"https:\/\/webs.uab.cat\/geografia-genere\/wp-json\/wp\/v2\/posts\/2562","targetHints":{"allow":["GET"]}}],"collection":[{"href":"https:\/\/webs.uab.cat\/geografia-genere\/wp-json\/wp\/v2\/posts"}],"about":[{"href":"https:\/\/webs.uab.cat\/geografia-genere\/wp-json\/wp\/v2\/types\/post"}],"author":[{"embeddable":true,"href":"https:\/\/webs.uab.cat\/geografia-genere\/wp-json\/wp\/v2\/users\/2975"}],"replies":[{"embeddable":true,"href":"https:\/\/webs.uab.cat\/geografia-genere\/wp-json\/wp\/v2\/comments?post=2562"}],"version-history":[{"count":1,"href":"https:\/\/webs.uab.cat\/geografia-genere\/wp-json\/wp\/v2\/posts\/2562\/revisions"}],"predecessor-version":[{"id":2570,"href":"https:\/\/webs.uab.cat\/geografia-genere\/wp-json\/wp\/v2\/posts\/2562\/revisions\/2570"}],"wp:attachment":[{"href":"https:\/\/webs.uab.cat\/geografia-genere\/wp-json\/wp\/v2\/media?parent=2562"}],"wp:term":[{"taxonomy":"category","embeddable":true,"href":"https:\/\/webs.uab.cat\/geografia-genere\/wp-json\/wp\/v2\/categories?post=2562"},{"taxonomy":"post_tag","embeddable":true,"href":"https:\/\/webs.uab.cat\/geografia-genere\/wp-json\/wp\/v2\/tags?post=2562"}],"curies":[{"name":"wp","href":"https:\/\/api.w.org\/{rel}","templated":true}]}}