{"id":2596,"date":"2026-01-27T09:00:57","date_gmt":"2026-01-27T07:00:57","guid":{"rendered":"https:\/\/webs.uab.cat\/geografia-genere\/?p=2596"},"modified":"2026-01-27T09:00:58","modified_gmt":"2026-01-27T07:00:58","slug":"seminari-sobre-cures-i-pandemia","status":"publish","type":"post","link":"https:\/\/webs.uab.cat\/geografia-genere\/2026\/01\/27\/seminari-sobre-cures-i-pandemia\/","title":{"rendered":"Seminari sobre cures i pand\u00e8mia"},"content":{"rendered":"\n<p class=\"has-large-font-size\">El passat divendres 23 de gener de 2026 va tenir lloc el seminari \u201cCuidar en temps de pand\u00e8mia. Reflexions metodol\u00f2giques&#8221;<\/p>\n\n\n\n<p>La sessi\u00f3 va anar a c\u00e0rrec de Dolors Comas d\u2019Argemir, professora del Departament d\u2019Antropologia, Filosofia i Treball Social de la Universitat Rovira i Virgili, que va presentar els principals resultats de la seva recerca sobre l\u2019impacte de g\u00e8nere de la pand\u00e8mia en les cuidadores de persones grans i dependents. La pon\u00e8ncia va abordar diversos \u00e0mbits de la cura, com les fam\u00edlies, les resid\u00e8ncies, els serveis de proximitat, les treballadores de la llar i de la cura, aix\u00ed com les iniciatives comunit\u00e0ries sorgides durant aquell per\u00edode.<\/p>\n\n\n\n<p>Un dels eixos centrals del seminari va ser la reflexi\u00f3 sobre els reptes metodol\u00f2gics que va plantejar la recerca en context de pand\u00e8mia: com fer etnografia sense contacte presencial, com analitzar relats sovint contraposats o antag\u00f2nics, i com donar valor social i pol\u00edtic a la cura de les persones grans. La sessi\u00f3 tamb\u00e9 va obrir el debat sobre les pol\u00edtiques necess\u00e0ries per garantir el dret a la cura i la import\u00e0ncia d\u2019incorporar una mirada feminista en l\u2019an\u00e0lisi d\u2019aquestes q\u00fcestions.<\/p>\n\n\n\n<p>El seminari va generar un debat ric amb les persones assistents i va posar de manifest la centralitat de les cures en l\u2019organitzaci\u00f3 social, aix\u00ed com la necessitat de seguir aprofundint-hi des de perspectives cr\u00edtiques i interdisciplin\u00e0ries.<\/p>\n\n\n\n<div class=\"wp-block-columns is-layout-flex wp-container-core-columns-is-layout-9d6595d7 wp-block-columns-is-layout-flex\">\n<div class=\"wp-block-column is-layout-flow wp-block-column-is-layout-flow\">\n<figure class=\"wp-block-image size-large\"><img loading=\"lazy\" decoding=\"async\" width=\"1024\" height=\"768\" src=\"https:\/\/webs.uab.cat\/geografia-genere\/wp-content\/uploads\/sites\/528\/2026\/01\/WhatsApp-Image-2026-01-26-at-14.16.56-1024x768.jpeg\" alt=\"\" class=\"wp-image-2597\" srcset=\"https:\/\/webs.uab.cat\/geografia-genere\/wp-content\/uploads\/sites\/528\/2026\/01\/WhatsApp-Image-2026-01-26-at-14.16.56-1024x768.jpeg 1024w, https:\/\/webs.uab.cat\/geografia-genere\/wp-content\/uploads\/sites\/528\/2026\/01\/WhatsApp-Image-2026-01-26-at-14.16.56-300x225.jpeg 300w, https:\/\/webs.uab.cat\/geografia-genere\/wp-content\/uploads\/sites\/528\/2026\/01\/WhatsApp-Image-2026-01-26-at-14.16.56-768x576.jpeg 768w, https:\/\/webs.uab.cat\/geografia-genere\/wp-content\/uploads\/sites\/528\/2026\/01\/WhatsApp-Image-2026-01-26-at-14.16.56-1536x1152.jpeg 1536w, https:\/\/webs.uab.cat\/geografia-genere\/wp-content\/uploads\/sites\/528\/2026\/01\/WhatsApp-Image-2026-01-26-at-14.16.56-1200x900.jpeg 1200w, https:\/\/webs.uab.cat\/geografia-genere\/wp-content\/uploads\/sites\/528\/2026\/01\/WhatsApp-Image-2026-01-26-at-14.16.56.jpeg 1600w\" sizes=\"auto, (max-width: 1024px) 100vw, 1024px\" \/><\/figure>\n<\/div>\n\n\n\n<div class=\"wp-block-column is-layout-flow wp-block-column-is-layout-flow\">\n<figure class=\"wp-block-image size-large\"><img loading=\"lazy\" decoding=\"async\" width=\"1024\" height=\"768\" src=\"https:\/\/webs.uab.cat\/geografia-genere\/wp-content\/uploads\/sites\/528\/2026\/01\/WhatsApp-Image-2026-01-26-at-14.16.23-1024x768.jpeg\" alt=\"\" class=\"wp-image-2600\" srcset=\"https:\/\/webs.uab.cat\/geografia-genere\/wp-content\/uploads\/sites\/528\/2026\/01\/WhatsApp-Image-2026-01-26-at-14.16.23-1024x768.jpeg 1024w, https:\/\/webs.uab.cat\/geografia-genere\/wp-content\/uploads\/sites\/528\/2026\/01\/WhatsApp-Image-2026-01-26-at-14.16.23-300x225.jpeg 300w, https:\/\/webs.uab.cat\/geografia-genere\/wp-content\/uploads\/sites\/528\/2026\/01\/WhatsApp-Image-2026-01-26-at-14.16.23-768x576.jpeg 768w, https:\/\/webs.uab.cat\/geografia-genere\/wp-content\/uploads\/sites\/528\/2026\/01\/WhatsApp-Image-2026-01-26-at-14.16.23-1536x1152.jpeg 1536w, https:\/\/webs.uab.cat\/geografia-genere\/wp-content\/uploads\/sites\/528\/2026\/01\/WhatsApp-Image-2026-01-26-at-14.16.23-1200x900.jpeg 1200w, https:\/\/webs.uab.cat\/geografia-genere\/wp-content\/uploads\/sites\/528\/2026\/01\/WhatsApp-Image-2026-01-26-at-14.16.23.jpeg 1600w\" sizes=\"auto, (max-width: 1024px) 100vw, 1024px\" \/><\/figure>\n<\/div>\n<\/div>\n","protected":false},"excerpt":{"rendered":"<p>El passat divendres 23 de gener de 2026 va tenir lloc el seminari \u201cCuidar en temps de pand\u00e8mia. Reflexions metodol\u00f2giques&#8221; La sessi\u00f3 va anar a c\u00e0rrec de Dolors Comas d\u2019Argemir, professora del Departament d\u2019Antropologia, Filosofia i Treball Social de la Universitat Rovira i Virgili, que va presentar els principals resultats de la seva recerca sobre [&hellip;]<\/p>\n","protected":false},"author":2975,"featured_media":0,"comment_status":"closed","ping_status":"closed","sticky":false,"template":"","format":"standard","meta":{"footnotes":""},"categories":[13,14],"tags":[],"class_list":["post-2596","post","type-post","status-publish","format-standard","hentry","category-general","category-noticies"],"_links":{"self":[{"href":"https:\/\/webs.uab.cat\/geografia-genere\/wp-json\/wp\/v2\/posts\/2596","targetHints":{"allow":["GET"]}}],"collection":[{"href":"https:\/\/webs.uab.cat\/geografia-genere\/wp-json\/wp\/v2\/posts"}],"about":[{"href":"https:\/\/webs.uab.cat\/geografia-genere\/wp-json\/wp\/v2\/types\/post"}],"author":[{"embeddable":true,"href":"https:\/\/webs.uab.cat\/geografia-genere\/wp-json\/wp\/v2\/users\/2975"}],"replies":[{"embeddable":true,"href":"https:\/\/webs.uab.cat\/geografia-genere\/wp-json\/wp\/v2\/comments?post=2596"}],"version-history":[{"count":1,"href":"https:\/\/webs.uab.cat\/geografia-genere\/wp-json\/wp\/v2\/posts\/2596\/revisions"}],"predecessor-version":[{"id":2603,"href":"https:\/\/webs.uab.cat\/geografia-genere\/wp-json\/wp\/v2\/posts\/2596\/revisions\/2603"}],"wp:attachment":[{"href":"https:\/\/webs.uab.cat\/geografia-genere\/wp-json\/wp\/v2\/media?parent=2596"}],"wp:term":[{"taxonomy":"category","embeddable":true,"href":"https:\/\/webs.uab.cat\/geografia-genere\/wp-json\/wp\/v2\/categories?post=2596"},{"taxonomy":"post_tag","embeddable":true,"href":"https:\/\/webs.uab.cat\/geografia-genere\/wp-json\/wp\/v2\/tags?post=2596"}],"curies":[{"name":"wp","href":"https:\/\/api.w.org\/{rel}","templated":true}]}}