{"id":649,"date":"2024-04-03T15:40:47","date_gmt":"2024-04-03T13:40:47","guid":{"rendered":"https:\/\/webs.uab.cat\/gier\/?p=649"},"modified":"2024-04-03T15:41:45","modified_gmt":"2024-04-03T13:41:45","slug":"programa-de-les-xviii-jornades-descola-rural","status":"publish","type":"post","link":"https:\/\/webs.uab.cat\/gier\/2024\/04\/03\/programa-de-les-xviii-jornades-descola-rural\/","title":{"rendered":"Programa XVIII Jornades Escola Rural"},"content":{"rendered":"\n<p class=\"wp-block-paragraph\">Aqu\u00ed podeu consultar el programa de les XVIII Jornades d&#8217;Escola Rural. <\/p>\n\n\n\n<p class=\"wp-block-paragraph\">Tem\u00e0tica: <strong>(Re)Visi\u00f3 de les ZER\u00a0<\/strong>.<\/p>\n\n\n\n<p class=\"wp-block-paragraph\">Tindran lloc a l&#8217;Espluga de Francol\u00ed, els dies 12 i 13 d&#8217;abril de 2024.<\/p>\n\n\n\n<p class=\"wp-block-paragraph\">M\u00e9s informaci\u00f3: <a href=\"https:\/\/sites.google.com\/view\/secretariatescolaruralcat\/ens-veiem\/trobades-i-jornades\" target=\"_blank\" rel=\"noreferrer noopener\">https:\/\/sites.google.com\/view\/secretariatescolaruralcat\/ens-veiem\/trobades-i-jornades<\/a><\/p>\n\n\n\n<div data-wp-interactive=\"core\/file\" class=\"wp-block-file\"><object data-wp-bind--hidden=\"!state.hasPdfPreview\" hidden class=\"wp-block-file__embed\" data=\"https:\/\/webs.uab.cat\/gier\/wp-content\/uploads\/sites\/208\/2024\/04\/PROGRAMA-DEFINITIU.pdf\" type=\"application\/pdf\" style=\"width:100%;height:600px\" aria-label=\"Incrustaci\u00f3 del fitxer PROGRAMA-DEFINITIU.\"><\/object><a id=\"wp-block-file--media-e9a52830-db68-4df6-8ff5-ab60710873bc\" href=\"https:\/\/webs.uab.cat\/gier\/wp-content\/uploads\/sites\/208\/2024\/04\/PROGRAMA-DEFINITIU.pdf\" target=\"_blank\" rel=\"noreferrer noopener\">PROGRAMA-DEFINITIU<\/a><a href=\"https:\/\/webs.uab.cat\/gier\/wp-content\/uploads\/sites\/208\/2024\/04\/PROGRAMA-DEFINITIU.pdf\" class=\"wp-block-file__button wp-element-button\" download aria-describedby=\"wp-block-file--media-e9a52830-db68-4df6-8ff5-ab60710873bc\">Baixa<\/a><\/div>\n","protected":false},"excerpt":{"rendered":"<p>Aqu\u00ed podeu consultar el programa de les XVIII Jornades d&#8217;Escola Rural. Tem\u00e0tica: (Re)Visi\u00f3 de les ZER\u00a0. Tindran lloc a l&#8217;Espluga de Francol\u00ed, els dies 12 i 13 d&#8217;abril de 2024. M\u00e9s informaci\u00f3: https:\/\/sites.google.com\/view\/secretariatescolaruralcat\/ens-veiem\/trobades-i-jornades<\/p>\n","protected":false},"author":116,"featured_media":650,"comment_status":"closed","ping_status":"closed","sticky":false,"template":"","format":"standard","meta":{"footnotes":""},"categories":[9],"tags":[],"class_list":["post-649","post","type-post","status-publish","format-standard","has-post-thumbnail","hentry","category-sobre-escola-rural"],"_links":{"self":[{"href":"https:\/\/webs.uab.cat\/gier\/wp-json\/wp\/v2\/posts\/649","targetHints":{"allow":["GET"]}}],"collection":[{"href":"https:\/\/webs.uab.cat\/gier\/wp-json\/wp\/v2\/posts"}],"about":[{"href":"https:\/\/webs.uab.cat\/gier\/wp-json\/wp\/v2\/types\/post"}],"author":[{"embeddable":true,"href":"https:\/\/webs.uab.cat\/gier\/wp-json\/wp\/v2\/users\/116"}],"replies":[{"embeddable":true,"href":"https:\/\/webs.uab.cat\/gier\/wp-json\/wp\/v2\/comments?post=649"}],"version-history":[{"count":4,"href":"https:\/\/webs.uab.cat\/gier\/wp-json\/wp\/v2\/posts\/649\/revisions"}],"predecessor-version":[{"id":655,"href":"https:\/\/webs.uab.cat\/gier\/wp-json\/wp\/v2\/posts\/649\/revisions\/655"}],"wp:featuredmedia":[{"embeddable":true,"href":"https:\/\/webs.uab.cat\/gier\/wp-json\/wp\/v2\/media\/650"}],"wp:attachment":[{"href":"https:\/\/webs.uab.cat\/gier\/wp-json\/wp\/v2\/media?parent=649"}],"wp:term":[{"taxonomy":"category","embeddable":true,"href":"https:\/\/webs.uab.cat\/gier\/wp-json\/wp\/v2\/categories?post=649"},{"taxonomy":"post_tag","embeddable":true,"href":"https:\/\/webs.uab.cat\/gier\/wp-json\/wp\/v2\/tags?post=649"}],"curies":[{"name":"wp","href":"https:\/\/api.w.org\/{rel}","templated":true}]}}