{"id":714,"date":"2024-12-02T08:39:00","date_gmt":"2024-12-02T06:39:00","guid":{"rendered":"https:\/\/webs.uab.cat\/gier\/?p=714"},"modified":"2024-11-22T16:31:22","modified_gmt":"2024-11-22T14:31:22","slug":"lofici-deducar-escola-rural","status":"publish","type":"post","link":"https:\/\/webs.uab.cat\/gier\/2024\/12\/02\/lofici-deducar-escola-rural\/","title":{"rendered":"L&#8217;ofici d&#8217;educar: Escola rural"},"content":{"rendered":"\n<p class=\"wp-block-paragraph\">(programa 17\/10\/2017)<\/p>\n\n\n\n<p class=\"wp-block-paragraph\">A Catalunya hi ha 321 Escoles Rurals i \u00e9s l&#8217;escola de les tres \u00abP\u00bb: Petita, de Poble i P\u00fablica\u00bb, una escola molt arrelada al territori, que molt sovint dona vida al municipi, que aglutina activitats, i que \u00e9s motiu de trobada i d&#8217;aprenentatge. En parlarem a \u00abL&#8217;ofici d&#8217;educar\u00bb amb Xavi Geis, mestre de l&#8217;escola rural Rellinars; amb laRoser Boix, Degana de la Facultat d&#8217;Educaci\u00f3 i especialista en l&#8217;escola rural; i Roser Vall, mestra de Castelldans i que ha estat coordinadora del Secretariat de l&#8217;Escola Rural i de la Taula de Rurals. Escoltarem tamb\u00e9 als nens i nenes de les escoles rurals a l&#8217;espai \u00abLa veu de l&#8217;experi\u00e8ncia\u00bb; la reflexi\u00f3 inicial del catedr\u00e0tic Rafael Bisquerra; l&#8217;espai \u00abLlibres per somiar\u00bb amb el Jaume Centelles Pastor, que ens presenta \u00abMeravellosos ve\u00efns\u00bb de l&#8217;Helene Lassere; i Joan Santanach, editor de Editorial Barcino, que ens llegeix un fragment de Blaquerna, de Ramon Llull, que ens parla d&#8217;all\u00f2 que \u00e9s m\u00e9s essencial a la vida.<\/p>\n\n\n\n<p class=\"wp-block-paragraph\"><a href=\"https:\/\/www.3cat.cat\/3cat\/lofici-deducar\/audio\/974975\/?ext=SM_TW_F4_CE24_\">https:\/\/www.3cat.cat\/3cat\/lofici-deducar\/audio\/974975\/?ext=SM_TW_F4_CE24_<\/a><\/p>\n\n\n\n<p class=\"wp-block-paragraph\"><\/p>\n","protected":false},"excerpt":{"rendered":"<p>(programa 17\/10\/2017) A Catalunya hi ha 321 Escoles Rurals i \u00e9s l&#8217;escola de les tres \u00abP\u00bb: Petita, de Poble i P\u00fablica\u00bb, una escola molt arrelada al territori, que molt sovint dona vida al municipi, que aglutina activitats, i que \u00e9s motiu de trobada i d&#8217;aprenentatge. En parlarem a \u00abL&#8217;ofici d&#8217;educar\u00bb amb Xavi Geis, mestre de [&hellip;]<\/p>\n","protected":false},"author":116,"featured_media":715,"comment_status":"closed","ping_status":"closed","sticky":false,"template":"","format":"standard","meta":{"footnotes":""},"categories":[1,9],"tags":[],"class_list":["post-714","post","type-post","status-publish","format-standard","has-post-thumbnail","hentry","category-general","category-sobre-escola-rural"],"_links":{"self":[{"href":"https:\/\/webs.uab.cat\/gier\/wp-json\/wp\/v2\/posts\/714","targetHints":{"allow":["GET"]}}],"collection":[{"href":"https:\/\/webs.uab.cat\/gier\/wp-json\/wp\/v2\/posts"}],"about":[{"href":"https:\/\/webs.uab.cat\/gier\/wp-json\/wp\/v2\/types\/post"}],"author":[{"embeddable":true,"href":"https:\/\/webs.uab.cat\/gier\/wp-json\/wp\/v2\/users\/116"}],"replies":[{"embeddable":true,"href":"https:\/\/webs.uab.cat\/gier\/wp-json\/wp\/v2\/comments?post=714"}],"version-history":[{"count":1,"href":"https:\/\/webs.uab.cat\/gier\/wp-json\/wp\/v2\/posts\/714\/revisions"}],"predecessor-version":[{"id":716,"href":"https:\/\/webs.uab.cat\/gier\/wp-json\/wp\/v2\/posts\/714\/revisions\/716"}],"wp:featuredmedia":[{"embeddable":true,"href":"https:\/\/webs.uab.cat\/gier\/wp-json\/wp\/v2\/media\/715"}],"wp:attachment":[{"href":"https:\/\/webs.uab.cat\/gier\/wp-json\/wp\/v2\/media?parent=714"}],"wp:term":[{"taxonomy":"category","embeddable":true,"href":"https:\/\/webs.uab.cat\/gier\/wp-json\/wp\/v2\/categories?post=714"},{"taxonomy":"post_tag","embeddable":true,"href":"https:\/\/webs.uab.cat\/gier\/wp-json\/wp\/v2\/tags?post=714"}],"curies":[{"name":"wp","href":"https:\/\/api.w.org\/{rel}","templated":true}]}}