{"id":72,"date":"2022-09-28T19:14:50","date_gmt":"2022-09-28T17:14:50","guid":{"rendered":"https:\/\/webs.uab.cat\/gier\/?p=72"},"modified":"2024-03-24T17:05:22","modified_gmt":"2024-03-24T15:05:22","slug":"formem-part-de-la-xarxa-vives-duniversitats","status":"publish","type":"post","link":"https:\/\/webs.uab.cat\/gier\/2022\/09\/28\/formem-part-de-la-xarxa-vives-duniversitats\/","title":{"rendered":"Formem part de la Xarxa Vives d&#8217;universitats"},"content":{"rendered":"\n<p class=\"wp-block-paragraph\">El GIER forma part del la Xarxa Vives d&#8217;universitats.<\/p>\n\n\n\n<figure class=\"wp-block-embed is-type-wp-embed is-provider-xarxa-vives-d-039-universitats wp-block-embed-xarxa-vives-d-039-universitats\"><div class=\"wp-block-embed__wrapper\">\n<blockquote class=\"wp-embedded-content\" data-secret=\"BGUomCMyEp\"><a href=\"https:\/\/www.vives.org\/xarxa-vives-qui-som\/estructura-organitzativa\/comissions-i-grups-de-treball\/\">Comissions i grups de treball<\/a><\/blockquote><iframe loading=\"lazy\" class=\"wp-embedded-content\" sandbox=\"allow-scripts\" security=\"restricted\" style=\"position: absolute; visibility: hidden;\" title=\"&#8220;Comissions i grups de treball&#8221; &#8212; Xarxa Vives d&#039;Universitats\" src=\"https:\/\/www.vives.org\/xarxa-vives-qui-som\/estructura-organitzativa\/comissions-i-grups-de-treball\/embed\/#?secret=nPJMhIlWNL#?secret=BGUomCMyEp\" data-secret=\"BGUomCMyEp\" width=\"580\" height=\"327\" frameborder=\"0\" marginwidth=\"0\" marginheight=\"0\" scrolling=\"no\"><\/iframe>\n<\/div><\/figure>\n\n\n\n<p class=\"wp-block-paragraph\">En formem part des del or\u00edgens ara ja fa m\u00e9s de 25 anys. <\/p>\n\n\n\n<p class=\"wp-block-paragraph\">Gr\u00e0cies a aix\u00f2, l&#8217;alumnat que participa a les jornades que organitzem es poden acollir al Programa DRAC d&#8217;Ajuts a la mobilitat.<\/p>\n\n\n\n<blockquote class=\"wp-block-quote is-layout-flow wp-block-quote-is-layout-flow\"><p><em>El programa de Mobilitat de la Xarxa Vives ofereix ajuts a la comunitat universit\u00e0ria per realitzar estades entre les universitats membres de la Xarxa. Les convocat\u00f2ries d\u2019ajuts DRAC s\u2019adrecen a estudiants, PAS i PDI. L\u2019objectiu del programa DRAC \u00e9s fomentar la mobilitat acad\u00e8mica d\u2019aquests col\u00b7lectius entre les universitats que formen part de la Xarxa Vives.<\/em><\/p><\/blockquote>\n\n\n\n<p class=\"wp-block-paragraph\">M\u00e9s informaci\u00f3, consulteu el web de la Xarxa Vives: <a rel=\"noreferrer noopener\" href=\"https:\/\/www.vives.org\/programes\/mobilitat-ajuts-drac\/\" target=\"_blank\">https:\/\/www.vives.org\/programes\/mobilitat-ajuts-drac\/<\/a><\/p>\n","protected":false},"excerpt":{"rendered":"<p>El GIER forma part del la Xarxa Vives d&#8217;universitats. En formem part des del or\u00edgens ara ja fa m\u00e9s de 25 anys. Gr\u00e0cies a aix\u00f2, l&#8217;alumnat que participa a les jornades que organitzem es poden acollir al Programa DRAC d&#8217;Ajuts a la mobilitat. El programa de Mobilitat de la Xarxa Vives ofereix ajuts a la [&hellip;]<\/p>\n","protected":false},"author":116,"featured_media":73,"comment_status":"closed","ping_status":"closed","sticky":false,"template":"","format":"standard","meta":{"footnotes":""},"categories":[5,9],"tags":[],"class_list":["post-72","post","type-post","status-publish","format-standard","has-post-thumbnail","hentry","category-presentacio","category-sobre-escola-rural"],"_links":{"self":[{"href":"https:\/\/webs.uab.cat\/gier\/wp-json\/wp\/v2\/posts\/72","targetHints":{"allow":["GET"]}}],"collection":[{"href":"https:\/\/webs.uab.cat\/gier\/wp-json\/wp\/v2\/posts"}],"about":[{"href":"https:\/\/webs.uab.cat\/gier\/wp-json\/wp\/v2\/types\/post"}],"author":[{"embeddable":true,"href":"https:\/\/webs.uab.cat\/gier\/wp-json\/wp\/v2\/users\/116"}],"replies":[{"embeddable":true,"href":"https:\/\/webs.uab.cat\/gier\/wp-json\/wp\/v2\/comments?post=72"}],"version-history":[{"count":1,"href":"https:\/\/webs.uab.cat\/gier\/wp-json\/wp\/v2\/posts\/72\/revisions"}],"predecessor-version":[{"id":74,"href":"https:\/\/webs.uab.cat\/gier\/wp-json\/wp\/v2\/posts\/72\/revisions\/74"}],"wp:featuredmedia":[{"embeddable":true,"href":"https:\/\/webs.uab.cat\/gier\/wp-json\/wp\/v2\/media\/73"}],"wp:attachment":[{"href":"https:\/\/webs.uab.cat\/gier\/wp-json\/wp\/v2\/media?parent=72"}],"wp:term":[{"taxonomy":"category","embeddable":true,"href":"https:\/\/webs.uab.cat\/gier\/wp-json\/wp\/v2\/categories?post=72"},{"taxonomy":"post_tag","embeddable":true,"href":"https:\/\/webs.uab.cat\/gier\/wp-json\/wp\/v2\/tags?post=72"}],"curies":[{"name":"wp","href":"https:\/\/api.w.org\/{rel}","templated":true}]}}