{"id":1388,"date":"2024-10-21T17:41:21","date_gmt":"2024-10-21T17:41:21","guid":{"rendered":"https:\/\/webs.uab.cat\/gredics\/?p=1388"},"modified":"2024-10-21T17:41:21","modified_gmt":"2024-10-21T17:41:21","slug":"xii-jornada-de-presentacio-de-linies-de-recerca-en-dcs-2024","status":"publish","type":"post","link":"https:\/\/webs.uab.cat\/gredics\/2024\/10\/21\/xii-jornada-de-presentacio-de-linies-de-recerca-en-dcs-2024\/","title":{"rendered":"XII Jornada de presentaci\u00f3 de l\u00ednies de recerca en DCS, 2024"},"content":{"rendered":"\n<p class=\"wp-block-paragraph\">Avui, 21 d&#8217;octubre de 2024, celebrem la XII Jornada de presentaci\u00f3 de les l\u00ednies de recerca en did\u00e0ctica de les ci\u00e8ncies socials. Professorat de GREDICS, doctors i doctores, i doctorands i doctorandes compartim l&#8217;experi\u00e8ncia en recerca amb estudiants del M\u00e0ster Universitari en Recerca en Educaci\u00f3.<\/p>\n\n\n\n<p class=\"wp-block-paragraph\">Tem\u00e0tiques, preguentes, l\u00ednies, objectius, metodologies, paradigmes, compromisos, reflexions&#8230; Conversa sobre recerca!!!!<\/p>\n\n\n\n<figure class=\"wp-block-gallery has-nested-images columns-default is-cropped wp-block-gallery-1 is-layout-flex wp-block-gallery-is-layout-flex\">\n<figure class=\"wp-block-image size-large\"><img loading=\"lazy\" decoding=\"async\" width=\"1024\" height=\"771\" data-id=\"1407\" src=\"https:\/\/webs.uab.cat\/gredics\/wp-content\/uploads\/sites\/63\/2024\/10\/WhatsApp-Image-2024-10-21-at-19.10.56-1-1-1024x771.jpeg\" alt=\"\" class=\"wp-image-1407\" srcset=\"https:\/\/webs.uab.cat\/gredics\/wp-content\/uploads\/sites\/63\/2024\/10\/WhatsApp-Image-2024-10-21-at-19.10.56-1-1-1024x771.jpeg 1024w, https:\/\/webs.uab.cat\/gredics\/wp-content\/uploads\/sites\/63\/2024\/10\/WhatsApp-Image-2024-10-21-at-19.10.56-1-1-300x226.jpeg 300w, https:\/\/webs.uab.cat\/gredics\/wp-content\/uploads\/sites\/63\/2024\/10\/WhatsApp-Image-2024-10-21-at-19.10.56-1-1-768x578.jpeg 768w, https:\/\/webs.uab.cat\/gredics\/wp-content\/uploads\/sites\/63\/2024\/10\/WhatsApp-Image-2024-10-21-at-19.10.56-1-1-1536x1157.jpeg 1536w, https:\/\/webs.uab.cat\/gredics\/wp-content\/uploads\/sites\/63\/2024\/10\/WhatsApp-Image-2024-10-21-at-19.10.56-1-1-1200x904.jpeg 1200w, https:\/\/webs.uab.cat\/gredics\/wp-content\/uploads\/sites\/63\/2024\/10\/WhatsApp-Image-2024-10-21-at-19.10.56-1-1-1980x1491.jpeg 1980w, https:\/\/webs.uab.cat\/gredics\/wp-content\/uploads\/sites\/63\/2024\/10\/WhatsApp-Image-2024-10-21-at-19.10.56-1-1.jpeg 2040w\" sizes=\"auto, (max-width: 1024px) 100vw, 1024px\" \/><\/figure>\n\n\n\n<figure class=\"wp-block-image size-large\"><img loading=\"lazy\" decoding=\"async\" width=\"1024\" height=\"771\" data-id=\"1401\" src=\"https:\/\/webs.uab.cat\/gredics\/wp-content\/uploads\/sites\/63\/2024\/10\/WhatsApp-Image-2024-10-21-at-19.23.17-1-1024x771.jpeg\" alt=\"\" class=\"wp-image-1401\" srcset=\"https:\/\/webs.uab.cat\/gredics\/wp-content\/uploads\/sites\/63\/2024\/10\/WhatsApp-Image-2024-10-21-at-19.23.17-1-1024x771.jpeg 1024w, https:\/\/webs.uab.cat\/gredics\/wp-content\/uploads\/sites\/63\/2024\/10\/WhatsApp-Image-2024-10-21-at-19.23.17-1-300x226.jpeg 300w, https:\/\/webs.uab.cat\/gredics\/wp-content\/uploads\/sites\/63\/2024\/10\/WhatsApp-Image-2024-10-21-at-19.23.17-1-768x578.jpeg 768w, https:\/\/webs.uab.cat\/gredics\/wp-content\/uploads\/sites\/63\/2024\/10\/WhatsApp-Image-2024-10-21-at-19.23.17-1-1536x1157.jpeg 1536w, https:\/\/webs.uab.cat\/gredics\/wp-content\/uploads\/sites\/63\/2024\/10\/WhatsApp-Image-2024-10-21-at-19.23.17-1-1200x904.jpeg 1200w, https:\/\/webs.uab.cat\/gredics\/wp-content\/uploads\/sites\/63\/2024\/10\/WhatsApp-Image-2024-10-21-at-19.23.17-1-1980x1491.jpeg 1980w, https:\/\/webs.uab.cat\/gredics\/wp-content\/uploads\/sites\/63\/2024\/10\/WhatsApp-Image-2024-10-21-at-19.23.17-1.jpeg 2040w\" sizes=\"auto, (max-width: 1024px) 100vw, 1024px\" \/><\/figure>\n\n\n\n<figure class=\"wp-block-image size-large\"><img loading=\"lazy\" decoding=\"async\" width=\"1024\" height=\"771\" data-id=\"1404\" src=\"https:\/\/webs.uab.cat\/gredics\/wp-content\/uploads\/sites\/63\/2024\/10\/WhatsApp-Image-2024-10-21-at-19.10.56-2-1024x771.jpeg\" alt=\"\" class=\"wp-image-1404\" srcset=\"https:\/\/webs.uab.cat\/gredics\/wp-content\/uploads\/sites\/63\/2024\/10\/WhatsApp-Image-2024-10-21-at-19.10.56-2-1024x771.jpeg 1024w, https:\/\/webs.uab.cat\/gredics\/wp-content\/uploads\/sites\/63\/2024\/10\/WhatsApp-Image-2024-10-21-at-19.10.56-2-300x226.jpeg 300w, https:\/\/webs.uab.cat\/gredics\/wp-content\/uploads\/sites\/63\/2024\/10\/WhatsApp-Image-2024-10-21-at-19.10.56-2-768x578.jpeg 768w, https:\/\/webs.uab.cat\/gredics\/wp-content\/uploads\/sites\/63\/2024\/10\/WhatsApp-Image-2024-10-21-at-19.10.56-2-1536x1157.jpeg 1536w, https:\/\/webs.uab.cat\/gredics\/wp-content\/uploads\/sites\/63\/2024\/10\/WhatsApp-Image-2024-10-21-at-19.10.56-2-1200x904.jpeg 1200w, https:\/\/webs.uab.cat\/gredics\/wp-content\/uploads\/sites\/63\/2024\/10\/WhatsApp-Image-2024-10-21-at-19.10.56-2-1980x1491.jpeg 1980w, https:\/\/webs.uab.cat\/gredics\/wp-content\/uploads\/sites\/63\/2024\/10\/WhatsApp-Image-2024-10-21-at-19.10.56-2.jpeg 2040w\" sizes=\"auto, (max-width: 1024px) 100vw, 1024px\" \/><\/figure>\n<\/figure>\n","protected":false},"excerpt":{"rendered":"<p>Avui, 21 d&#8217;octubre de 2024, celebrem la XII Jornada de presentaci\u00f3 de les l\u00ednies de recerca en did\u00e0ctica de les ci\u00e8ncies socials. Professorat de GREDICS, doctors i doctores, i doctorands i doctorandes compartim l&#8217;experi\u00e8ncia en recerca amb estudiants del M\u00e0ster Universitari en Recerca en Educaci\u00f3. Tem\u00e0tiques, preguentes, l\u00ednies, objectius, metodologies, paradigmes, compromisos, reflexions&#8230; Conversa sobre [&hellip;]<\/p>\n","protected":false},"author":116,"featured_media":1389,"comment_status":"closed","ping_status":"closed","sticky":false,"template":"","format":"standard","meta":{"footnotes":""},"categories":[1],"tags":[],"class_list":["post-1388","post","type-post","status-publish","format-standard","has-post-thumbnail","hentry","category-uncategorized-ca"],"_links":{"self":[{"href":"https:\/\/webs.uab.cat\/gredics\/wp-json\/wp\/v2\/posts\/1388","targetHints":{"allow":["GET"]}}],"collection":[{"href":"https:\/\/webs.uab.cat\/gredics\/wp-json\/wp\/v2\/posts"}],"about":[{"href":"https:\/\/webs.uab.cat\/gredics\/wp-json\/wp\/v2\/types\/post"}],"author":[{"embeddable":true,"href":"https:\/\/webs.uab.cat\/gredics\/wp-json\/wp\/v2\/users\/116"}],"replies":[{"embeddable":true,"href":"https:\/\/webs.uab.cat\/gredics\/wp-json\/wp\/v2\/comments?post=1388"}],"version-history":[{"count":1,"href":"https:\/\/webs.uab.cat\/gredics\/wp-json\/wp\/v2\/posts\/1388\/revisions"}],"predecessor-version":[{"id":1413,"href":"https:\/\/webs.uab.cat\/gredics\/wp-json\/wp\/v2\/posts\/1388\/revisions\/1413"}],"wp:featuredmedia":[{"embeddable":true,"href":"https:\/\/webs.uab.cat\/gredics\/wp-json\/wp\/v2\/media\/1389"}],"wp:attachment":[{"href":"https:\/\/webs.uab.cat\/gredics\/wp-json\/wp\/v2\/media?parent=1388"}],"wp:term":[{"taxonomy":"category","embeddable":true,"href":"https:\/\/webs.uab.cat\/gredics\/wp-json\/wp\/v2\/categories?post=1388"},{"taxonomy":"post_tag","embeddable":true,"href":"https:\/\/webs.uab.cat\/gredics\/wp-json\/wp\/v2\/tags?post=1388"}],"curies":[{"name":"wp","href":"https:\/\/api.w.org\/{rel}","templated":true}]}}