{"id":4106369189,"date":"2019-03-19T12:00:00","date_gmt":"2019-03-19T12:00:00","guid":{"rendered":"https:\/\/greip.uab.cat\/?p=4106369189"},"modified":"2025-05-07T18:36:21","modified_gmt":"2025-05-07T18:36:21","slug":"conferencia-de-luci-nussbaum-en-la-u-autonoma-de-madrid","status":"publish","type":"post","link":"https:\/\/webs.uab.cat\/greip\/conferencia-de-luci-nussbaum-en-la-u-autonoma-de-madrid\/","title":{"rendered":"Conferencia de Luci Nussbaum en la U. Aut\u00f3noma de Madrid"},"content":{"rendered":"\n\n<p class=\"wp-block-paragraph\"><p style=\"text-align: justify\">El 12 de marzo, Luci Nussbaum, antigua directora del GREIP, imparti\u00f3 una conferencia en la Universidad Aut\u00f3noma\u00a0 de Madrid dirigida a estudiantes de los grados de Antropolog\u00eda social y cultural y de Lenguas modernas y comunicaci\u00f3n.\u00a0<\/p> <p style=\"text-align: justify\">\u00a0<\/p> <p style=\"text-align: justify\">La conferencia, titulada \u00abLos retos de la educaci\u00f3n ling\u00fc\u00edstica en Catalu\u00f1a\u00bb, trat\u00f3 sobre las\u00a0caracter\u00edsticas que distinguen a la\u00a0educaci\u00f3n ling\u00fc\u00edstica de la poblaci\u00f3n escolar de Catalu\u00f1a de otros programas de educaci\u00f3n pluriling\u00fce. En la primera parte de la charla, Nussbaum describi\u00f3 las coordenadas socioling\u00fc\u00edsticas, demogr\u00e1ficas y pol\u00edticas que originan el modelo y su evoluci\u00f3n, para luego se\u00f1alar los desaf\u00edos que plantea su desarrollo actual.<\/p>\n\n\n<p class=\"wp-block-paragraph\"><\/p>\n\n\n<blockquote class=\"wp-block-quote is-layout-flow wp-block-quote-is-layout-flow\">\n  <p class=\"wp-block-paragraph\"><strong>GREIP&#8217;s insight<\/strong><br>\n    Always a pleasure to learn from our former lead investigator!\n  <\/p>\n<\/blockquote>\n\n\n\n<p class=\"wp-block-paragraph\"><\/p>\n\n\n  ","protected":false},"excerpt":{"rendered":"<p>El 12 de marzo, Luci Nussbaum, antigua directora del GREIP, imparti\u00f3 una conferencia en la Universidad Aut\u00f3noma\u00a0 de Madrid dirigida a estudiantes de los grados de Antropolog\u00eda social y cultural y de Lenguas modernas y comunicaci\u00f3n.\u00a0 \u00a0 La conferencia, titulada \u00abLos retos de la educaci\u00f3n ling\u00fc\u00edstica en Catalu\u00f1a\u00bb, trat\u00f3 sobre las\u00a0caracter\u00edsticas que distinguen a la\u00a0educaci\u00f3n [&hellip;]<\/p>\n","protected":false},"author":294,"featured_media":10242,"comment_status":"closed","ping_status":"closed","sticky":false,"template":"","format":"standard","meta":{"footnotes":""},"categories":[26],"tags":[],"class_list":["post-4106369189","post","type-post","status-publish","format-standard","has-post-thumbnail","hentry","category-noticies"],"_links":{"self":[{"href":"https:\/\/webs.uab.cat\/greip\/wp-json\/wp\/v2\/posts\/4106369189","targetHints":{"allow":["GET"]}}],"collection":[{"href":"https:\/\/webs.uab.cat\/greip\/wp-json\/wp\/v2\/posts"}],"about":[{"href":"https:\/\/webs.uab.cat\/greip\/wp-json\/wp\/v2\/types\/post"}],"author":[{"embeddable":true,"href":"https:\/\/webs.uab.cat\/greip\/wp-json\/wp\/v2\/users\/294"}],"replies":[{"embeddable":true,"href":"https:\/\/webs.uab.cat\/greip\/wp-json\/wp\/v2\/comments?post=4106369189"}],"version-history":[{"count":1,"href":"https:\/\/webs.uab.cat\/greip\/wp-json\/wp\/v2\/posts\/4106369189\/revisions"}],"predecessor-version":[{"id":4164936229,"href":"https:\/\/webs.uab.cat\/greip\/wp-json\/wp\/v2\/posts\/4106369189\/revisions\/4164936229"}],"wp:featuredmedia":[{"embeddable":true,"href":"https:\/\/webs.uab.cat\/greip\/wp-json\/wp\/v2\/media\/10242"}],"wp:attachment":[{"href":"https:\/\/webs.uab.cat\/greip\/wp-json\/wp\/v2\/media?parent=4106369189"}],"wp:term":[{"taxonomy":"category","embeddable":true,"href":"https:\/\/webs.uab.cat\/greip\/wp-json\/wp\/v2\/categories?post=4106369189"},{"taxonomy":"post_tag","embeddable":true,"href":"https:\/\/webs.uab.cat\/greip\/wp-json\/wp\/v2\/tags?post=4106369189"}],"curies":[{"name":"wp","href":"https:\/\/api.w.org\/{rel}","templated":true}]}}