{"id":4122188273,"date":"2020-12-11T18:07:00","date_gmt":"2020-12-11T18:07:00","guid":{"rendered":"https:\/\/greip.uab.cat\/?p=4122188273"},"modified":"2025-05-07T18:35:49","modified_gmt":"2025-05-07T18:35:49","slug":"luci-nussbaum-ponent-convidada-dins-del-cicle-de-sessions-formatives-2020-del-programa-de-doctorat-en-educacio-uab","status":"publish","type":"post","link":"https:\/\/webs.uab.cat\/greip\/luci-nussbaum-ponent-convidada-dins-del-cicle-de-sessions-formatives-2020-del-programa-de-doctorat-en-educacio-uab\/","title":{"rendered":"Luci Nussbaum, ponent convidada dins del Cicle de Sessions Formatives 2020 del Programa de Doctorat en Educaci\u00f3 &#8211; UAB"},"content":{"rendered":"\n\n<p class=\"wp-block-paragraph\">La Dra. Luci Nussbaum, membre honor\u00e0ria del grup GREIP, va fer una presentaci\u00f3 en l\u00ednia dins del Cicle de Sessions Formatives 2020 del Programa de Doctorat en Educaci\u00f3 de la UAB, \u00e0mbit de did\u00e0ctica de la llengua i la literatura. La presentaci\u00f3, titulada \u00abEstudiar pr\u00e0ctiques pluriling\u00fces als centres educatius\u00bb, va presentar diverses experi\u00e8ncies de recerca col\u00b7laborativa a l\u2019escola i, particularment, de les formes d\u2019intervenci\u00f3 did\u00e0ctica que ha experimentat el GREIP. A partir d&#8217;aquests exemples, la Dra. Nussbaum va ensenyar algunes eines i conceptes d\u2019an\u00e0lisi d\u2019interaccions pluriling\u00fces que poden ser \u00fatils per a estudiants que emprenen o ja han empr\u00e8s una recerca en aquest camp.<\/p><\/p>\n\n\n<p class=\"wp-block-paragraph\"><\/p>\n\n  ","protected":false},"excerpt":{"rendered":"<p>La Dra. Luci Nussbaum, membre honor\u00e0ria del grup GREIP, va fer una presentaci\u00f3 en l\u00ednia dins del Cicle de Sessions Formatives 2020 del Programa de Doctorat en Educaci\u00f3 de la UAB, \u00e0mbit de did\u00e0ctica de la llengua i la literatura. La presentaci\u00f3, titulada \u00abEstudiar pr\u00e0ctiques pluriling\u00fces als centres educatius\u00bb, va presentar diverses experi\u00e8ncies de recerca [&hellip;]<\/p>\n","protected":false},"author":294,"featured_media":10322,"comment_status":"closed","ping_status":"closed","sticky":false,"template":"","format":"standard","meta":{"footnotes":""},"categories":[26],"tags":[],"class_list":["post-4122188273","post","type-post","status-publish","format-standard","has-post-thumbnail","hentry","category-noticies"],"_links":{"self":[{"href":"https:\/\/webs.uab.cat\/greip\/wp-json\/wp\/v2\/posts\/4122188273","targetHints":{"allow":["GET"]}}],"collection":[{"href":"https:\/\/webs.uab.cat\/greip\/wp-json\/wp\/v2\/posts"}],"about":[{"href":"https:\/\/webs.uab.cat\/greip\/wp-json\/wp\/v2\/types\/post"}],"author":[{"embeddable":true,"href":"https:\/\/webs.uab.cat\/greip\/wp-json\/wp\/v2\/users\/294"}],"replies":[{"embeddable":true,"href":"https:\/\/webs.uab.cat\/greip\/wp-json\/wp\/v2\/comments?post=4122188273"}],"version-history":[{"count":1,"href":"https:\/\/webs.uab.cat\/greip\/wp-json\/wp\/v2\/posts\/4122188273\/revisions"}],"predecessor-version":[{"id":4164936149,"href":"https:\/\/webs.uab.cat\/greip\/wp-json\/wp\/v2\/posts\/4122188273\/revisions\/4164936149"}],"wp:featuredmedia":[{"embeddable":true,"href":"https:\/\/webs.uab.cat\/greip\/wp-json\/wp\/v2\/media\/10322"}],"wp:attachment":[{"href":"https:\/\/webs.uab.cat\/greip\/wp-json\/wp\/v2\/media?parent=4122188273"}],"wp:term":[{"taxonomy":"category","embeddable":true,"href":"https:\/\/webs.uab.cat\/greip\/wp-json\/wp\/v2\/categories?post=4122188273"},{"taxonomy":"post_tag","embeddable":true,"href":"https:\/\/webs.uab.cat\/greip\/wp-json\/wp\/v2\/tags?post=4122188273"}],"curies":[{"name":"wp","href":"https:\/\/api.w.org\/{rel}","templated":true}]}}