{"id":4140624752,"date":"2023-02-03T08:42:00","date_gmt":"2023-02-03T08:42:00","guid":{"rendered":"https:\/\/greip.uab.cat\/?p=4140624752"},"modified":"2025-05-07T18:35:39","modified_gmt":"2025-05-07T18:35:39","slug":"3-presentations-in-apac-2023","status":"publish","type":"post","link":"https:\/\/webs.uab.cat\/greip\/3-presentations-in-apac-2023\/","title":{"rendered":"3 presentations in APAC 2023"},"content":{"rendered":"\n\n<p>GREIP members co-presented in Associaci\u00f3 de Professorat d&#8217;Angl\u00e8s de Catalunya (APAC) 2023 annual conference entitled &#8216;Move on up! Raising ELT Standards&#8217;. Dolors Masats and Melinda Dooly both co-authored presentations that discussed initiatives based on collaboration with preservice and in-service teachers. Dr. Masats presented with her Institut de Ci\u00e8ncies d&#8217;Educaci\u00f3 UAB (ICE-UAB) inservice teachers continuous development group A+ Project on their interdisciplinary, plurilingual sustainable development project. Dr. Dooly co-presented first with a 4th year preservice teacher in a talk about 360\u00ba images and Augmented Reality and how these can be integrated into teaching activities. The final presentation, with GREIP associate M\u00f3nica L\u00f3pez Vera, outlined the ongoing study of Virtual Reality with young language learners.<br \/><\/p>\n\n\n<p><\/p>\n\n\n<blockquote class=\"wp-block-quote is-layout-flow wp-block-quote-is-layout-flow\">\n  <p><strong>GREIP&#8217;s insight<\/strong><br>\n    Les 3 presentacions van ser molt ben acollida per part del p\u00fablic. La M\u00f3nica i la Melinda fins i tot van poder fer una demostraci\u00f3 en directe d&#8217;una interacci\u00f3 professor-alumne a l&#8217;entorn de realitat virtual.\n  <\/p>\n<\/blockquote>\n\n\n\n<p><\/p>\n\n\n  ","protected":false},"excerpt":{"rendered":"<p>GREIP members co-presented in Associaci\u00f3 de Professorat d&#8217;Angl\u00e8s de Catalunya (APAC) 2023 annual conference entitled &#8216;Move on up! Raising ELT Standards&#8217;. Dolors Masats and Melinda Dooly both co-authored presentations that discussed initiatives based on collaboration with preservice and in-service teachers. Dr. Masats presented with her Institut de Ci\u00e8ncies d&#8217;Educaci\u00f3 UAB (ICE-UAB) inservice teachers continuous development [&hellip;]<\/p>\n","protected":false},"author":294,"featured_media":10417,"comment_status":"closed","ping_status":"closed","sticky":false,"template":"","format":"standard","meta":{"footnotes":""},"categories":[26],"tags":[],"class_list":["post-4140624752","post","type-post","status-publish","format-standard","has-post-thumbnail","hentry","category-noticies"],"_links":{"self":[{"href":"https:\/\/webs.uab.cat\/greip\/wp-json\/wp\/v2\/posts\/4140624752","targetHints":{"allow":["GET"]}}],"collection":[{"href":"https:\/\/webs.uab.cat\/greip\/wp-json\/wp\/v2\/posts"}],"about":[{"href":"https:\/\/webs.uab.cat\/greip\/wp-json\/wp\/v2\/types\/post"}],"author":[{"embeddable":true,"href":"https:\/\/webs.uab.cat\/greip\/wp-json\/wp\/v2\/users\/294"}],"replies":[{"embeddable":true,"href":"https:\/\/webs.uab.cat\/greip\/wp-json\/wp\/v2\/comments?post=4140624752"}],"version-history":[{"count":1,"href":"https:\/\/webs.uab.cat\/greip\/wp-json\/wp\/v2\/posts\/4140624752\/revisions"}],"predecessor-version":[{"id":4164936054,"href":"https:\/\/webs.uab.cat\/greip\/wp-json\/wp\/v2\/posts\/4140624752\/revisions\/4164936054"}],"wp:featuredmedia":[{"embeddable":true,"href":"https:\/\/webs.uab.cat\/greip\/wp-json\/wp\/v2\/media\/10417"}],"wp:attachment":[{"href":"https:\/\/webs.uab.cat\/greip\/wp-json\/wp\/v2\/media?parent=4140624752"}],"wp:term":[{"taxonomy":"category","embeddable":true,"href":"https:\/\/webs.uab.cat\/greip\/wp-json\/wp\/v2\/categories?post=4140624752"},{"taxonomy":"post_tag","embeddable":true,"href":"https:\/\/webs.uab.cat\/greip\/wp-json\/wp\/v2\/tags?post=4140624752"}],"curies":[{"name":"wp","href":"https:\/\/api.w.org\/{rel}","templated":true}]}}