{"id":4146837249,"date":"2023-09-03T20:23:00","date_gmt":"2023-09-03T20:23:00","guid":{"rendered":"https:\/\/greip.uab.cat\/?p=4146837249"},"modified":"2025-05-07T18:34:10","modified_gmt":"2025-05-07T18:34:10","slug":"in-memoriam-carme-junyent","status":"publish","type":"post","link":"https:\/\/webs.uab.cat\/greip\/in-memoriam-carme-junyent\/","title":{"rendered":"In Memoriam: Carme Junyent"},"content":{"rendered":"\n\n<p>Amb profunda tristesa, el GREIP expressa les seves m\u00e9s sinceres condolences per la p\u00e8rdua de la Carme Junyent, una de les principals lluitadores del catal\u00e0 i una figura estimada en la nostra comunitat. Va dedicar la seva vida a la preservaci\u00f3 i promoci\u00f3 de la llengua i cultura catalanes i el seu comprom\u00eds incansable va deixar una empremta indeleble en el nostre entorn acad\u00e8mic i cultural.<\/p>\n\n\n<p>Com a grup expressem un agra\u00efment a la Carme per la seva dedicaci\u00f3 inquebrantable i el seu amor pel catal\u00e0. La seva mem\u00f2ria romandr\u00e0 viva i el seu llegat perdurar\u00e0 en els cors i les mem\u00f2ries de tots els qui la vam con\u00e8ixer. Es trobar\u00e0 a faltar, i molt.<\/p>\n\n\n<p>En aquests moments dif\u00edcils, enviem el nostre suport i afecte a la fam\u00edlia i amics de la Carme Junyent. La seva p\u00e8rdua \u00e9s compartida per tota la nostra comunitat acad\u00e8mica i cultural.<\/p>\n\n\n<p>Us convidem a llegir el darrer article que ens va deixar al diari VilaWeb \u201cMorir-se en catal\u00e0\u201d on es parla \u201cque morir-se en catal\u00e0 \u00e9s un dret dels catalans i que l&#8217;administraci\u00f3 hi t\u00e9 coses a dir i a fer\u201d<\/p>\n\n\n<p>Moltes gr\u00e0cies per tot, Carme. Descansa en pau.<\/p>\n\n\n<p><\/p>\n\n\n<blockquote class=\"wp-block-quote is-layout-flow wp-block-quote-is-layout-flow\">\n  <p><strong>GREIP&#8217;s insight<\/strong><br>\n    On behalf of all of us, we are deeply sorry for her loss. She will live forever in our hearts.\n  <\/p>\n<\/blockquote>\n\n\n\n<p><\/p>\n\n\n  ","protected":false},"excerpt":{"rendered":"<p>Amb profunda tristesa, el GREIP expressa les seves m\u00e9s sinceres condolences per la p\u00e8rdua de la Carme Junyent, una de les principals lluitadores del catal\u00e0 i una figura estimada en la nostra comunitat. Va dedicar la seva vida a la preservaci\u00f3 i promoci\u00f3 de la llengua i cultura catalanes i el seu comprom\u00eds incansable va [&hellip;]<\/p>\n","protected":false},"author":294,"featured_media":10442,"comment_status":"closed","ping_status":"closed","sticky":false,"template":"","format":"standard","meta":{"footnotes":""},"categories":[26],"tags":[],"class_list":["post-4146837249","post","type-post","status-publish","format-standard","has-post-thumbnail","hentry","category-noticies"],"_links":{"self":[{"href":"https:\/\/webs.uab.cat\/greip\/wp-json\/wp\/v2\/posts\/4146837249","targetHints":{"allow":["GET"]}}],"collection":[{"href":"https:\/\/webs.uab.cat\/greip\/wp-json\/wp\/v2\/posts"}],"about":[{"href":"https:\/\/webs.uab.cat\/greip\/wp-json\/wp\/v2\/types\/post"}],"author":[{"embeddable":true,"href":"https:\/\/webs.uab.cat\/greip\/wp-json\/wp\/v2\/users\/294"}],"replies":[{"embeddable":true,"href":"https:\/\/webs.uab.cat\/greip\/wp-json\/wp\/v2\/comments?post=4146837249"}],"version-history":[{"count":1,"href":"https:\/\/webs.uab.cat\/greip\/wp-json\/wp\/v2\/posts\/4146837249\/revisions"}],"predecessor-version":[{"id":4164936029,"href":"https:\/\/webs.uab.cat\/greip\/wp-json\/wp\/v2\/posts\/4146837249\/revisions\/4164936029"}],"wp:featuredmedia":[{"embeddable":true,"href":"https:\/\/webs.uab.cat\/greip\/wp-json\/wp\/v2\/media\/10442"}],"wp:attachment":[{"href":"https:\/\/webs.uab.cat\/greip\/wp-json\/wp\/v2\/media?parent=4146837249"}],"wp:term":[{"taxonomy":"category","embeddable":true,"href":"https:\/\/webs.uab.cat\/greip\/wp-json\/wp\/v2\/categories?post=4146837249"},{"taxonomy":"post_tag","embeddable":true,"href":"https:\/\/webs.uab.cat\/greip\/wp-json\/wp\/v2\/tags?post=4146837249"}],"curies":[{"name":"wp","href":"https:\/\/api.w.org\/{rel}","templated":true}]}}