{"id":4151174715,"date":"2024-02-23T13:15:00","date_gmt":"2024-02-23T13:15:00","guid":{"rendered":"https:\/\/greip.uab.cat\/?p=4151174715"},"modified":"2025-05-07T18:34:08","modified_gmt":"2025-05-07T18:34:08","slug":"xerrada-de-la-doctora-denise-holgin","status":"publish","type":"post","link":"https:\/\/webs.uab.cat\/greip\/xerrada-de-la-doctora-denise-holgin\/","title":{"rendered":"Xerrada de la Doctora Denise Holg\u00edn"},"content":{"rendered":"\n\n<p>Avui, la Dra. Denise Holgu\u00edn oferir\u00e0 una interessant xerrada titulada &#8220;Migraci\u00f3, interculturalitat i perspectiva antiracista&#8221;, en col\u00b7laboraci\u00f3 amb l&#8217;ACOF, una plataforma dedicada a l&#8217;acollida socioling\u00fc\u00edstica que reuneix m\u00e9s de 70 entitats i institucions a Barcelona. A trav\u00e9s del seu treball en l&#8217;\u00e0mbit de l&#8217;ensenyament de lleng\u00fces i l&#8217;alfabetitzaci\u00f3, aquesta plataforma busca millorar la formaci\u00f3 dels professionals dedicats a aquests temes i desenvolupar materials did\u00e0ctics innovadors.<\/p>\n\n\n<p>Us convidem cordialment a assistir a aquesta xerrada i a donar suport a la nostra estimada col\u00b7lega en aquesta iniciativa.<\/p>\n\n\n<p><\/p>\n\n\n<blockquote class=\"wp-block-quote is-layout-flow wp-block-quote-is-layout-flow\">\n  <p><strong>GREIP&#8217;s insight<\/strong><br>\n    \u00a1Felicitamos la Dra. Holgu\u00edn por sus contribuciones en este campo tan importante de la educaci\u00f3n!\n  <\/p>\n<\/blockquote>\n\n\n\n<p><\/p>\n\n\n  ","protected":false},"excerpt":{"rendered":"<p>Avui, la Dra. Denise Holgu\u00edn oferir\u00e0 una interessant xerrada titulada &#8220;Migraci\u00f3, interculturalitat i perspectiva antiracista&#8221;, en col\u00b7laboraci\u00f3 amb l&#8217;ACOF, una plataforma dedicada a l&#8217;acollida socioling\u00fc\u00edstica que reuneix m\u00e9s de 70 entitats i institucions a Barcelona. A trav\u00e9s del seu treball en l&#8217;\u00e0mbit de l&#8217;ensenyament de lleng\u00fces i l&#8217;alfabetitzaci\u00f3, aquesta plataforma busca millorar la formaci\u00f3 dels [&hellip;]<\/p>\n","protected":false},"author":294,"featured_media":10461,"comment_status":"closed","ping_status":"closed","sticky":false,"template":"","format":"standard","meta":{"footnotes":""},"categories":[26],"tags":[],"class_list":["post-4151174715","post","type-post","status-publish","format-standard","has-post-thumbnail","hentry","category-noticies"],"_links":{"self":[{"href":"https:\/\/webs.uab.cat\/greip\/wp-json\/wp\/v2\/posts\/4151174715","targetHints":{"allow":["GET"]}}],"collection":[{"href":"https:\/\/webs.uab.cat\/greip\/wp-json\/wp\/v2\/posts"}],"about":[{"href":"https:\/\/webs.uab.cat\/greip\/wp-json\/wp\/v2\/types\/post"}],"author":[{"embeddable":true,"href":"https:\/\/webs.uab.cat\/greip\/wp-json\/wp\/v2\/users\/294"}],"replies":[{"embeddable":true,"href":"https:\/\/webs.uab.cat\/greip\/wp-json\/wp\/v2\/comments?post=4151174715"}],"version-history":[{"count":1,"href":"https:\/\/webs.uab.cat\/greip\/wp-json\/wp\/v2\/posts\/4151174715\/revisions"}],"predecessor-version":[{"id":4164936010,"href":"https:\/\/webs.uab.cat\/greip\/wp-json\/wp\/v2\/posts\/4151174715\/revisions\/4164936010"}],"wp:featuredmedia":[{"embeddable":true,"href":"https:\/\/webs.uab.cat\/greip\/wp-json\/wp\/v2\/media\/10461"}],"wp:attachment":[{"href":"https:\/\/webs.uab.cat\/greip\/wp-json\/wp\/v2\/media?parent=4151174715"}],"wp:term":[{"taxonomy":"category","embeddable":true,"href":"https:\/\/webs.uab.cat\/greip\/wp-json\/wp\/v2\/categories?post=4151174715"},{"taxonomy":"post_tag","embeddable":true,"href":"https:\/\/webs.uab.cat\/greip\/wp-json\/wp\/v2\/tags?post=4151174715"}],"curies":[{"name":"wp","href":"https:\/\/api.w.org\/{rel}","templated":true}]}}