{"id":4162684854,"date":"2024-12-01T19:59:00","date_gmt":"2024-12-01T19:59:00","guid":{"rendered":"https:\/\/greip.uab.cat\/?p=4162684854"},"modified":"2025-05-07T18:34:04","modified_gmt":"2025-05-07T18:34:04","slug":"15e-aniversari-del-bellaterra-journal-of-teaching-learning-language-literature","status":"publish","type":"post","link":"https:\/\/webs.uab.cat\/greip\/15e-aniversari-del-bellaterra-journal-of-teaching-learning-language-literature\/","title":{"rendered":"15\u00e8 aniversari del Bellaterra Journal of Teaching &amp; Learning Language &amp; Literature"},"content":{"rendered":"\n\n<p class=\"wp-block-paragraph\">El divendres 22 de novembre es va celebrar l\u2019aniversari de la revista Bellaterra Journal of Teaching &amp; Learning Language &amp; Literature a la sala de revistes de la Facultat d\u2019Educaci\u00f3 de la Universitat Aut\u00f2noma de Barcelona. La presentaci\u00f3 de l\u2019esdeveniment va anar a c\u00e0rrec de la directora del Departament de Did\u00e0ctica de la Llengua i la Literatura i de les Ci\u00e8ncies Socials, la Dra. Dolors Masats; l\u2019editora fundadora, la Dra. Melinda Dooly, i els coeditors, la Dra. Emilee Moore i el Dr. Xavier Fontich.<\/p>\n\n\n<p class=\"wp-block-paragraph\">La jornada va comen\u00e7ar amb la xerrada \u201cEscriure per comunicar i aprendre escrivint. Dues cares de la mateixa moneda\u201d, impartida per la Dra. Montserrat Castell\u00f3, de la URL-Blanquerna. A continuaci\u00f3, es va dur a terme una taula rodona titulada \u201cLes revistes acad\u00e8miques: un futur (in)cert?\u201d, moderada per Llu\u00eds Albarrac\u00edn, del consell de redacci\u00f3 d\u2019Ense\u00f1anza de las Ciencias. Hi van participar Sara Moreno, editora de Papers, Revista de Sociologia; Pep Sans\u00f3, del Servei de Publicacions de la UAB, i la Dra. J\u00falia Llompart, autora a Bellaterra Journal.<\/p>\n\n\n<p class=\"wp-block-paragraph\">Ha estat un mat\u00ed ple d\u2019aprenentatges i celebraci\u00f3 d\u2019aquests primers 15 anys de traject\u00f2ria. Enhorabona a tots els membres que fan possible la publicaci\u00f3 d\u2019aquesta revista i pel treball intens i rigor\u00f3s dut a terme durant tot aquest temps.<\/p>\n\n\n<p class=\"wp-block-paragraph\"><\/p>\n\n\n<blockquote class=\"wp-block-quote is-layout-flow wp-block-quote-is-layout-flow\">\n  <p class=\"wp-block-paragraph\"><strong>GREIP&#8217;s insight<\/strong><br>\n    Estamos muy felices de haber participado en este evento y de haber sido testigos de los frutos del esfuerzo y la dedicaci\u00f3n de tantos a\u00f1os.\n  <\/p>\n<\/blockquote>\n\n\n\n<p class=\"wp-block-paragraph\"><\/p>\n\n\n  ","protected":false},"excerpt":{"rendered":"<p>El divendres 22 de novembre es va celebrar l\u2019aniversari de la revista Bellaterra Journal of Teaching &amp; Learning Language &amp; Literature a la sala de revistes de la Facultat d\u2019Educaci\u00f3 de la Universitat Aut\u00f2noma de Barcelona. La presentaci\u00f3 de l\u2019esdeveniment va anar a c\u00e0rrec de la directora del Departament de Did\u00e0ctica de la Llengua i [&hellip;]<\/p>\n","protected":false},"author":294,"featured_media":10502,"comment_status":"closed","ping_status":"closed","sticky":false,"template":"","format":"standard","meta":{"footnotes":""},"categories":[26],"tags":[],"class_list":["post-4162684854","post","type-post","status-publish","format-standard","has-post-thumbnail","hentry","category-noticies"],"_links":{"self":[{"href":"https:\/\/webs.uab.cat\/greip\/wp-json\/wp\/v2\/posts\/4162684854","targetHints":{"allow":["GET"]}}],"collection":[{"href":"https:\/\/webs.uab.cat\/greip\/wp-json\/wp\/v2\/posts"}],"about":[{"href":"https:\/\/webs.uab.cat\/greip\/wp-json\/wp\/v2\/types\/post"}],"author":[{"embeddable":true,"href":"https:\/\/webs.uab.cat\/greip\/wp-json\/wp\/v2\/users\/294"}],"replies":[{"embeddable":true,"href":"https:\/\/webs.uab.cat\/greip\/wp-json\/wp\/v2\/comments?post=4162684854"}],"version-history":[{"count":1,"href":"https:\/\/webs.uab.cat\/greip\/wp-json\/wp\/v2\/posts\/4162684854\/revisions"}],"predecessor-version":[{"id":4164935969,"href":"https:\/\/webs.uab.cat\/greip\/wp-json\/wp\/v2\/posts\/4162684854\/revisions\/4164935969"}],"wp:featuredmedia":[{"embeddable":true,"href":"https:\/\/webs.uab.cat\/greip\/wp-json\/wp\/v2\/media\/10502"}],"wp:attachment":[{"href":"https:\/\/webs.uab.cat\/greip\/wp-json\/wp\/v2\/media?parent=4162684854"}],"wp:term":[{"taxonomy":"category","embeddable":true,"href":"https:\/\/webs.uab.cat\/greip\/wp-json\/wp\/v2\/categories?post=4162684854"},{"taxonomy":"post_tag","embeddable":true,"href":"https:\/\/webs.uab.cat\/greip\/wp-json\/wp\/v2\/tags?post=4162684854"}],"curies":[{"name":"wp","href":"https:\/\/api.w.org\/{rel}","templated":true}]}}