{"id":4162757306,"date":"2024-12-04T17:36:00","date_gmt":"2024-12-04T17:36:00","guid":{"rendered":"https:\/\/greip.uab.cat\/?p=4162757306"},"modified":"2025-05-07T18:34:03","modified_gmt":"2025-05-07T18:34:03","slug":"congres-sidll","status":"publish","type":"post","link":"https:\/\/webs.uab.cat\/greip\/congres-sidll\/","title":{"rendered":"Congr\u00e9s SIDLL"},"content":{"rendered":"\n\n<p>La Dra. Emilee Moore i la Dra. Claudia Vallejo van presentar dues comunicacions al XXV Congr\u00e9s Internacional de la Societat Internacional de Did\u00e0ctica de la Llengua i Literatura, titulat \u201cLa did\u00e1ctica de la lengua y la literatura en sociedades pluriling\u00fces y tecnologizadas: aprender y ense\u00f1ar desde la cultura oral y escrita hacia la era digital\u201d. El congr\u00e9s va tenir lloc a Lleida, del 27 al 29 de novembre de 2024.<\/p>\n\n\n<p>Les nostres companyes del grup de recerca van exposar dues comunicacions. La primera, sota el t\u00edtol \u201cLa construcci\u00f3 d\u2019una educaci\u00f3 pluriling\u00fce inclusiva: revisi\u00f3 d\u2019una d\u00e8cada de recerca en aprenentatge-servei\u201d, i la segona, \u201cLa diversitat ling\u00fc\u00edstica del professorat en formaci\u00f3: Veus\u201d.<\/p>\n\n\n<p>La primera presentaci\u00f3 s\u2019emmarca dins del projecte CULT (Constructing a Collaborative Understanding of Learning and Teaching for the XXI Century), finan\u00e7at pel Ministerio de Ciencia, Innovaci\u00f3n y Universidades, i la segona, dins del projecte LISTIAC.<\/p>\n\n\n<p><\/p>\n\n\n<blockquote class=\"wp-block-quote is-layout-flow wp-block-quote-is-layout-flow\">\n  <p><strong>GREIP&#8217;s insight<\/strong><br>\n    \u00a1Ha sido una jordana de muchos aprendizajes!\n  <\/p>\n<\/blockquote>\n\n\n\n<p><\/p>\n\n\n  ","protected":false},"excerpt":{"rendered":"<p>La Dra. Emilee Moore i la Dra. Claudia Vallejo van presentar dues comunicacions al XXV Congr\u00e9s Internacional de la Societat Internacional de Did\u00e0ctica de la Llengua i Literatura, titulat \u201cLa did\u00e1ctica de la lengua y la literatura en sociedades pluriling\u00fces y tecnologizadas: aprender y ense\u00f1ar desde la cultura oral y escrita hacia la era digital\u201d. [&hellip;]<\/p>\n","protected":false},"author":294,"featured_media":10505,"comment_status":"closed","ping_status":"closed","sticky":false,"template":"","format":"standard","meta":{"footnotes":""},"categories":[26],"tags":[],"class_list":["post-4162757306","post","type-post","status-publish","format-standard","has-post-thumbnail","hentry","category-noticies"],"_links":{"self":[{"href":"https:\/\/webs.uab.cat\/greip\/wp-json\/wp\/v2\/posts\/4162757306","targetHints":{"allow":["GET"]}}],"collection":[{"href":"https:\/\/webs.uab.cat\/greip\/wp-json\/wp\/v2\/posts"}],"about":[{"href":"https:\/\/webs.uab.cat\/greip\/wp-json\/wp\/v2\/types\/post"}],"author":[{"embeddable":true,"href":"https:\/\/webs.uab.cat\/greip\/wp-json\/wp\/v2\/users\/294"}],"replies":[{"embeddable":true,"href":"https:\/\/webs.uab.cat\/greip\/wp-json\/wp\/v2\/comments?post=4162757306"}],"version-history":[{"count":1,"href":"https:\/\/webs.uab.cat\/greip\/wp-json\/wp\/v2\/posts\/4162757306\/revisions"}],"predecessor-version":[{"id":4164935966,"href":"https:\/\/webs.uab.cat\/greip\/wp-json\/wp\/v2\/posts\/4162757306\/revisions\/4164935966"}],"wp:featuredmedia":[{"embeddable":true,"href":"https:\/\/webs.uab.cat\/greip\/wp-json\/wp\/v2\/media\/10505"}],"wp:attachment":[{"href":"https:\/\/webs.uab.cat\/greip\/wp-json\/wp\/v2\/media?parent=4162757306"}],"wp:term":[{"taxonomy":"category","embeddable":true,"href":"https:\/\/webs.uab.cat\/greip\/wp-json\/wp\/v2\/categories?post=4162757306"},{"taxonomy":"post_tag","embeddable":true,"href":"https:\/\/webs.uab.cat\/greip\/wp-json\/wp\/v2\/tags?post=4162757306"}],"curies":[{"name":"wp","href":"https:\/\/api.w.org\/{rel}","templated":true}]}}