{"id":4163764707,"date":"2025-01-30T12:19:00","date_gmt":"2025-01-30T12:19:00","guid":{"rendered":"https:\/\/greip.uab.cat\/?p=4163764707"},"modified":"2025-05-07T18:34:03","modified_gmt":"2025-05-07T18:34:03","slug":"primer-mooc-en-catala","status":"publish","type":"post","link":"https:\/\/webs.uab.cat\/greip\/primer-mooc-en-catala\/","title":{"rendered":"Primer MOOC en Catal\u00e0"},"content":{"rendered":"\n\n<p>A comen\u00e7aments del mes de gener membres del nostre grup de recerca han publicat el primer MOOC en Catal\u00e0 a la plataforma Coursera \u201cEnsenyament de lleng\u00fces i alfabetitzaci\u00f3 de persones adultes\u201c. Aquest curs esta dissenyat per a persones que ensenyen llengua o volen ensenyar llengua a persones adultes. A m\u00e9s est\u00e0 dirigit a persones docents i volunt\u00e0ries d&#8217;institucions educatives, entitats, ONG, etc., i d\u2019altres persones interessades que s\u2019inicien o volen aprofundir en la did\u00e0ctica de la llengua i l\u2019alfabetitzaci\u00f3.<\/p>\n\n\n<p>En aquest curs es parla dels perfils i necessitats de l\u2019alumnat, de propostes per ensenyar llengua, de l\u2019alfabetitzaci\u00f3 de persones adultes i d\u2019alguns reptes que es poden trobar quan ens iniciem en aquest camp. Les persones inscrites adquiriran coneixements i estrat\u00e8gies per dissenyar i implementar classes de llengua adequades per aquest perfil d\u2019alumnat.<\/p>\n\n\n<p>Volem donar l&#8217;enhorabona a la Dra. J\u00falia Llompart, a la Dra. Emilee Moore, a la Dra. Dolors Masats i la Dra. Denise Holgu\u00edn per el treball fet.<\/p>\n\n\n<p><\/p>\n\n\n<blockquote class=\"wp-block-quote is-layout-flow wp-block-quote-is-layout-flow\">\n  <p><strong>GREIP&#8217;s insight<\/strong><br>\n    Kudos to our group members!\n  <\/p>\n<\/blockquote>\n\n\n\n<p><\/p>\n\n\n  ","protected":false},"excerpt":{"rendered":"<p>A comen\u00e7aments del mes de gener membres del nostre grup de recerca han publicat el primer MOOC en Catal\u00e0 a la plataforma Coursera \u201cEnsenyament de lleng\u00fces i alfabetitzaci\u00f3 de persones adultes\u201c. Aquest curs esta dissenyat per a persones que ensenyen llengua o volen ensenyar llengua a persones adultes. A m\u00e9s est\u00e0 dirigit a persones docents [&hellip;]<\/p>\n","protected":false},"author":294,"featured_media":10511,"comment_status":"closed","ping_status":"closed","sticky":false,"template":"","format":"standard","meta":{"footnotes":""},"categories":[26],"tags":[],"class_list":["post-4163764707","post","type-post","status-publish","format-standard","has-post-thumbnail","hentry","category-noticies"],"_links":{"self":[{"href":"https:\/\/webs.uab.cat\/greip\/wp-json\/wp\/v2\/posts\/4163764707","targetHints":{"allow":["GET"]}}],"collection":[{"href":"https:\/\/webs.uab.cat\/greip\/wp-json\/wp\/v2\/posts"}],"about":[{"href":"https:\/\/webs.uab.cat\/greip\/wp-json\/wp\/v2\/types\/post"}],"author":[{"embeddable":true,"href":"https:\/\/webs.uab.cat\/greip\/wp-json\/wp\/v2\/users\/294"}],"replies":[{"embeddable":true,"href":"https:\/\/webs.uab.cat\/greip\/wp-json\/wp\/v2\/comments?post=4163764707"}],"version-history":[{"count":1,"href":"https:\/\/webs.uab.cat\/greip\/wp-json\/wp\/v2\/posts\/4163764707\/revisions"}],"predecessor-version":[{"id":4164935960,"href":"https:\/\/webs.uab.cat\/greip\/wp-json\/wp\/v2\/posts\/4163764707\/revisions\/4164935960"}],"wp:featuredmedia":[{"embeddable":true,"href":"https:\/\/webs.uab.cat\/greip\/wp-json\/wp\/v2\/media\/10511"}],"wp:attachment":[{"href":"https:\/\/webs.uab.cat\/greip\/wp-json\/wp\/v2\/media?parent=4163764707"}],"wp:term":[{"taxonomy":"category","embeddable":true,"href":"https:\/\/webs.uab.cat\/greip\/wp-json\/wp\/v2\/categories?post=4163764707"},{"taxonomy":"post_tag","embeddable":true,"href":"https:\/\/webs.uab.cat\/greip\/wp-json\/wp\/v2\/tags?post=4163764707"}],"curies":[{"name":"wp","href":"https:\/\/api.w.org\/{rel}","templated":true}]}}