{"id":4163921834,"date":"2025-02-07T11:39:00","date_gmt":"2025-02-07T11:39:00","guid":{"rendered":"https:\/\/greip.uab.cat\/?p=4163921834"},"modified":"2025-05-07T18:34:02","modified_gmt":"2025-05-07T18:34:02","slug":"doctoral-school-day-2","status":"publish","type":"post","link":"https:\/\/webs.uab.cat\/greip\/doctoral-school-day-2\/","title":{"rendered":"Doctoral School &#8211; Day 2"},"content":{"rendered":"\n\n<p>On the second day of the doctoral school, we couldn\u2019t be more grateful. Dr. Meike Wernicke and Sadia Shad captivated us with a presentation on the positionality of the researcher, guiding our questions, our process, and the collective construction of knowledge. Central to their discussion were reflections on who we are as researchers, why we engage in this work, and for whom we do it\u2014questions that, as they put it, are fundamental to any research process.<\/p>\n\n\n<p>Afterward, GREIP PhD student Changchun Li shared both his triumphs and challenges as a second-year doctoral student. He concluded his talk by engaging senior and junior researchers in a discussion about sample sizes and publication processes.<\/p>\n\n\n<p>Today, we look forward to Dr. Florence Bonacina-Pugh\u2019s presentation on Exploring \u2018practiced language policies\u2019, where she will illustrate how this concept has contributed to the empirical turn in language policy research. It promises to be a stimulating and busy afternoon for all of us.<\/p>\n\n\n<p><\/p>\n\n\n<blockquote class=\"wp-block-quote is-layout-flow wp-block-quote-is-layout-flow\">\n  <p><strong>GREIP&#8217;s insight<\/strong><br>\n    Enhorabona a tot l&#8217;equip de recerca GREIP i a tots els assistents a l&#8217;Escola de Doctorat. La seva participaci\u00f3 i intervencions han contribu\u00eft a fer d&#8217;aquestes jornades una experi\u00e8ncia molt enriquidora.\n  <\/p>\n<\/blockquote>\n\n\n\n<p><\/p>\n\n\n  ","protected":false},"excerpt":{"rendered":"<p>On the second day of the doctoral school, we couldn\u2019t be more grateful. Dr. Meike Wernicke and Sadia Shad captivated us with a presentation on the positionality of the researcher, guiding our questions, our process, and the collective construction of knowledge. Central to their discussion were reflections on who we are as researchers, why we [&hellip;]<\/p>\n","protected":false},"author":294,"featured_media":10515,"comment_status":"closed","ping_status":"closed","sticky":false,"template":"","format":"standard","meta":{"footnotes":""},"categories":[26],"tags":[],"class_list":["post-4163921834","post","type-post","status-publish","format-standard","has-post-thumbnail","hentry","category-noticies"],"_links":{"self":[{"href":"https:\/\/webs.uab.cat\/greip\/wp-json\/wp\/v2\/posts\/4163921834","targetHints":{"allow":["GET"]}}],"collection":[{"href":"https:\/\/webs.uab.cat\/greip\/wp-json\/wp\/v2\/posts"}],"about":[{"href":"https:\/\/webs.uab.cat\/greip\/wp-json\/wp\/v2\/types\/post"}],"author":[{"embeddable":true,"href":"https:\/\/webs.uab.cat\/greip\/wp-json\/wp\/v2\/users\/294"}],"replies":[{"embeddable":true,"href":"https:\/\/webs.uab.cat\/greip\/wp-json\/wp\/v2\/comments?post=4163921834"}],"version-history":[{"count":1,"href":"https:\/\/webs.uab.cat\/greip\/wp-json\/wp\/v2\/posts\/4163921834\/revisions"}],"predecessor-version":[{"id":4164935956,"href":"https:\/\/webs.uab.cat\/greip\/wp-json\/wp\/v2\/posts\/4163921834\/revisions\/4164935956"}],"wp:featuredmedia":[{"embeddable":true,"href":"https:\/\/webs.uab.cat\/greip\/wp-json\/wp\/v2\/media\/10515"}],"wp:attachment":[{"href":"https:\/\/webs.uab.cat\/greip\/wp-json\/wp\/v2\/media?parent=4163921834"}],"wp:term":[{"taxonomy":"category","embeddable":true,"href":"https:\/\/webs.uab.cat\/greip\/wp-json\/wp\/v2\/categories?post=4163921834"},{"taxonomy":"post_tag","embeddable":true,"href":"https:\/\/webs.uab.cat\/greip\/wp-json\/wp\/v2\/tags?post=4163921834"}],"curies":[{"name":"wp","href":"https:\/\/api.w.org\/{rel}","templated":true}]}}