{"id":4163939727,"date":"2025-02-08T17:39:00","date_gmt":"2025-02-08T17:39:00","guid":{"rendered":"https:\/\/greip.uab.cat\/?p=4163939727"},"modified":"2025-05-07T18:34:02","modified_gmt":"2025-05-07T18:34:02","slug":"escola-doctoral-dia-3","status":"publish","type":"post","link":"https:\/\/webs.uab.cat\/greip\/escola-doctoral-dia-3\/","title":{"rendered":"Escola Doctoral\u00a0 &#8211; Dia 3"},"content":{"rendered":"\n\n<p>Ahir vam concloure la nostra escola doctoral 2025 amb la presentaci\u00f3 de la Dra. Florence Bonacina-Pugh, professora titular i associada d&#8217;ensenyament d&#8217;idiomes, aix\u00ed com codirectora del centre de recerca sobre llengua, interculturalitat i alfabetitzaci\u00f3 de la Moray House School of Education and Sport de la Universitat d&#8217;Edimburg (Esc\u00f2cia, Regne Unit). En la seva pon\u00e8ncia, va presentar el concepte de pol\u00edtiques ling\u00fc\u00edstiques practicades (Bonacina-Pugh, 2012) i com aquest concepte ha contribu\u00eft a l\u2019aven\u00e7 del gir emp\u00edric en la recerca sobre pol\u00edtiques ling\u00fc\u00edstiques.<\/p>\n\n\n<p>Despr\u00e9s d&#8217;una breu pausa, els estudiants doctorals, investigadors novells i experts van participar en una hackathon, on van identificar els reptes que afronten els investigadors en la recerca sobre educaci\u00f3 ling\u00fc\u00edstica i liter\u00e0ria amb subjectes humans. Sens dubte, han estat unes jornades plenes d\u2019aprenentatges i desafiaments per als assistents. Esperem veure-us a tots i totes en la pr\u00f2xima edici\u00f3 de l\u2019escola doctoral.<\/p>\n\n\n<p><\/p>\n\n\n<blockquote class=\"wp-block-quote is-layout-flow wp-block-quote-is-layout-flow\">\n  <p><strong>GREIP&#8217;s insight<\/strong><br>\n    Kudos to our lead researcher, Dr. Melinda Dooly, for an amazing event and for inviting such great speakers.\n  <\/p>\n<\/blockquote>\n\n\n\n<p><\/p>\n\n\n  ","protected":false},"excerpt":{"rendered":"<p>Ahir vam concloure la nostra escola doctoral 2025 amb la presentaci\u00f3 de la Dra. Florence Bonacina-Pugh, professora titular i associada d&#8217;ensenyament d&#8217;idiomes, aix\u00ed com codirectora del centre de recerca sobre llengua, interculturalitat i alfabetitzaci\u00f3 de la Moray House School of Education and Sport de la Universitat d&#8217;Edimburg (Esc\u00f2cia, Regne Unit). En la seva pon\u00e8ncia, va [&hellip;]<\/p>\n","protected":false},"author":294,"featured_media":10516,"comment_status":"closed","ping_status":"closed","sticky":false,"template":"","format":"standard","meta":{"footnotes":""},"categories":[26],"tags":[],"class_list":["post-4163939727","post","type-post","status-publish","format-standard","has-post-thumbnail","hentry","category-noticies"],"_links":{"self":[{"href":"https:\/\/webs.uab.cat\/greip\/wp-json\/wp\/v2\/posts\/4163939727","targetHints":{"allow":["GET"]}}],"collection":[{"href":"https:\/\/webs.uab.cat\/greip\/wp-json\/wp\/v2\/posts"}],"about":[{"href":"https:\/\/webs.uab.cat\/greip\/wp-json\/wp\/v2\/types\/post"}],"author":[{"embeddable":true,"href":"https:\/\/webs.uab.cat\/greip\/wp-json\/wp\/v2\/users\/294"}],"replies":[{"embeddable":true,"href":"https:\/\/webs.uab.cat\/greip\/wp-json\/wp\/v2\/comments?post=4163939727"}],"version-history":[{"count":1,"href":"https:\/\/webs.uab.cat\/greip\/wp-json\/wp\/v2\/posts\/4163939727\/revisions"}],"predecessor-version":[{"id":4164935955,"href":"https:\/\/webs.uab.cat\/greip\/wp-json\/wp\/v2\/posts\/4163939727\/revisions\/4164935955"}],"wp:featuredmedia":[{"embeddable":true,"href":"https:\/\/webs.uab.cat\/greip\/wp-json\/wp\/v2\/media\/10516"}],"wp:attachment":[{"href":"https:\/\/webs.uab.cat\/greip\/wp-json\/wp\/v2\/media?parent=4163939727"}],"wp:term":[{"taxonomy":"category","embeddable":true,"href":"https:\/\/webs.uab.cat\/greip\/wp-json\/wp\/v2\/categories?post=4163939727"},{"taxonomy":"post_tag","embeddable":true,"href":"https:\/\/webs.uab.cat\/greip\/wp-json\/wp\/v2\/tags?post=4163939727"}],"curies":[{"name":"wp","href":"https:\/\/api.w.org\/{rel}","templated":true}]}}