{"id":4164937581,"date":"2025-11-26T11:39:43","date_gmt":"2025-11-26T11:39:43","guid":{"rendered":"https:\/\/webs.uab.cat\/greip\/?p=4164937581"},"modified":"2025-11-26T11:40:44","modified_gmt":"2025-11-26T11:40:44","slug":"presentacio-del-projecte-alphabetica","status":"publish","type":"post","link":"https:\/\/webs.uab.cat\/greip\/presentacio-del-projecte-alphabetica\/","title":{"rendered":"Presentaci\u00f3 del projecte ALPHABETICA"},"content":{"rendered":"\n<p>El dijous 20 de novembre, la nostra companya&nbsp;Claudia&nbsp;Vallejo&nbsp;va presentar un seminari titulat&nbsp;<em>\u201cCo-creant espais de recerca i educaci\u00f3 inclusius a trav\u00e9s de les arts, el pluriling\u00fcisme i les pluriliteracitats\u201d<\/em>, per invitaci\u00f3 del grup de recerca GLOSSA de la Universitat de Vic &#8211; Universitat Central de Catalunya i en el marc de la seva estada de recerca.<\/p>\n\n\n\n<p>Durant el seminari, va donar a con\u00e8ixer les l\u00ednies de recerca del projecte Horizon Europe&nbsp;Alphabetica, del qual \u00e9s coordinadora local, aix\u00ed como les primeres accions i dades recollides en el pilot&nbsp;Plurart, que desenvolupem al GREIP en el marc d&#8217;aquest projecte i en col\u00b7laboraci\u00f3 amb l\u2019Institut Escola El Viver.<\/p>\n\n\n\n<blockquote class=\"wp-block-quote is-layout-flow wp-block-quote-is-layout-flow\">\n<p><strong>GREIP&#8217;s Insight<\/strong><\/p>\n\n\n\n<p><em>Fue un encuentro muy enriquecedor, que permiti\u00f3 compartir reflexiones y experiencias en torno a la investigaci\u00f3n sobre pluriling\u00fcismo, pluriliteracidades y enfoques creativos.<\/em><\/p>\n<\/blockquote>\n","protected":false},"excerpt":{"rendered":"<p>El dijous 20 de novembre, la nostra companya&nbsp;Claudia&nbsp;Vallejo&nbsp;va presentar un seminari titulat&nbsp;\u201cCo-creant espais de recerca i educaci\u00f3 inclusius a trav\u00e9s de les arts, el pluriling\u00fcisme i les pluriliteracitats\u201d, per invitaci\u00f3 del grup de recerca GLOSSA de la Universitat de Vic &#8211; Universitat Central de Catalunya i en el marc de la seva estada de recerca. [&hellip;]<\/p>\n","protected":false},"author":294,"featured_media":4164937582,"comment_status":"closed","ping_status":"closed","sticky":false,"template":"","format":"standard","meta":{"footnotes":""},"categories":[26],"tags":[],"class_list":["post-4164937581","post","type-post","status-publish","format-standard","has-post-thumbnail","hentry","category-noticies"],"_links":{"self":[{"href":"https:\/\/webs.uab.cat\/greip\/wp-json\/wp\/v2\/posts\/4164937581","targetHints":{"allow":["GET"]}}],"collection":[{"href":"https:\/\/webs.uab.cat\/greip\/wp-json\/wp\/v2\/posts"}],"about":[{"href":"https:\/\/webs.uab.cat\/greip\/wp-json\/wp\/v2\/types\/post"}],"author":[{"embeddable":true,"href":"https:\/\/webs.uab.cat\/greip\/wp-json\/wp\/v2\/users\/294"}],"replies":[{"embeddable":true,"href":"https:\/\/webs.uab.cat\/greip\/wp-json\/wp\/v2\/comments?post=4164937581"}],"version-history":[{"count":2,"href":"https:\/\/webs.uab.cat\/greip\/wp-json\/wp\/v2\/posts\/4164937581\/revisions"}],"predecessor-version":[{"id":4164937586,"href":"https:\/\/webs.uab.cat\/greip\/wp-json\/wp\/v2\/posts\/4164937581\/revisions\/4164937586"}],"wp:featuredmedia":[{"embeddable":true,"href":"https:\/\/webs.uab.cat\/greip\/wp-json\/wp\/v2\/media\/4164937582"}],"wp:attachment":[{"href":"https:\/\/webs.uab.cat\/greip\/wp-json\/wp\/v2\/media?parent=4164937581"}],"wp:term":[{"taxonomy":"category","embeddable":true,"href":"https:\/\/webs.uab.cat\/greip\/wp-json\/wp\/v2\/categories?post=4164937581"},{"taxonomy":"post_tag","embeddable":true,"href":"https:\/\/webs.uab.cat\/greip\/wp-json\/wp\/v2\/tags?post=4164937581"}],"curies":[{"name":"wp","href":"https:\/\/api.w.org\/{rel}","templated":true}]}}