{"id":677,"date":"2025-10-08T10:23:59","date_gmt":"2025-10-08T08:23:59","guid":{"rendered":"https:\/\/webs.uab.cat\/gret\/?p=677"},"modified":"2026-04-08T12:55:46","modified_gmt":"2026-04-08T10:55:46","slug":"noticies-lineup","status":"publish","type":"post","link":"https:\/\/webs.uab.cat\/gret\/noticies-lineup\/","title":{"rendered":"NOT\u00cdCIES LINEup"},"content":{"rendered":"\n<div class=\"wp-block-group\"><div class=\"wp-block-group__inner-container is-layout-constrained wp-block-group-is-layout-constrained\">\n<p><\/p>\n\n\n\n<h2 class=\"wp-block-heading has-text-align-left\">LINEup: nou v\u00eddeo!<\/h2>\n\n\n<div class=\"wp-block-image\">\n<figure class=\"aligncenter\"><img loading=\"lazy\" decoding=\"async\" width=\"1016\" height=\"716\" src=\"https:\/\/webs.uab.cat\/gret\/wp-content\/uploads\/sites\/620\/2025\/10\/Cartoon-3_08.04.26.jpg\" alt=\"\" class=\"wp-image-1094\" srcset=\"https:\/\/webs.uab.cat\/gret\/wp-content\/uploads\/sites\/620\/2025\/10\/Cartoon-3_08.04.26.jpg 1016w, https:\/\/webs.uab.cat\/gret\/wp-content\/uploads\/sites\/620\/2025\/10\/Cartoon-3_08.04.26-300x211.jpg 300w, https:\/\/webs.uab.cat\/gret\/wp-content\/uploads\/sites\/620\/2025\/10\/Cartoon-3_08.04.26-768x541.jpg 768w\" sizes=\"auto, (max-width: 1016px) 100vw, 1016px\" \/><\/figure>\n<\/div>\n\n\n<p class=\"has-text-align-left\">Com les desigualtats modelen cada proc\u00e9s d\u2019aprenentatge?<\/p>\n\n\n\n<p>Mira el v\u00eddeo del projecte europeu LINEup (amb subt\u00edtols disponibles!) aqu\u00ed:<br><a href=\"https:\/\/www.youtube.com\/watch?v=xWnXmowS2x4\">https:\/\/www.youtube.com\/watch?v=xWnXmowS2x4<\/a><\/p>\n\n\n\n<p class=\"has-text-align-left\"><a href=\"https:\/\/x.com\/hashtag\/LINEupProject?src=hashtag_click\">#LINEupProject<\/a> <\/p>\n<\/div><\/div>\n\n\n\n<p><\/p>\n\n\n\n<div class=\"wp-block-group\"><div class=\"wp-block-group__inner-container is-layout-constrained wp-block-group-is-layout-constrained\">\n<h2 class=\"wp-block-heading has-text-align-left\">LINEup: Treball de camp<\/h2>\n\n\n\n<figure class=\"wp-block-gallery has-nested-images columns-default is-cropped wp-block-gallery-1 is-layout-flex wp-block-gallery-is-layout-flex\">\n<figure class=\"wp-block-image size-full is-style-default\"><img loading=\"lazy\" decoding=\"async\" width=\"1440\" height=\"2560\" data-id=\"1087\" src=\"https:\/\/webs.uab.cat\/gret\/wp-content\/uploads\/sites\/620\/2025\/10\/UAB-with-Zaraobe-principal-scaled.jpg\" alt=\"\" class=\"wp-image-1087\" srcset=\"https:\/\/webs.uab.cat\/gret\/wp-content\/uploads\/sites\/620\/2025\/10\/UAB-with-Zaraobe-principal-scaled.jpg 1440w, https:\/\/webs.uab.cat\/gret\/wp-content\/uploads\/sites\/620\/2025\/10\/UAB-with-Zaraobe-principal-169x300.jpg 169w, https:\/\/webs.uab.cat\/gret\/wp-content\/uploads\/sites\/620\/2025\/10\/UAB-with-Zaraobe-principal-576x1024.jpg 576w, https:\/\/webs.uab.cat\/gret\/wp-content\/uploads\/sites\/620\/2025\/10\/UAB-with-Zaraobe-principal-768x1365.jpg 768w, https:\/\/webs.uab.cat\/gret\/wp-content\/uploads\/sites\/620\/2025\/10\/UAB-with-Zaraobe-principal-864x1536.jpg 864w, https:\/\/webs.uab.cat\/gret\/wp-content\/uploads\/sites\/620\/2025\/10\/UAB-with-Zaraobe-principal-1152x2048.jpg 1152w, https:\/\/webs.uab.cat\/gret\/wp-content\/uploads\/sites\/620\/2025\/10\/UAB-with-Zaraobe-principal-1200x2133.jpg 1200w, https:\/\/webs.uab.cat\/gret\/wp-content\/uploads\/sites\/620\/2025\/10\/UAB-with-Zaraobe-principal-1980x3520.jpg 1980w\" sizes=\"auto, (max-width: 1440px) 100vw, 1440px\" \/><\/figure>\n<\/figure>\n\n\n\n<p class=\"has-text-align-left\">Diari de campanya<\/p>\n\n\n\n<p class=\"has-text-align-left\">Hem iniciat el treball de camp i estem molt contents. I ho hem fet a un institut p\u00fablic del Pa\u00eds Basc: el &#8220;Zaraobe Institutua&#8221;. La jornada de feina que v\u00e0rem portar a terme all\u00e0 va anar com la seda i va ser molt profitosa. I part del m\u00e8rit de que tot an\u00e9s rodat \u00e9s gr\u00e0cies al director de l&#8217;institut, I\u00f1igo L\u00f3pez (a la imatge), el nostre referent en aquest centre i que va ser clau en coordinar persones pels diferents grups focals que hi v\u00e0rem realitzar. Agra\u00efm a totes les persones la seva participaci\u00f3 i molt especialment a l&#8217;I\u00f1igo per tota l&#8217;atenci\u00f3 rebuda i la seva generosa hospitalitat.<\/p>\n\n\n\n<p class=\"has-text-align-left\">A m\u00e9s, volem destacar el bon ambient de col\u00b7laboraci\u00f3 que es va generar durant tota la jornada, que va facilitar un intercanvi d\u2019idees ric i constructiu. Les aportacions de l\u2019alumnat i del professorat van ser especialment valuoses i ens han proporcionat perspectives molt interessants per continuar avan\u00e7ant en la recerca. Tamb\u00e9 cal remarcar l\u2019organitzaci\u00f3 impecable del centre, que va permetre optimitzar el temps i desenvolupar totes les activitats previstes sense incid\u00e8ncies. En definitiva, aquesta primera experi\u00e8ncia de camp ens encoratja a seguir endavant amb molta il\u00b7lusi\u00f3 i confian\u00e7a en els resultats del projecte.<\/p>\n\n\n\n<p class=\"has-text-align-left\">Tornem a casa amb moltes dades i molta informaci\u00f3 i ens acomiadem del &#8220;Zaraobe Institutua&#8221; amb un fins aviat!<\/p>\n\n\n\n<p class=\"has-text-align-left\"><a href=\"https:\/\/x.com\/hashtag\/LINEupProject?src=hashtag_click\">#LINEupProject<\/a> <\/p>\n\n\n\n<p><\/p>\n\n\n\n<h2 class=\"wp-block-heading has-text-align-left\">Reuni\u00f3 LINEup a Mil\u00e0<\/h2>\n\n\n<div class=\"wp-block-image is-style-default\">\n<figure class=\"aligncenter size-full is-resized\"><img loading=\"lazy\" decoding=\"async\" width=\"1920\" height=\"2560\" src=\"https:\/\/webs.uab.cat\/gret\/wp-content\/uploads\/sites\/620\/2025\/10\/Milano_20.03.26-scaled.jpg\" alt=\"\" class=\"wp-image-1079\" style=\"aspect-ratio:0.7500041852912126;width:551px;height:auto\" srcset=\"https:\/\/webs.uab.cat\/gret\/wp-content\/uploads\/sites\/620\/2025\/10\/Milano_20.03.26-scaled.jpg 1920w, https:\/\/webs.uab.cat\/gret\/wp-content\/uploads\/sites\/620\/2025\/10\/Milano_20.03.26-225x300.jpg 225w, https:\/\/webs.uab.cat\/gret\/wp-content\/uploads\/sites\/620\/2025\/10\/Milano_20.03.26-768x1024.jpg 768w, https:\/\/webs.uab.cat\/gret\/wp-content\/uploads\/sites\/620\/2025\/10\/Milano_20.03.26-1152x1536.jpg 1152w, https:\/\/webs.uab.cat\/gret\/wp-content\/uploads\/sites\/620\/2025\/10\/Milano_20.03.26-1536x2048.jpg 1536w, https:\/\/webs.uab.cat\/gret\/wp-content\/uploads\/sites\/620\/2025\/10\/Milano_20.03.26-1200x1600.jpg 1200w, https:\/\/webs.uab.cat\/gret\/wp-content\/uploads\/sites\/620\/2025\/10\/Milano_20.03.26-1980x2640.jpg 1980w\" sizes=\"auto, (max-width: 1920px) 100vw, 1920px\" \/><\/figure>\n<\/div>\n\n\n<p>Els Advisory Boards del projecte europeu LINEup van reunir-se el 19 i el 20 de mar\u00e7 a Milano<\/p>\n\n\n\n<p class=\"has-text-align-left\"><a href=\"https:\/\/x.com\/hashtag\/LINEupProject?src=hashtag_click\">#LINEupProject<\/a> <\/p>\n\n\n\n<p><\/p>\n\n\n\n<p><\/p>\n\n\n\n<h2 class=\"wp-block-heading has-text-align-left\">Nou v\u00eddeo a Youtube<\/h2>\n\n\n<div class=\"wp-block-image is-style-default\">\n<figure class=\"aligncenter size-full\"><img loading=\"lazy\" decoding=\"async\" width=\"567\" height=\"304\" src=\"https:\/\/webs.uab.cat\/gret\/wp-content\/uploads\/sites\/620\/2025\/10\/video-inequality.jpg\" alt=\"\" class=\"wp-image-1069\" srcset=\"https:\/\/webs.uab.cat\/gret\/wp-content\/uploads\/sites\/620\/2025\/10\/video-inequality.jpg 567w, https:\/\/webs.uab.cat\/gret\/wp-content\/uploads\/sites\/620\/2025\/10\/video-inequality-300x161.jpg 300w\" sizes=\"auto, (max-width: 567px) 100vw, 567px\" \/><\/figure>\n<\/div>\n\n\n<p class=\"has-text-align-left\">Qu\u00e8 causen les desigualtats educatives? <\/p>\n\n\n\n<p>Mira el v\u00eddeo del projecte europeu LINEup aqu\u00ed:<a href=\"https:\/\/mailchi.mp\/lineup-project.eu\/did-you-know-newsletter-jan2026\"> <\/a><a href=\"https:\/\/www.youtube.com\/watch?v=zOq-ejmyobk\">https:\/\/www.youtube.com\/watch?v=zOq-ejmyobk<\/a><\/p>\n\n\n\n<p class=\"has-text-align-left\"><a href=\"https:\/\/x.com\/hashtag\/LINEupProject?src=hashtag_click\">#LINEupProject<\/a> <\/p>\n\n\n\n<p><\/p>\n\n\n\n<p><\/p>\n\n\n\n<h2 class=\"wp-block-heading has-text-align-left\">Obrim perfil a BlueSky<\/h2>\n\n\n<div class=\"wp-block-image is-style-default\">\n<figure class=\"aligncenter size-full\"><img loading=\"lazy\" decoding=\"async\" width=\"164\" height=\"144\" src=\"https:\/\/webs.uab.cat\/gret\/wp-content\/uploads\/sites\/620\/2025\/10\/logo-bluesky.jpg\" alt=\"\" class=\"wp-image-1074\" \/><\/figure>\n<\/div>\n\n\n<p class=\"has-text-align-left\">Ja som a BlueSky! Hem obert perfil en aquesta xarxa social i ens pots seguir tamb\u00e9 per all\u00e0 si n&#8217;ets usuari.<\/p>\n\n\n\n<p>Segueix-nos en totes les xarxes socials i ara tamb\u00e9 a BlueSky clicant aqu\u00ed:<a href=\"https:\/\/www.youtube.com\/watch?v=zOq-ejmyobk\"> <\/a><a href=\"https:\/\/bsky.app\/profile\/gret-uab.bsky.social\">https:\/\/bsky.app\/profile\/gret-uab.bsky.social<\/a><\/p>\n\n\n\n<p class=\"has-text-align-left\">#GRETUAB<\/p>\n\n\n\n<p><\/p>\n\n\n\n<p><\/p>\n\n\n\n<h2 class=\"wp-block-heading has-text-align-left\">Newsletter &#8220;Did you Know?&#8221;<\/h2>\n\n\n<div class=\"wp-block-image is-style-default\">\n<figure class=\"aligncenter size-full\"><img loading=\"lazy\" decoding=\"async\" width=\"1080\" height=\"1080\" src=\"https:\/\/webs.uab.cat\/gret\/wp-content\/uploads\/sites\/620\/2025\/10\/newsletter.png\" alt=\"\" class=\"wp-image-1064\" srcset=\"https:\/\/webs.uab.cat\/gret\/wp-content\/uploads\/sites\/620\/2025\/10\/newsletter.png 1080w, https:\/\/webs.uab.cat\/gret\/wp-content\/uploads\/sites\/620\/2025\/10\/newsletter-300x300.png 300w, https:\/\/webs.uab.cat\/gret\/wp-content\/uploads\/sites\/620\/2025\/10\/newsletter-1024x1024.png 1024w, https:\/\/webs.uab.cat\/gret\/wp-content\/uploads\/sites\/620\/2025\/10\/newsletter-150x150.png 150w, https:\/\/webs.uab.cat\/gret\/wp-content\/uploads\/sites\/620\/2025\/10\/newsletter-768x768.png 768w\" sizes=\"auto, (max-width: 1080px) 100vw, 1080px\" \/><\/figure>\n<\/div>\n\n\n<p class=\"has-text-align-left\">Ja pots llegir el quart n\u00famero (de gener 2026) del butllet\u00ed del projecte LINEup &#8220;Did you know?&#8221;<\/p>\n\n\n\n<p>Cosulta&#8217;l aqu\u00ed i subscriu-te a les Newsletters: <a href=\"https:\/\/mailchi.mp\/lineup-project.eu\/did-you-know-newsletter-jan2026\">https:\/\/mailchi.mp\/lineup-project.eu\/did-you-know-newsletter-jan2026<\/a><\/p>\n\n\n\n<p class=\"has-text-align-left\"><a href=\"https:\/\/x.com\/hashtag\/LINEupProject?src=hashtag_click\">#LINEupProject<\/a> <\/p>\n\n\n\n<p class=\"has-text-align-left\"><\/p>\n\n\n\n<p><\/p>\n\n\n\n<h2 class=\"wp-block-heading has-text-align-left\">Dades longitudinals LINEup<\/h2>\n\n\n<div class=\"wp-block-image is-style-default\">\n<figure class=\"aligncenter size-full\"><img loading=\"lazy\" decoding=\"async\" width=\"567\" height=\"591\" src=\"https:\/\/webs.uab.cat\/gret\/wp-content\/uploads\/sites\/620\/2025\/10\/DATA-EXPLORER-MAP.png\" alt=\"\" class=\"wp-image-1056\" srcset=\"https:\/\/webs.uab.cat\/gret\/wp-content\/uploads\/sites\/620\/2025\/10\/DATA-EXPLORER-MAP.png 567w, https:\/\/webs.uab.cat\/gret\/wp-content\/uploads\/sites\/620\/2025\/10\/DATA-EXPLORER-MAP-288x300.png 288w\" sizes=\"auto, (max-width: 567px) 100vw, 567px\" \/><\/figure>\n<\/div>\n\n\n<p class=\"has-text-align-left\">Vols consultar dades longitudinals sobre resultats d\u2019aprenentatge d&#8217;estudiants de tot Europa? <\/p>\n\n\n\n<p class=\"has-text-align-left\">Consulta el nostre mapa (de codi obert) aqu\u00ed: <a href=\"https:\/\/t.co\/eEUbVTL9Po\" target=\"_blank\" rel=\"noreferrer noopener\">https:\/\/lineup-project.eu\/map\/<\/a> <\/p>\n\n\n\n<p class=\"has-text-align-left\"><a href=\"https:\/\/x.com\/hashtag\/LINEupProject?src=hashtag_click\">#LINEupProject<\/a> <a href=\"https:\/\/x.com\/hashtag\/LINEupMAP?src=hashtag_click\">#LINEupMAP<\/a> <a href=\"https:\/\/x.com\/hashtag\/LINEupDATAEXPLORER?src=hashtag_click\">#LINEupDATAEXPLORER<\/a><\/p>\n\n\n\n<p class=\"has-text-align-left\"><\/p>\n\n\n\n<p><\/p>\n\n\n\n<h2 class=\"wp-block-heading has-text-align-left\">Newsletters LINEup<\/h2>\n\n\n<div class=\"wp-block-image is-style-default\">\n<figure class=\"aligncenter size-large\"><img loading=\"lazy\" decoding=\"async\" width=\"1024\" height=\"1024\" src=\"https:\/\/webs.uab.cat\/gret\/wp-content\/uploads\/sites\/620\/2025\/10\/LINEup_instagram_newsletter-1-1024x1024.png\" alt=\"\" class=\"wp-image-1053\" srcset=\"https:\/\/webs.uab.cat\/gret\/wp-content\/uploads\/sites\/620\/2025\/10\/LINEup_instagram_newsletter-1-1024x1024.png 1024w, https:\/\/webs.uab.cat\/gret\/wp-content\/uploads\/sites\/620\/2025\/10\/LINEup_instagram_newsletter-1-300x300.png 300w, https:\/\/webs.uab.cat\/gret\/wp-content\/uploads\/sites\/620\/2025\/10\/LINEup_instagram_newsletter-1-150x150.png 150w, https:\/\/webs.uab.cat\/gret\/wp-content\/uploads\/sites\/620\/2025\/10\/LINEup_instagram_newsletter-1-768x768.png 768w, https:\/\/webs.uab.cat\/gret\/wp-content\/uploads\/sites\/620\/2025\/10\/LINEup_instagram_newsletter-1.png 1080w\" sizes=\"auto, (max-width: 1024px) 100vw, 1024px\" \/><\/figure>\n<\/div>\n\n\n<p>Apunta&#8217;t a les nostres dues newsletters per estar al dia de totes les novetats del projecte LINEup! Els butlletins de not\u00edcies es diuen &#8220;Did you know?&#8221; i &#8220;Lessons Learned&#8221; i ambdues les pots trobar aqu\u00ed:<\/p>\n\n\n\n<figure class=\"wp-block-embed is-type-wp-embed is-provider-lineup wp-block-embed-lineup\"><div class=\"wp-block-embed__wrapper\">\n<blockquote class=\"wp-embedded-content\" data-secret=\"ih6rSdc5oP\"><a href=\"https:\/\/www.lineup-project.eu\/newsletters\/\">Newsletters<\/a><\/blockquote><iframe loading=\"lazy\" class=\"wp-embedded-content\" sandbox=\"allow-scripts\" security=\"restricted\" style=\"position: absolute; visibility: hidden;\" title=\"&#8220;Newsletters&#8221; &#8212; LineUp\" src=\"https:\/\/www.lineup-project.eu\/newsletters\/embed\/#?secret=uOXh00rAXV#?secret=ih6rSdc5oP\" data-secret=\"ih6rSdc5oP\" width=\"580\" height=\"327\" frameborder=\"0\" marginwidth=\"0\" marginheight=\"0\" scrolling=\"no\"><\/iframe>\n<\/div><\/figure>\n\n\n\n<p class=\"has-text-align-left\"><a href=\"https:\/\/x.com\/hashtag\/LINEupProject?src=hashtag_click\">#LINEupProject<\/a> <\/p>\n\n\n\n<p><\/p>\n<\/div><\/div>\n\n\n\n<div class=\"wp-block-group\"><div class=\"wp-block-group__inner-container is-layout-constrained wp-block-group-is-layout-constrained\">\n<p><\/p>\n\n\n\n<h2 class=\"wp-block-heading has-text-align-left\">LINEup a Youtube<\/h2>\n\n\n\n<figure class=\"wp-block-embed is-type-video is-provider-youtube wp-block-embed-youtube wp-embed-aspect-16-9 wp-has-aspect-ratio\"><div class=\"wp-block-embed__wrapper\">\n<iframe loading=\"lazy\" title=\"LINEup Project, mind the gap: a school\u2019s perspective on Educational Inequality\" width=\"580\" height=\"326\" src=\"https:\/\/www.youtube.com\/embed\/2E9uo6ebwRI?feature=oembed\" frameborder=\"0\" allow=\"accelerometer; autoplay; clipboard-write; encrypted-media; gyroscope; picture-in-picture; web-share\" referrerpolicy=\"strict-origin-when-cross-origin\" allowfullscreen><\/iframe>\n<\/div><\/figure>\n\n\n\n<p class=\"has-text-align-left\">L\u2019educaci\u00f3 hauria de ser un dret universal per a tot l\u2019alumnat i no un privilegi.<\/p>\n\n\n\n<p>Mira el v\u00eddeo relacionat al canal de Youtube del projecte LINEup: <a href=\"https:\/\/www.youtube.com\/watch?v=2E9uo6ebwRI\">https:\/\/www.youtube.com\/watch?v=2E9uo6ebwRI<\/a><\/p>\n\n\n\n<p class=\"has-text-align-left\"><a href=\"https:\/\/x.com\/hashtag\/LINEupProject?src=hashtag_click\">#LINEupProject<\/a> <\/p>\n\n\n\n<p class=\"has-text-align-left\"><\/p>\n\n\n\n<p><\/p>\n\n\n\n<h2 class=\"wp-block-heading has-text-align-left\">Web projecte LINEup<\/h2>\n\n\n\n<p><\/p>\n\n\n<div class=\"wp-block-image is-style-default\">\n<figure class=\"aligncenter size-large\"><img loading=\"lazy\" decoding=\"async\" width=\"1024\" height=\"538\" src=\"https:\/\/webs.uab.cat\/gret\/wp-content\/uploads\/sites\/620\/2025\/10\/LINEup_research-1024x538.png\" alt=\"\" class=\"wp-image-1046\" srcset=\"https:\/\/webs.uab.cat\/gret\/wp-content\/uploads\/sites\/620\/2025\/10\/LINEup_research-1024x538.png 1024w, https:\/\/webs.uab.cat\/gret\/wp-content\/uploads\/sites\/620\/2025\/10\/LINEup_research-300x158.png 300w, https:\/\/webs.uab.cat\/gret\/wp-content\/uploads\/sites\/620\/2025\/10\/LINEup_research-768x403.png 768w, https:\/\/webs.uab.cat\/gret\/wp-content\/uploads\/sites\/620\/2025\/10\/LINEup_research.png 1200w\" sizes=\"auto, (max-width: 1024px) 100vw, 1024px\" \/><\/figure>\n<\/div>\n\n\n<p class=\"has-text-align-left\">Segueix la nostra web i l&#8217;etiqueta <a href=\"https:\/\/x.com\/hashtag\/LINEupProject?src=hashtag_click\">#LINEupProject<\/a> per estar sempre informat de les darreres not\u00edcies del projecte LINEup! <a href=\"https:\/\/t.co\/1baocQeen1\" target=\"_blank\" rel=\"noreferrer noopener\">https:\/\/lineup-project.eu<\/a><\/p>\n\n\n\n<p><\/p>\n\n\n\n<p><\/p>\n\n\n\n<h2 class=\"wp-block-heading has-text-align-left\">Workshop Atenes<\/h2>\n\n\n<div class=\"wp-block-image is-style-default\">\n<figure class=\"aligncenter size-large\"><img loading=\"lazy\" decoding=\"async\" width=\"1024\" height=\"768\" src=\"https:\/\/webs.uab.cat\/gret\/wp-content\/uploads\/sites\/620\/2025\/10\/meeting-and-board-2-1024x768.jpg\" alt=\"\" class=\"wp-image-780\" srcset=\"https:\/\/webs.uab.cat\/gret\/wp-content\/uploads\/sites\/620\/2025\/10\/meeting-and-board-2-1024x768.jpg 1024w, https:\/\/webs.uab.cat\/gret\/wp-content\/uploads\/sites\/620\/2025\/10\/meeting-and-board-2-300x225.jpg 300w, https:\/\/webs.uab.cat\/gret\/wp-content\/uploads\/sites\/620\/2025\/10\/meeting-and-board-2-768x576.jpg 768w, https:\/\/webs.uab.cat\/gret\/wp-content\/uploads\/sites\/620\/2025\/10\/meeting-and-board-2-1200x900.jpg 1200w, https:\/\/webs.uab.cat\/gret\/wp-content\/uploads\/sites\/620\/2025\/10\/meeting-and-board-2.jpg 1462w\" sizes=\"auto, (max-width: 1024px) 100vw, 1024px\" \/><\/figure>\n<\/div>\n\n\n<p class=\"has-text-align-left\">El passat 16 d&#8217;octubre de 2025, a Atenes, van tenir lloc les diferents reunions dels investigadors principals dels pa\u00efsos socis del projecte europeu LINEup, que en configuren el seu consell assessor.<br><br>En les diferents reunions van revisar el progr\u00e9s del projecte i van debatre els principals assoliments i reptes fins al moment. Van compartir actualitzacions de cada paquet de treball i van coordinar les properes accions, pels propers mesos.<br>Junts, van prendre decisions estrat\u00e8giques i t\u00e8cniques per orientar i planificar el projecte les accions m\u00e9s immediates i van acordar les prioritats per als mesos seg\u00fcents.<\/p>\n\n\n\n<p class=\"has-text-align-left\"><\/p>\n\n\n\n<p><\/p>\n\n\n\n<h2 class=\"wp-block-heading has-text-align-left\">Proper workshop<\/h2>\n\n\n<div class=\"wp-block-image is-style-default\">\n<figure class=\"aligncenter size-large is-resized\"><img loading=\"lazy\" decoding=\"async\" width=\"819\" height=\"1024\" src=\"https:\/\/webs.uab.cat\/gret\/wp-content\/uploads\/sites\/620\/2025\/10\/LineUp-Atenes_17.10.25-819x1024.png\" alt=\"\" class=\"wp-image-686\" style=\"width:326px;height:auto\" srcset=\"https:\/\/webs.uab.cat\/gret\/wp-content\/uploads\/sites\/620\/2025\/10\/LineUp-Atenes_17.10.25-819x1024.png 819w, https:\/\/webs.uab.cat\/gret\/wp-content\/uploads\/sites\/620\/2025\/10\/LineUp-Atenes_17.10.25-240x300.png 240w, https:\/\/webs.uab.cat\/gret\/wp-content\/uploads\/sites\/620\/2025\/10\/LineUp-Atenes_17.10.25-768x960.png 768w, https:\/\/webs.uab.cat\/gret\/wp-content\/uploads\/sites\/620\/2025\/10\/LineUp-Atenes_17.10.25.png 1080w\" sizes=\"auto, (max-width: 819px) 100vw, 819px\" \/><\/figure>\n<\/div>\n\n\n<p class=\"has-text-align-left\">El proper 17 d&#8217;octubre de 2025 tindr\u00e0 lloc el workshop &#8220;<strong>Comprensi\u00f3 de les desigualtats educatives mitjan\u00e7ant dades longitudinals: fonamentant evid\u00e8ncia, per fer un mapa de l&#8217;educaci\u00f3<\/strong>&#8220;.<\/p>\n\n\n\n<p class=\"has-text-align-left\">Les sessions de treball tindran lloc a Atenes, de 10h a 18h.<\/p>\n<\/div><\/div>\n\n\n\n<p><\/p>\n\n\n\n<p><\/p>\n\n\n\n<p class=\"has-text-align-left\"><\/p>\n\n\n\n<p><\/p>\n\n\n\n<h2 class=\"wp-block-heading has-text-align-left\">Segueix-nos a les nostres xarxes socials!<\/h2>\n\n\n\n<ul class=\"wp-block-social-links is-layout-flex wp-block-social-links-is-layout-flex\"><li class=\"wp-social-link wp-social-link-linkedin  wp-block-social-link\"><a href=\"https:\/\/www.linkedin.com\/in\/lineup-spain-8ab227389\/?miniProfileUrn=urn%3Ali%3Afsd_profile%3AACoAAF-bfkMB_lLtsJXxKWp8klvxMZMlOTL0l2Y\" class=\"wp-block-social-link-anchor\"><svg width=\"24\" height=\"24\" viewBox=\"0 0 24 24\" version=\"1.1\" xmlns=\"http:\/\/www.w3.org\/2000\/svg\" aria-hidden=\"true\" focusable=\"false\"><path d=\"M19.7,3H4.3C3.582,3,3,3.582,3,4.3v15.4C3,20.418,3.582,21,4.3,21h15.4c0.718,0,1.3-0.582,1.3-1.3V4.3 C21,3.582,20.418,3,19.7,3z M8.339,18.338H5.667v-8.59h2.672V18.338z M7.004,8.574c-0.857,0-1.549-0.694-1.549-1.548 c0-0.855,0.691-1.548,1.549-1.548c0.854,0,1.547,0.694,1.547,1.548C8.551,7.881,7.858,8.574,7.004,8.574z M18.339,18.338h-2.669 v-4.177c0-0.996-0.017-2.278-1.387-2.278c-1.389,0-1.601,1.086-1.601,2.206v4.249h-2.667v-8.59h2.559v1.174h0.037 c0.356-0.675,1.227-1.387,2.526-1.387c2.703,0,3.203,1.779,3.203,4.092V18.338z\"><\/path><\/svg><span class=\"wp-block-social-link-label screen-reader-text\">LinkedIn<\/span><\/a><\/li><\/ul>\n\n\n\n<ul class=\"wp-block-social-links is-layout-flex wp-block-social-links-is-layout-flex\"><li class=\"wp-social-link wp-social-link-facebook  wp-block-social-link\"><a href=\"https:\/\/www.facebook.com\/profile.php?id=61581840453639\" class=\"wp-block-social-link-anchor\"><svg width=\"24\" height=\"24\" viewBox=\"0 0 24 24\" version=\"1.1\" xmlns=\"http:\/\/www.w3.org\/2000\/svg\" aria-hidden=\"true\" focusable=\"false\"><path d=\"M12 2C6.5 2 2 6.5 2 12c0 5 3.7 9.1 8.4 9.9v-7H7.9V12h2.5V9.8c0-2.5 1.5-3.9 3.8-3.9 1.1 0 2.2.2 2.2.2v2.5h-1.3c-1.2 0-1.6.8-1.6 1.6V12h2.8l-.4 2.9h-2.3v7C18.3 21.1 22 17 22 12c0-5.5-4.5-10-10-10z\"><\/path><\/svg><span class=\"wp-block-social-link-label screen-reader-text\">Facebook<\/span><\/a><\/li><\/ul>\n\n\n\n<ul class=\"wp-block-social-links is-layout-flex wp-block-social-links-is-layout-flex\"><li class=\"wp-social-link wp-social-link-instagram  wp-block-social-link\"><a href=\"https:\/\/www.instagram.com\/lineup_spain\/\" class=\"wp-block-social-link-anchor\"><svg width=\"24\" height=\"24\" viewBox=\"0 0 24 24\" version=\"1.1\" xmlns=\"http:\/\/www.w3.org\/2000\/svg\" aria-hidden=\"true\" focusable=\"false\"><path d=\"M12,4.622c2.403,0,2.688,0.009,3.637,0.052c0.877,0.04,1.354,0.187,1.671,0.31c0.42,0.163,0.72,0.358,1.035,0.673 c0.315,0.315,0.51,0.615,0.673,1.035c0.123,0.317,0.27,0.794,0.31,1.671c0.043,0.949,0.052,1.234,0.052,3.637 s-0.009,2.688-0.052,3.637c-0.04,0.877-0.187,1.354-0.31,1.671c-0.163,0.42-0.358,0.72-0.673,1.035 c-0.315,0.315-0.615,0.51-1.035,0.673c-0.317,0.123-0.794,0.27-1.671,0.31c-0.949,0.043-1.233,0.052-3.637,0.052 s-2.688-0.009-3.637-0.052c-0.877-0.04-1.354-0.187-1.671-0.31c-0.42-0.163-0.72-0.358-1.035-0.673 c-0.315-0.315-0.51-0.615-0.673-1.035c-0.123-0.317-0.27-0.794-0.31-1.671C4.631,14.688,4.622,14.403,4.622,12 s0.009-2.688,0.052-3.637c0.04-0.877,0.187-1.354,0.31-1.671c0.163-0.42,0.358-0.72,0.673-1.035 c0.315-0.315,0.615-0.51,1.035-0.673c0.317-0.123,0.794-0.27,1.671-0.31C9.312,4.631,9.597,4.622,12,4.622 M12,3 C9.556,3,9.249,3.01,8.289,3.054C7.331,3.098,6.677,3.25,6.105,3.472C5.513,3.702,5.011,4.01,4.511,4.511 c-0.5,0.5-0.808,1.002-1.038,1.594C3.25,6.677,3.098,7.331,3.054,8.289C3.01,9.249,3,9.556,3,12c0,2.444,0.01,2.751,0.054,3.711 c0.044,0.958,0.196,1.612,0.418,2.185c0.23,0.592,0.538,1.094,1.038,1.594c0.5,0.5,1.002,0.808,1.594,1.038 c0.572,0.222,1.227,0.375,2.185,0.418C9.249,20.99,9.556,21,12,21s2.751-0.01,3.711-0.054c0.958-0.044,1.612-0.196,2.185-0.418 c0.592-0.23,1.094-0.538,1.594-1.038c0.5-0.5,0.808-1.002,1.038-1.594c0.222-0.572,0.375-1.227,0.418-2.185 C20.99,14.751,21,14.444,21,12s-0.01-2.751-0.054-3.711c-0.044-0.958-0.196-1.612-0.418-2.185c-0.23-0.592-0.538-1.094-1.038-1.594 c-0.5-0.5-1.002-0.808-1.594-1.038c-0.572-0.222-1.227-0.375-2.185-0.418C14.751,3.01,14.444,3,12,3L12,3z M12,7.378 c-2.552,0-4.622,2.069-4.622,4.622S9.448,16.622,12,16.622s4.622-2.069,4.622-4.622S14.552,7.378,12,7.378z M12,15 c-1.657,0-3-1.343-3-3s1.343-3,3-3s3,1.343,3,3S13.657,15,12,15z M16.804,6.116c-0.596,0-1.08,0.484-1.08,1.08 s0.484,1.08,1.08,1.08c0.596,0,1.08-0.484,1.08-1.08S17.401,6.116,16.804,6.116z\"><\/path><\/svg><span class=\"wp-block-social-link-label screen-reader-text\">Instagram<\/span><\/a><\/li><\/ul>\n\n\n\n<ul class=\"wp-block-social-links is-layout-flex wp-block-social-links-is-layout-flex\"><li class=\"wp-social-link wp-social-link-x  wp-block-social-link\"><a href=\"https:\/\/x.com\/LINEup_Spain\" class=\"wp-block-social-link-anchor\"><svg width=\"24\" height=\"24\" viewBox=\"0 0 24 24\" version=\"1.1\" xmlns=\"http:\/\/www.w3.org\/2000\/svg\" aria-hidden=\"true\" focusable=\"false\"><path d=\"M13.982 10.622 20.54 3h-1.554l-5.693 6.618L8.745 3H3.5l6.876 10.007L3.5 21h1.554l6.012-6.989L15.868 21h5.245l-7.131-10.378Zm-2.128 2.474-.697-.997-5.543-7.93H8l4.474 6.4.697.996 5.815 8.318h-2.387l-4.745-6.787Z\" \/><\/svg><span class=\"wp-block-social-link-label screen-reader-text\">X<\/span><\/a><\/li><\/ul>\n\n\n\n<ul class=\"wp-block-social-links is-layout-flex wp-block-social-links-is-layout-flex\"><li class=\"wp-social-link wp-social-link-bluesky  wp-block-social-link\"><a href=\"https:\/\/bsky.app\/profile\/gret-uab.bsky.social\" class=\"wp-block-social-link-anchor\"><svg width=\"24\" height=\"24\" viewBox=\"0 0 24 24\" version=\"1.1\" xmlns=\"http:\/\/www.w3.org\/2000\/svg\" aria-hidden=\"true\" focusable=\"false\"><path d=\"M6.3,4.2c2.3,1.7,4.8,5.3,5.7,7.2.9-1.9,3.4-5.4,5.7-7.2,1.7-1.3,4.3-2.2,4.3.9s-.4,5.2-.6,5.9c-.7,2.6-3.3,3.2-5.6,2.8,4,.7,5.1,3,2.9,5.3-5,5.2-6.7-2.8-6.7-2.8,0,0-1.7,8-6.7,2.8-2.2-2.3-1.2-4.6,2.9-5.3-2.3.4-4.9-.3-5.6-2.8-.2-.7-.6-5.3-.6-5.9,0-3.1,2.7-2.1,4.3-.9h0Z\"><\/path><\/svg><span class=\"wp-block-social-link-label screen-reader-text\">Bluesky<\/span><\/a><\/li><\/ul>\n\n\n\n<ul class=\"wp-block-social-links is-layout-flex wp-block-social-links-is-layout-flex\"><li class=\"wp-social-link wp-social-link-youtube  wp-block-social-link\"><a href=\"https:\/\/www.youtube.com\/@LINEupProject\" class=\"wp-block-social-link-anchor\"><svg width=\"24\" height=\"24\" viewBox=\"0 0 24 24\" version=\"1.1\" xmlns=\"http:\/\/www.w3.org\/2000\/svg\" aria-hidden=\"true\" focusable=\"false\"><path d=\"M21.8,8.001c0,0-0.195-1.378-0.795-1.985c-0.76-0.797-1.613-0.801-2.004-0.847c-2.799-0.202-6.997-0.202-6.997-0.202 h-0.009c0,0-4.198,0-6.997,0.202C4.608,5.216,3.756,5.22,2.995,6.016C2.395,6.623,2.2,8.001,2.2,8.001S2,9.62,2,11.238v1.517 c0,1.618,0.2,3.237,0.2,3.237s0.195,1.378,0.795,1.985c0.761,0.797,1.76,0.771,2.205,0.855c1.6,0.153,6.8,0.201,6.8,0.201 s4.203-0.006,7.001-0.209c0.391-0.047,1.243-0.051,2.004-0.847c0.6-0.607,0.795-1.985,0.795-1.985s0.2-1.618,0.2-3.237v-1.517 C22,9.62,21.8,8.001,21.8,8.001z M9.935,14.594l-0.001-5.62l5.404,2.82L9.935,14.594z\"><\/path><\/svg><span class=\"wp-block-social-link-label screen-reader-text\">YouTube<\/span><\/a><\/li><\/ul>\n\n\n\n<p>I segueix la nostra etiqueta #LINEupProject<\/p>\n\n\n\n<p><\/p>\n\n\n\n<p><\/p>\n\n\n\n<h2 class=\"wp-block-heading has-text-align-left\">Presentaci\u00f3<\/h2>\n\n\n\n<figure class=\"wp-block-image size-large\"><img loading=\"lazy\" decoding=\"async\" width=\"1024\" height=\"545\" src=\"https:\/\/webs.uab.cat\/gret\/wp-content\/uploads\/sites\/620\/2025\/10\/LINEUP-logo-Normal-1-1024x545.png\" alt=\"\" class=\"wp-image-678\" srcset=\"https:\/\/webs.uab.cat\/gret\/wp-content\/uploads\/sites\/620\/2025\/10\/LINEUP-logo-Normal-1-1024x545.png 1024w, https:\/\/webs.uab.cat\/gret\/wp-content\/uploads\/sites\/620\/2025\/10\/LINEUP-logo-Normal-1-300x160.png 300w, https:\/\/webs.uab.cat\/gret\/wp-content\/uploads\/sites\/620\/2025\/10\/LINEUP-logo-Normal-1-768x409.png 768w, https:\/\/webs.uab.cat\/gret\/wp-content\/uploads\/sites\/620\/2025\/10\/LINEUP-logo-Normal-1-1536x818.png 1536w, https:\/\/webs.uab.cat\/gret\/wp-content\/uploads\/sites\/620\/2025\/10\/LINEUP-logo-Normal-1-2048x1090.png 2048w, https:\/\/webs.uab.cat\/gret\/wp-content\/uploads\/sites\/620\/2025\/10\/LINEUP-logo-Normal-1-1200x639.png 1200w, https:\/\/webs.uab.cat\/gret\/wp-content\/uploads\/sites\/620\/2025\/10\/LINEUP-logo-Normal-1-1980x1054.png 1980w\" sizes=\"auto, (max-width: 1024px) 100vw, 1024px\" \/><\/figure>\n\n\n\n<p>Benvinguts a LINEup, el projecte europeu que investiga desigualtats educatives!<\/p>\n\n\n\n<p>LINEup \u00e9s el projecte dedicat a comprendre les desigualtats educatives a trav\u00e9s de dades longitudinals, tot construint evid\u00e8ncia i donant forma al mapa educatiu i aqu\u00ed hi anirem publicant les darreres not\u00edcies sobre el projecte.<\/p>\n\n\n\n<p><\/p>\n","protected":false},"excerpt":{"rendered":"<p>LINEup: nou v\u00eddeo! Com les desigualtats modelen cada proc\u00e9s d\u2019aprenentatge? Mira el v\u00eddeo del projecte europeu LINEup (amb subt\u00edtols disponibles!) aqu\u00ed:https:\/\/www.youtube.com\/watch?v=xWnXmowS2x4 #LINEupProject LINEup: Treball de camp Diari de campanya Hem iniciat el treball de camp i estem molt contents. I ho hem fet a un institut p\u00fablic del Pa\u00eds Basc: el &#8220;Zaraobe Institutua&#8221;. La jornada [&hellip;]<\/p>\n","protected":false},"author":3042,"featured_media":0,"comment_status":"closed","ping_status":"closed","sticky":false,"template":"","format":"standard","meta":{"footnotes":""},"categories":[2],"tags":[],"class_list":["post-677","post","type-post","status-publish","format-standard","hentry","category-gret"],"_links":{"self":[{"href":"https:\/\/webs.uab.cat\/gret\/wp-json\/wp\/v2\/posts\/677","targetHints":{"allow":["GET"]}}],"collection":[{"href":"https:\/\/webs.uab.cat\/gret\/wp-json\/wp\/v2\/posts"}],"about":[{"href":"https:\/\/webs.uab.cat\/gret\/wp-json\/wp\/v2\/types\/post"}],"author":[{"embeddable":true,"href":"https:\/\/webs.uab.cat\/gret\/wp-json\/wp\/v2\/users\/3042"}],"replies":[{"embeddable":true,"href":"https:\/\/webs.uab.cat\/gret\/wp-json\/wp\/v2\/comments?post=677"}],"version-history":[{"count":22,"href":"https:\/\/webs.uab.cat\/gret\/wp-json\/wp\/v2\/posts\/677\/revisions"}],"predecessor-version":[{"id":1097,"href":"https:\/\/webs.uab.cat\/gret\/wp-json\/wp\/v2\/posts\/677\/revisions\/1097"}],"wp:attachment":[{"href":"https:\/\/webs.uab.cat\/gret\/wp-json\/wp\/v2\/media?parent=677"}],"wp:term":[{"taxonomy":"category","embeddable":true,"href":"https:\/\/webs.uab.cat\/gret\/wp-json\/wp\/v2\/categories?post=677"},{"taxonomy":"post_tag","embeddable":true,"href":"https:\/\/webs.uab.cat\/gret\/wp-json\/wp\/v2\/tags?post=677"}],"curies":[{"name":"wp","href":"https:\/\/api.w.org\/{rel}","templated":true}]}}