{"id":1178,"date":"2015-09-25T10:44:10","date_gmt":"2015-09-25T08:44:10","guid":{"rendered":"https:\/\/webs.uab.cat\/hpca4se\/news\/tomas-artes-presenta-su-tesis-doctoral\/"},"modified":"2015-09-25T10:44:10","modified_gmt":"2015-09-25T08:44:10","slug":"tomas-artes-presenta-su-tesis-doctoral","status":"publish","type":"news","link":"https:\/\/webs.uab.cat\/hpca4se\/es\/news\/tomas-artes-presenta-su-tesis-doctoral\/","title":{"rendered":"Tom\u00e0s Art\u00e9s presenta su tesis doctoral"},"content":{"rendered":"<p>Tom\u00e0s Art\u00e9s Vivancos, estudiante de doctorado del Departamento de Arquitectura de Computadores y Sistemas Operativos, ha presentado su Tesis Doctoral \u00abMulti-core hybrid architectures applied to forest fire spread prediction\u00bb el pasado 30 de enero y ha obtenido una calificaci\u00f3n de Excelente Cum Laude.<\/p>\n<p>En el apartado Tesis Doctorales hay m\u00e1s detalles sobre <a href=\"http:\/\/grupsderecerca.uab.cat\/hpca4se\/content\/multi-core-hybrid-architectures-applied-forest-fire-spread-prediction\">esta tesis<\/a>.<\/p>\n","protected":false},"excerpt":{"rendered":"<p>Tom\u00e0s Art\u00e9s Vivancos, estudiante de doctorado del Departamento de Arquitectura de Computadores y Sistemas Operativos, ha presentado su Tesis Doctoral \u00abMulti-core hybrid architectures applied to forest fire spread prediction\u00bb el pasado 30 de enero y ha obtenido una calificaci\u00f3n de Excelente Cum Laude. En el apartado Tesis Doctorales hay m\u00e1s detalles sobre esta tesis.<\/p>\n","protected":false},"author":20,"featured_media":1179,"template":"","class_list":["post-1178","news","type-news","status-publish","has-post-thumbnail","hentry"],"_links":{"self":[{"href":"https:\/\/webs.uab.cat\/hpca4se\/es\/wp-json\/wp\/v2\/news\/1178","targetHints":{"allow":["GET"]}}],"collection":[{"href":"https:\/\/webs.uab.cat\/hpca4se\/es\/wp-json\/wp\/v2\/news"}],"about":[{"href":"https:\/\/webs.uab.cat\/hpca4se\/es\/wp-json\/wp\/v2\/types\/news"}],"author":[{"embeddable":true,"href":"https:\/\/webs.uab.cat\/hpca4se\/es\/wp-json\/wp\/v2\/users\/20"}],"wp:featuredmedia":[{"embeddable":true,"href":"https:\/\/webs.uab.cat\/hpca4se\/es\/wp-json\/wp\/v2\/media\/1179"}],"wp:attachment":[{"href":"https:\/\/webs.uab.cat\/hpca4se\/es\/wp-json\/wp\/v2\/media?parent=1178"}],"curies":[{"name":"wp","href":"https:\/\/api.w.org\/{rel}","templated":true}]}}