{"id":1086,"date":"2014-07-14T00:56:17","date_gmt":"2014-07-13T22:56:17","guid":{"rendered":"https:\/\/webs.uab.cat\/hpca4se\/news\/nova-placa-pif-en-la-linia-de-la-bioinformatica\/"},"modified":"2014-07-14T00:56:17","modified_gmt":"2014-07-13T22:56:17","slug":"nova-placa-pif-en-la-linia-de-la-bioinformatica","status":"publish","type":"news","link":"https:\/\/webs.uab.cat\/hpca4se\/news\/nova-placa-pif-en-la-linia-de-la-bioinformatica\/","title":{"rendered":"Nova pla\u00e7a PIF en la l\u00ednia de la bioinform\u00e0tica"},"content":{"rendered":"<p><span>El Departament d&#8217;Aquitectura de Computadors i Sistemes Operatius ofereix una pla\u00e7a per a Personal Investigador en Formaci\u00f3 per a realitzar la tesi doctoral en el camp de la bioinform\u00e0tica dins el grup de recerca HPCA4SE.<\/span><\/p>\n<p>Les sol\u00b7licituds s&#8217;enviar\u00e0n abans del 16 de juliol a Porfidio Hern\u00e1ndez.&nbsp;<span>(porfidio.hernandez@uab.es). El dia 31 es&nbsp;<\/span><span>publicar\u00e0 al taulell del departament la relaci\u00f3 de candidats admesos i <\/span><span>exclosos. La resoluci\u00f3 definitiva es far\u00e0 p\u00fablica el 30 de setembre. La &nbsp;<\/span><span>data d&#8217;incorporaci\u00f3 ser\u00e0 l&#8217;u de novembre.<\/span><\/p>\n<p>&nbsp;<\/p>\n","protected":false},"excerpt":{"rendered":"<p>El Departament d&#8217;Aquitectura de Computadors i Sistemes Operatius ofereix una pla\u00e7a per a Personal Investigador en Formaci\u00f3 per a realitzar la tesi doctoral en el camp de la bioinform\u00e0tica dins el grup de recerca HPCA4SE. Les sol\u00b7licituds s&#8217;enviar\u00e0n abans del 16 de juliol a Porfidio Hern\u00e1ndez.&nbsp;(porfidio.hernandez@uab.es). El dia 31 es&nbsp;publicar\u00e0 al taulell del departament la [&hellip;]<\/p>\n","protected":false},"author":20,"featured_media":0,"template":"","class_list":["post-1086","news","type-news","status-publish","hentry"],"_links":{"self":[{"href":"https:\/\/webs.uab.cat\/hpca4se\/wp-json\/wp\/v2\/news\/1086","targetHints":{"allow":["GET"]}}],"collection":[{"href":"https:\/\/webs.uab.cat\/hpca4se\/wp-json\/wp\/v2\/news"}],"about":[{"href":"https:\/\/webs.uab.cat\/hpca4se\/wp-json\/wp\/v2\/types\/news"}],"author":[{"embeddable":true,"href":"https:\/\/webs.uab.cat\/hpca4se\/wp-json\/wp\/v2\/users\/20"}],"wp:attachment":[{"href":"https:\/\/webs.uab.cat\/hpca4se\/wp-json\/wp\/v2\/media?parent=1086"}],"curies":[{"name":"wp","href":"https:\/\/api.w.org\/{rel}","templated":true}]}}