{"id":1122,"date":"2014-12-13T21:20:42","date_gmt":"2014-12-13T19:20:42","guid":{"rendered":"https:\/\/webs.uab.cat\/hpca4se\/news\/hpca4se-la-vi-conferencia-lleidadrone\/"},"modified":"2014-12-13T21:20:42","modified_gmt":"2014-12-13T19:20:42","slug":"hpca4se-la-vi-conferencia-lleidadrone","status":"publish","type":"news","link":"https:\/\/webs.uab.cat\/hpca4se\/news\/hpca4se-la-vi-conferencia-lleidadrone\/","title":{"rendered":"HPCA4SE a la VI Confer\u00e8ncia LleidaDrone"},"content":{"rendered":"<p><span>El passat 6 de desembre els Doctrors Tom\u00e0s Margalef i Anna Cort\u00e9s v\u00e0ren assistir al a VI Confer\u00e8ncia LleidaDrone organitzada per l&#8217;empresa CAT UAV celebrat a Collsuspina. La&nbsp;<\/span><a href=\"http:\/\/www.lleidadrone.com\/2014\/12\/resumen-de-las-vi-conferencias-de.html\" target=\"_blank\" rel=\"noopener\">p\u00e0gina de LleidaDrone<\/a><span>&nbsp;mostra un resum i fotografies de l&#8217;esdeveniment.<\/span><\/p>\n","protected":false},"excerpt":{"rendered":"<p>El passat 6 de desembre els Doctrors Tom\u00e0s Margalef i Anna Cort\u00e9s v\u00e0ren assistir al a VI Confer\u00e8ncia LleidaDrone organitzada per l&#8217;empresa CAT UAV celebrat a Collsuspina. La&nbsp;p\u00e0gina de LleidaDrone&nbsp;mostra un resum i fotografies de l&#8217;esdeveniment.<\/p>\n","protected":false},"author":20,"featured_media":1123,"template":"","class_list":["post-1122","news","type-news","status-publish","has-post-thumbnail","hentry"],"_links":{"self":[{"href":"https:\/\/webs.uab.cat\/hpca4se\/wp-json\/wp\/v2\/news\/1122","targetHints":{"allow":["GET"]}}],"collection":[{"href":"https:\/\/webs.uab.cat\/hpca4se\/wp-json\/wp\/v2\/news"}],"about":[{"href":"https:\/\/webs.uab.cat\/hpca4se\/wp-json\/wp\/v2\/types\/news"}],"author":[{"embeddable":true,"href":"https:\/\/webs.uab.cat\/hpca4se\/wp-json\/wp\/v2\/users\/20"}],"wp:featuredmedia":[{"embeddable":true,"href":"https:\/\/webs.uab.cat\/hpca4se\/wp-json\/wp\/v2\/media\/1123"}],"wp:attachment":[{"href":"https:\/\/webs.uab.cat\/hpca4se\/wp-json\/wp\/v2\/media?parent=1122"}],"curies":[{"name":"wp","href":"https:\/\/api.w.org\/{rel}","templated":true}]}}