{"id":77,"date":"2012-01-14T20:33:41","date_gmt":"2012-01-14T18:33:41","guid":{"rendered":"https:\/\/webs.uab.cat\/iceclassiques\/2012\/01\/14\/vi-jornades-de-didactica-de-les-llengues-classiques\/"},"modified":"2012-01-14T20:33:41","modified_gmt":"2012-01-14T18:33:41","slug":"vi-jornades-de-didactica-de-les-llengues-classiques","status":"publish","type":"post","link":"https:\/\/webs.uab.cat\/iceclassiques\/2012\/01\/14\/vi-jornades-de-didactica-de-les-llengues-classiques\/","title":{"rendered":"VI Jornades de Did\u00e0ctica de les Lleng\u00fces Cl\u00e0ssiques"},"content":{"rendered":"<p>&nbsp;<\/p>\n<div id=\"_mcePaste\" style=\"position: absolute; left: -10000px; top: 0px; width: 1px; height: 1px; overflow-x: hidden; overflow-y: hidden;\">JORNADES DE CL\u00c0SSIQUES 2012<\/div>\n<div id=\"_mcePaste\" style=\"position: absolute; left: -10000px; top: 0px; width: 1px; height: 1px; overflow-x: hidden; overflow-y: hidden;\">VI Jornades de Did\u00e0ctica<\/div>\n<div id=\"_mcePaste\" style=\"position: absolute; left: -10000px; top: 0px; width: 1px; height: 1px; overflow-x: hidden; overflow-y: hidden;\">de les Lleng\u00fces Cl\u00e0ssiques<\/div>\n<div id=\"_mcePaste\" style=\"position: absolute; left: -10000px; top: 0px; width: 1px; height: 1px; overflow-x: hidden; overflow-y: hidden;\">16 i 17 de mar\u00e7 del 2012<\/div>\n<div id=\"_mcePaste\" style=\"position: absolute; left: -10000px; top: 0px; width: 1px; height: 1px; overflow-x: hidden; overflow-y: hidden;\">Casa de Convalesc\u00e8ncia Sant PaU (ICE-UAB)<\/div>\n<div id=\"_mcePaste\" style=\"position: absolute; left: -10000px; top: 0px; width: 1px; height: 1px; overflow-x: hidden; overflow-y: hidden;\">Objectius<\/div>\n<div id=\"_mcePaste\" style=\"position: absolute; left: -10000px; top: 0px; width: 1px; height: 1px; overflow-x: hidden; overflow-y: hidden;\">Les jornades, ara en la seva sisena edici\u00f3, van n\u00e9ixer amb la voluntat de ser lloc de<\/div>\n<div id=\"_mcePaste\" style=\"position: absolute; left: -10000px; top: 0px; width: 1px; height: 1px; overflow-x: hidden; overflow-y: hidden;\">trobada del professorat de cl\u00e0ssiques i un espai d\u2019intercanvi de projectes, de comunicaci\u00f3<\/div>\n<div id=\"_mcePaste\" style=\"position: absolute; left: -10000px; top: 0px; width: 1px; height: 1px; overflow-x: hidden; overflow-y: hidden;\">d\u2019experi\u00e8ncies did\u00e0ctiques i de presentaci\u00f3 de recursos per a l\u2019aula. Esperem<\/div>\n<div id=\"_mcePaste\" style=\"position: absolute; left: -10000px; top: 0px; width: 1px; height: 1px; overflow-x: hidden; overflow-y: hidden;\">respondre a les vostres expectatives i ser fidels als objectius marcats en el programa<\/div>\n<div id=\"_mcePaste\" style=\"position: absolute; left: -10000px; top: 0px; width: 1px; height: 1px; overflow-x: hidden; overflow-y: hidden;\">de l\u2019edici\u00f3 d\u2019enguany.<\/div>\n<div id=\"_mcePaste\" style=\"position: absolute; left: -10000px; top: 0px; width: 1px; height: 1px; overflow-x: hidden; overflow-y: hidden;\">Programa<\/div>\n<div id=\"_mcePaste\" style=\"position: absolute; left: -10000px; top: 0px; width: 1px; height: 1px; overflow-x: hidden; overflow-y: hidden;\">Divendres 16<\/div>\n<div id=\"_mcePaste\" style=\"position: absolute; left: -10000px; top: 0px; width: 1px; height: 1px; overflow-x: hidden; overflow-y: hidden;\">9.00 \u2013 9.30<\/div>\n<div id=\"_mcePaste\" style=\"position: absolute; left: -10000px; top: 0px; width: 1px; height: 1px; overflow-x: hidden; overflow-y: hidden;\">Recepci\u00f3 i recollida de la documentaci\u00f3<\/div>\n<div id=\"_mcePaste\" style=\"position: absolute; left: -10000px; top: 0px; width: 1px; height: 1px; overflow-x: hidden; overflow-y: hidden;\">9.30 \u2013 10.00<\/div>\n<div id=\"_mcePaste\" style=\"position: absolute; left: -10000px; top: 0px; width: 1px; height: 1px; overflow-x: hidden; overflow-y: hidden;\">Acte de benvinguda<\/div>\n<div id=\"_mcePaste\" style=\"position: absolute; left: -10000px; top: 0px; width: 1px; height: 1px; overflow-x: hidden; overflow-y: hidden;\">10.00 \u2013 11.00: Pon\u00e8ncia inaugural. L\u2019any de la paraula viva. Hel\u00b7lenistes i llatinistes<\/div>\n<div id=\"_mcePaste\" style=\"position: absolute; left: -10000px; top: 0px; width: 1px; height: 1px; overflow-x: hidden; overflow-y: hidden;\">al llarg dels cent anys de la Secci\u00f3 Filol\u00f2gica de l\u2019Institut d\u2019Estudis Catalans, a c\u00e0rrec de<\/div>\n<div id=\"_mcePaste\" style=\"position: absolute; left: -10000px; top: 0px; width: 1px; height: 1px; overflow-x: hidden; overflow-y: hidden;\">Mari\u00e0ngela Vilallonga, vicepresidenta de l\u2019IEC i catedr\u00e0tica de llat\u00ed de la UdG<\/div>\n<div id=\"_mcePaste\" style=\"position: absolute; left: -10000px; top: 0px; width: 1px; height: 1px; overflow-x: hidden; overflow-y: hidden;\">11.00 \u2013 11.30: Pausa<\/div>\n<div id=\"_mcePaste\" style=\"position: absolute; left: -10000px; top: 0px; width: 1px; height: 1px; overflow-x: hidden; overflow-y: hidden;\">11.30 \u2013 14.00: Intercanvi d\u2019experi\u00e8ncies:<\/div>\n<div id=\"_mcePaste\" style=\"position: absolute; left: -10000px; top: 0px; width: 1px; height: 1px; overflow-x: hidden; overflow-y: hidden;\">La societat Catalana d\u2019Estudis Cl\u00e0ssics, filial de l\u2019IEC, a c\u00e0rrec de Montserrat Jufresa<\/div>\n<div id=\"_mcePaste\" style=\"position: absolute; left: -10000px; top: 0px; width: 1px; height: 1px; overflow-x: hidden; overflow-y: hidden;\">Camp d\u2019Aprenentatge de Tarragona, a c\u00e0rrec de Joana Virgili<\/div>\n<div id=\"_mcePaste\" style=\"position: absolute; left: -10000px; top: 0px; width: 1px; height: 1px; overflow-x: hidden; overflow-y: hidden;\">Ensenyar a aprendre: continguts curriculars de cl\u00e0ssiques en llengua anglesa, a c\u00e0rrec<\/div>\n<div id=\"_mcePaste\" style=\"position: absolute; left: -10000px; top: 0px; width: 1px; height: 1px; overflow-x: hidden; overflow-y: hidden;\">d\u2019Isabel Peinado<\/div>\n<div id=\"_mcePaste\" style=\"position: absolute; left: -10000px; top: 0px; width: 1px; height: 1px; overflow-x: hidden; overflow-y: hidden;\">Experi\u00e8ncia d\u2019una trobada de 270 alumnes de llat\u00ed de quart d\u2019ESO, a c\u00e0rrec de Montse<\/div>\n<div id=\"_mcePaste\" style=\"position: absolute; left: -10000px; top: 0px; width: 1px; height: 1px; overflow-x: hidden; overflow-y: hidden;\">Fiol, Jenny Trivi\u00f1o i Lina Vilamitjana de l\u2019ICE de la UdG<\/div>\n<div id=\"_mcePaste\" style=\"position: absolute; left: -10000px; top: 0px; width: 1px; height: 1px; overflow-x: hidden; overflow-y: hidden;\">14.00: Pausa<\/div>\n<div id=\"_mcePaste\" style=\"position: absolute; left: -10000px; top: 0px; width: 1px; height: 1px; overflow-x: hidden; overflow-y: hidden;\">16.00 \u2013 17.00: Intercanvi d\u2019experi\u00e8ncies:<\/div>\n<div id=\"_mcePaste\" style=\"position: absolute; left: -10000px; top: 0px; width: 1px; height: 1px; overflow-x: hidden; overflow-y: hidden;\">Passejada epigr\u00e0fica per T\u00e0rraco, a c\u00e0rrec de Meritxell Blay i Sergi Ricart<\/div>\n<div id=\"_mcePaste\" style=\"position: absolute; left: -10000px; top: 0px; width: 1px; height: 1px; overflow-x: hidden; overflow-y: hidden;\">M\u00f3n cl\u00e0ssic i projectes europeus, a c\u00e0rrec d\u2019Anna Saur\u00ed<\/div>\n<div id=\"_mcePaste\" style=\"position: absolute; left: -10000px; top: 0px; width: 1px; height: 1px; overflow-x: hidden; overflow-y: hidden;\">17.00 \u2013 19.00: Tallers simultanis<\/div>\n<div id=\"_mcePaste\" style=\"position: absolute; left: -10000px; top: 0px; width: 1px; height: 1px; overflow-x: hidden; overflow-y: hidden;\">1. Taller de traducci\u00f3, a c\u00e0rrec de Joan Alberich<\/div>\n<div id=\"_mcePaste\" style=\"position: absolute; left: -10000px; top: 0px; width: 1px; height: 1px; overflow-x: hidden; overflow-y: hidden;\">2. Taller de literatura (Plaute), a c\u00e0rrec de Mat\u00edas L\u00f3pez<\/div>\n<div id=\"_mcePaste\" style=\"position: absolute; left: -10000px; top: 0px; width: 1px; height: 1px; overflow-x: hidden; overflow-y: hidden;\">3. Taller de jocs i videojocs, a c\u00e0rrec d\u2019Oriol Ripoll<\/div>\n<div id=\"_mcePaste\" style=\"position: absolute; left: -10000px; top: 0px; width: 1px; height: 1px; overflow-x: hidden; overflow-y: hidden;\">4. Taller sobre la ciutat romana, a c\u00e0rrec de Joana Virgili<\/div>\n<div id=\"_mcePaste\" style=\"position: absolute; left: -10000px; top: 0px; width: 1px; height: 1px; overflow-x: hidden; overflow-y: hidden;\">5. Taller de grec oral, a c\u00e0rrec de Mario D\u00edaz<\/div>\n<div id=\"_mcePaste\" style=\"position: absolute; left: -10000px; top: 0px; width: 1px; height: 1px; overflow-x: hidden; overflow-y: hidden;\">Dissabte 19<\/div>\n<div id=\"_mcePaste\" style=\"position: absolute; left: -10000px; top: 0px; width: 1px; height: 1px; overflow-x: hidden; overflow-y: hidden;\">9.00 \u2013 10.00: Trobada col\u00b7loqui amb l\u2019Editorial Alpha: Perspectiva actual i futura de la<\/div>\n<div id=\"_mcePaste\" style=\"position: absolute; left: -10000px; top: 0px; width: 1px; height: 1px; overflow-x: hidden; overflow-y: hidden;\">col\u00b7lecci\u00f3 Bernat Metge<\/div>\n<div id=\"_mcePaste\" style=\"position: absolute; left: -10000px; top: 0px; width: 1px; height: 1px; overflow-x: hidden; overflow-y: hidden;\">10.00 \u2013 11.30: Espai de debat: Les mat\u00e8ries de cl\u00e0ssiques dins l\u2019organitzaci\u00f3 curricular del<\/div>\n<div id=\"_mcePaste\" style=\"position: absolute; left: -10000px; top: 0px; width: 1px; height: 1px; overflow-x: hidden; overflow-y: hidden;\">centre<\/div>\n<div id=\"_mcePaste\" style=\"position: absolute; left: -10000px; top: 0px; width: 1px; height: 1px; overflow-x: hidden; overflow-y: hidden;\">11.30 \u2013 12.00: Pausa<\/div>\n<div id=\"_mcePaste\" style=\"position: absolute; left: -10000px; top: 0px; width: 1px; height: 1px; overflow-x: hidden; overflow-y: hidden;\">12.00 \u2013 13.15: Trobada amb l\u2019escriptora M. Carme Roca, autora de les novel\u00b7les<\/div>\n<div id=\"_mcePaste\" style=\"position: absolute; left: -10000px; top: 0px; width: 1px; height: 1px; overflow-x: hidden; overflow-y: hidden;\">Barcino i Escollida pels d\u00e9us<\/div>\n<div id=\"_mcePaste\" style=\"position: absolute; left: -10000px; top: 0px; width: 1px; height: 1px; overflow-x: hidden; overflow-y: hidden;\">13.15 \u2013 14.00: Acte de cloenda a c\u00e0rrec de Guadalupe Golobardes i Conxita<\/div>\n<div id=\"_mcePaste\" style=\"position: absolute; left: -10000px; top: 0px; width: 1px; height: 1px; overflow-x: hidden; overflow-y: hidden;\">Collellmir<\/div>\n<div id=\"_mcePaste\" style=\"position: absolute; left: -10000px; top: 0px; width: 1px; height: 1px; overflow-x: hidden; overflow-y: hidden;\">Informaci\u00f3 i inscripci\u00f3<\/div>\n<div id=\"_mcePaste\" style=\"position: absolute; left: -10000px; top: 0px; width: 1px; height: 1px; overflow-x: hidden; overflow-y: hidden;\">Dies i lloc: Divendres 16, de 9.00 a 19.00 h; dissabte 17, de 9.30 a 14.00 h<\/div>\n<div id=\"_mcePaste\" style=\"position: absolute; left: -10000px; top: 0px; width: 1px; height: 1px; overflow-x: hidden; overflow-y: hidden;\">ICE UAB, Casa de Convalesc\u00e8ncia. Recinte de Sant Pau, Sant Antoni Maria Claret,<\/div>\n<div id=\"_mcePaste\" style=\"position: absolute; left: -10000px; top: 0px; width: 1px; height: 1px; overflow-x: hidden; overflow-y: hidden;\">167<\/div>\n<div id=\"_mcePaste\" style=\"position: absolute; left: -10000px; top: 0px; width: 1px; height: 1px; overflow-x: hidden; overflow-y: hidden;\">Inscripci\u00f3<\/div>\n<div id=\"_mcePaste\" style=\"position: absolute; left: -10000px; top: 0px; width: 1px; height: 1px; overflow-x: hidden; overflow-y: hidden;\">A partir del 9 de gener. Es pot fer personalment a les oficines del Col\u00b7legi (horari de<\/div>\n<div id=\"_mcePaste\" style=\"position: absolute; left: -10000px; top: 0px; width: 1px; height: 1px; overflow-x: hidden; overflow-y: hidden;\">9 a 14 h. i de 16 a 20 h.) i per Internet: www.cdl.cat.<\/div>\n<div id=\"_mcePaste\" style=\"position: absolute; left: -10000px; top: 0px; width: 1px; height: 1px; overflow-x: hidden; overflow-y: hidden;\">Preu: 40 euros<\/div>\n<div id=\"_mcePaste\" style=\"position: absolute; left: -10000px; top: 0px; width: 1px; height: 1px; overflow-x: hidden; overflow-y: hidden;\">Coordinaci\u00f3: M. Dolors Mart\u00ed<\/div>\n<div id=\"_mcePaste\" style=\"position: absolute; left: -10000px; top: 0px; width: 1px; height: 1px; overflow-x: hidden; overflow-y: hidden;\">Comissi\u00f3 organitzadora: Xavier Y\u00e1\u00f1ez, Ricard Llop, Equip de Formaci\u00f3 i Innovaci\u00f3<\/div>\n<div id=\"_mcePaste\" style=\"position: absolute; left: -10000px; top: 0px; width: 1px; height: 1px; overflow-x: hidden; overflow-y: hidden;\">de Lleng\u00fces i Cultura Cl\u00e0ssiques ICE UAB, Equip ICE de Cultura Cl\u00e0ssica de la UdG<\/div>\n<div id=\"_mcePaste\" style=\"position: absolute; left: -10000px; top: 0px; width: 1px; height: 1px; overflow-x: hidden; overflow-y: hidden;\">Activitat reconeguda dins el Pla de Formaci\u00f3 del Departament d\u2019Educaci\u00f3<\/div>\n<div id=\"_mcePaste\" style=\"position: absolute; left: -10000px; top: 0px; width: 1px; height: 1px; overflow-x: hidden; overflow-y: hidden;\">Rambla de Catalunya, 8, 08007 Barcelona &#8211; Tel 933170428<\/div>\n<div id=\"_mcePaste\" style=\"position: absolute; left: -10000px; top: 0px; width: 1px; height: 1px; overflow-x: hidden; overflow-y: hidden;\">formacio@cdl.cat \u2013 www.cdl.cat<\/div>\n<p><!--more--><\/p>\n<p style=\"text-align: left;\"><span style=\"font-weight: bold;\"><strong>VI Jornades de Did\u00e0ctica&nbsp;de les Lleng\u00fces Cl\u00e0ssiques<\/strong><\/span><\/p>\n<p>16 i 17 de mar\u00e7 del 2012<\/p>\n<p>Casa de Convalesc\u00e8ncia Sant Pau (ICE-UAB)<\/p>\n<p>&nbsp;<\/p>\n<p><em>Objectius<\/em><\/p>\n<p>Les jornades, ara en la seva sisena edici\u00f3, van n\u00e9ixer amb la voluntat de ser lloc de&nbsp;trobada del professorat de cl\u00e0ssiques i un espai d\u2019intercanvi de projectes, de comunicaci\u00f3&nbsp;d\u2019experi\u00e8ncies did\u00e0ctiques i de presentaci\u00f3 de recursos per a l\u2019aula. Esperem&nbsp;respondre a les vostres expectatives i ser fidels als objectius marcats en el programa&nbsp;de l\u2019edici\u00f3 d\u2019enguany.<\/p>\n<p>&nbsp;<\/p>\n<p><em>Programa<\/em><\/p>\n<p>Divendres 16<\/p>\n<p>9.00 \u2013 9.30:&nbsp;Recepci\u00f3 i recollida de la documentaci\u00f3<\/p>\n<p>9.30 \u2013 10.00:&nbsp;Acte de benvinguda<\/p>\n<p>10.00 \u2013 11.00: Pon\u00e8ncia inaugural.<em> L\u2019any de la paraula viva. Hel\u00b7lenistes i llatinistes&nbsp;al llarg dels cent anys de la Secci\u00f3 Filol\u00f2gica de l\u2019Institut d\u2019Estudis Catalans<\/em>, a c\u00e0rrec de&nbsp;Mari\u00e0ngela Vilallonga, vicepresidenta de l\u2019IEC i catedr\u00e0tica de llat\u00ed de la UdG<\/p>\n<p>11.00 \u2013 11.30: Pausa<\/p>\n<p>11.30 \u2013 14.00: Intercanvi d\u2019experi\u00e8ncies:<\/p>\n<ul>\n<li>La societat Catalana d\u2019Estudis Cl\u00e0ssics, filial de l\u2019IEC, a c\u00e0rrec de Montserrat Jufresa<\/li>\n<li>Camp d\u2019Aprenentatge de Tarragona, a c\u00e0rrec de Joana Virgili<\/li>\n<li>Ensenyar a aprendre: continguts curriculars de cl\u00e0ssiques en llengua anglesa, a c\u00e0rrec&nbsp;d\u2019Isabel Peinado<\/li>\n<li>Experi\u00e8ncia d\u2019una trobada de 270 alumnes de llat\u00ed de quart d\u2019ESO, a c\u00e0rrec de Montse&nbsp;Fiol, Jenny Trivi\u00f1o i Lina Vilamitjana de l\u2019ICE de la UdG<\/li>\n<\/ul>\n<p>14.00: Pausa<\/p>\n<p>16.00 \u2013 17.00: Intercanvi d\u2019experi\u00e8ncies:<\/p>\n<ul>\n<li>Passejada epigr\u00e0fica per T\u00e0rraco, a c\u00e0rrec de Meritxell Blay i Sergi Ricart<\/li>\n<li>M\u00f3n cl\u00e0ssic i projectes europeus, a c\u00e0rrec d\u2019Anna Saur\u00ed<\/li>\n<\/ul>\n<p>17.00 \u2013 19.00: Tallers simultanis:<\/p>\n<ol>\n<li>Taller de traducci\u00f3, a c\u00e0rrec de Joan Alberich<\/li>\n<li>Taller de literatura (Plaute), a c\u00e0rrec de Mat\u00edas L\u00f3pez<\/li>\n<li>Taller de jocs i videojocs, a c\u00e0rrec d\u2019Oriol Ripoll<\/li>\n<li>Taller sobre la ciutat romana, a c\u00e0rrec de Joana Virgili<\/li>\n<li>Taller de grec oral, a c\u00e0rrec de Mario D\u00edaz<\/li>\n<\/ol>\n<p>Dissabte 17<\/p>\n<p>9.00 \u2013 10.00: Trobada col\u00b7loqui amb l\u2019Editorial Alpha: Perspectiva actual i futura de la&nbsp;col\u00b7lecci\u00f3 Bernat Metge<\/p>\n<p>10.00 \u2013 11.30: Espai de debat: Les mat\u00e8ries de cl\u00e0ssiques dins l\u2019organitzaci\u00f3 curricular del&nbsp;centre<\/p>\n<p>11.30 \u2013 12.00: Pausa<\/p>\n<p>12.00 \u2013 13.15: Trobada amb l\u2019escriptora M. Carme Roca, autora de les novel\u00b7les&nbsp;<em>Barcino<\/em> i <em>Escollida pels d\u00e9us<\/em><\/p>\n<p>13.15 \u2013 14.00: Acte de cloenda a c\u00e0rrec de Guadalupe Golobardes i Conxita&nbsp;Collellmir<\/p>\n<p>&nbsp;<\/p>\n<p><em>Informaci\u00f3 i inscripci\u00f3<\/em><\/p>\n<p>Dies i lloc: divendres 16, de 9.00 a 19.00 h; dissabte 17, de 9.30 a 14.00 h.&nbsp;ICE UAB, Casa de Convalesc\u00e8ncia. Recinte de Sant Pau, Sant Antoni Maria Claret,&nbsp;167<\/p>\n<p>Inscripci\u00f3 a&nbsp;partir del 9 de gener. Es pot fer personalment a les oficines del Col\u00b7legi (horari de&nbsp;9 a 14 h. i de 16 a 20 h.) i per Internet:&nbsp; <a href=\"http:\/\/www.cdl.cat\/actividades\/jornada\">http:\/\/www.cdl.cat<\/a>.<\/p>\n<p>Preu: 40 euros<\/p>\n<p>Coordinaci\u00f3: M. Dolors Mart\u00ed<\/p>\n<p>Comissi\u00f3 organitzadora: Xavier Y\u00e1\u00f1ez, Ricard Llop, Equip de Formaci\u00f3 i Innovaci\u00f3&nbsp;de Lleng\u00fces i Cultura Cl\u00e0ssiques ICE UAB, Equip ICE de Cultura Cl\u00e0ssica de la UdG<\/p>\n<p>Activitat reconeguda dins el Pla de Formaci\u00f3 del Departament d\u2019Educaci\u00f3<\/p>\n<p>Rambla de Catalunya, 8, 08007 Barcelona &#8211; Tel 933170428<\/p>\n<p>formacio@cdl.cat \u2013 www.cdl.cat<\/p>\n<p>&nbsp;<\/p>\n<p>&nbsp;<\/p>\n","protected":false},"excerpt":{"rendered":"<p>&nbsp; JORNADES DE CL\u00c0SSIQUES 2012 VI Jornades de Did\u00e0ctica de les Lleng\u00fces Cl\u00e0ssiques 16 i 17 de mar\u00e7 del 2012 Casa de Convalesc\u00e8ncia Sant PaU (ICE-UAB) Objectius Les jornades, ara en la seva sisena edici\u00f3, van n\u00e9ixer amb la voluntat de ser lloc de trobada del professorat de cl\u00e0ssiques i un espai d\u2019intercanvi de projectes, [&hellip;]<\/p>\n","protected":false},"author":20,"featured_media":0,"comment_status":"closed","ping_status":"closed","sticky":false,"template":"","format":"standard","meta":{"footnotes":""},"categories":[1],"tags":[],"class_list":["post-77","post","type-post","status-publish","format-standard","hentry","category-uncategorized-ca"],"_links":{"self":[{"href":"https:\/\/webs.uab.cat\/iceclassiques\/wp-json\/wp\/v2\/posts\/77","targetHints":{"allow":["GET"]}}],"collection":[{"href":"https:\/\/webs.uab.cat\/iceclassiques\/wp-json\/wp\/v2\/posts"}],"about":[{"href":"https:\/\/webs.uab.cat\/iceclassiques\/wp-json\/wp\/v2\/types\/post"}],"author":[{"embeddable":true,"href":"https:\/\/webs.uab.cat\/iceclassiques\/wp-json\/wp\/v2\/users\/20"}],"replies":[{"embeddable":true,"href":"https:\/\/webs.uab.cat\/iceclassiques\/wp-json\/wp\/v2\/comments?post=77"}],"version-history":[{"count":0,"href":"https:\/\/webs.uab.cat\/iceclassiques\/wp-json\/wp\/v2\/posts\/77\/revisions"}],"wp:attachment":[{"href":"https:\/\/webs.uab.cat\/iceclassiques\/wp-json\/wp\/v2\/media?parent=77"}],"wp:term":[{"taxonomy":"category","embeddable":true,"href":"https:\/\/webs.uab.cat\/iceclassiques\/wp-json\/wp\/v2\/categories?post=77"},{"taxonomy":"post_tag","embeddable":true,"href":"https:\/\/webs.uab.cat\/iceclassiques\/wp-json\/wp\/v2\/tags?post=77"}],"curies":[{"name":"wp","href":"https:\/\/api.w.org\/{rel}","templated":true}]}}