{"id":78,"date":"2012-01-14T21:07:54","date_gmt":"2012-01-14T19:07:54","guid":{"rendered":"https:\/\/webs.uab.cat\/iceclassiques\/2012\/01\/14\/vi-jornades-de-didactica-de-les-llengues-classiques-2\/"},"modified":"2012-01-14T21:07:54","modified_gmt":"2012-01-14T19:07:54","slug":"vi-jornades-de-didactica-de-les-llengues-classiques-2","status":"publish","type":"post","link":"https:\/\/webs.uab.cat\/iceclassiques\/2012\/01\/14\/vi-jornades-de-didactica-de-les-llengues-classiques-2\/","title":{"rendered":"VI Jornades de Did\u00e0ctica de les Lleng\u00fces Cl\u00e0ssiques"},"content":{"rendered":"<p>Els dies 16 i 17 de mar\u00e7 de 2012 se celebrar\u00e0 la sisena edici\u00f3 de les Jornades de Did\u00e0ctica de les Lleng\u00fces Cl\u00e0ssiques, organitzades conjuntament pel <a href=\"http:\/\/www.cdl.cat\/\">Col\u00b7legi Oficial de Doctors i Llicenciats<\/a> i l&#8217;<a href=\"http:\/\/www.uab.es\/ice\/\">ICE de la UAB<\/a>. Com en les dues edicions anteriors, tindran lloc a la Casa de Convalesc\u00e8ncia de l&#8217;Hospital de Sant Pau de Barcelona, seu de l&#8217;ICE de la UAB. Convidem a participar-hi a tot el professorat de cl\u00e0ssiques de secund\u00e0ria.<\/p>\n<p><a href=\"http:\/\/pagines.uab.cat\/iceclassiques\/node\/59\">Programa i inscripci\u00f3<\/a><\/p>\n","protected":false},"excerpt":{"rendered":"<p>Els dies 16 i 17 de mar\u00e7 de 2012 se celebrar\u00e0 la sisena edici\u00f3 de les Jornades de Did\u00e0ctica de les Lleng\u00fces Cl\u00e0ssiques, organitzades conjuntament pel Col\u00b7legi Oficial de Doctors i Llicenciats i l&#8217;ICE de la UAB. Com en les dues edicions anteriors, tindran lloc a la Casa de Convalesc\u00e8ncia de l&#8217;Hospital de Sant Pau [&hellip;]<\/p>\n","protected":false},"author":20,"featured_media":0,"comment_status":"closed","ping_status":"closed","sticky":false,"template":"","format":"standard","meta":{"footnotes":""},"categories":[1],"tags":[],"class_list":["post-78","post","type-post","status-publish","format-standard","hentry","category-uncategorized-ca"],"_links":{"self":[{"href":"https:\/\/webs.uab.cat\/iceclassiques\/wp-json\/wp\/v2\/posts\/78","targetHints":{"allow":["GET"]}}],"collection":[{"href":"https:\/\/webs.uab.cat\/iceclassiques\/wp-json\/wp\/v2\/posts"}],"about":[{"href":"https:\/\/webs.uab.cat\/iceclassiques\/wp-json\/wp\/v2\/types\/post"}],"author":[{"embeddable":true,"href":"https:\/\/webs.uab.cat\/iceclassiques\/wp-json\/wp\/v2\/users\/20"}],"replies":[{"embeddable":true,"href":"https:\/\/webs.uab.cat\/iceclassiques\/wp-json\/wp\/v2\/comments?post=78"}],"version-history":[{"count":0,"href":"https:\/\/webs.uab.cat\/iceclassiques\/wp-json\/wp\/v2\/posts\/78\/revisions"}],"wp:attachment":[{"href":"https:\/\/webs.uab.cat\/iceclassiques\/wp-json\/wp\/v2\/media?parent=78"}],"wp:term":[{"taxonomy":"category","embeddable":true,"href":"https:\/\/webs.uab.cat\/iceclassiques\/wp-json\/wp\/v2\/categories?post=78"},{"taxonomy":"post_tag","embeddable":true,"href":"https:\/\/webs.uab.cat\/iceclassiques\/wp-json\/wp\/v2\/tags?post=78"}],"curies":[{"name":"wp","href":"https:\/\/api.w.org\/{rel}","templated":true}]}}