{"id":80,"date":"2013-01-07T10:39:50","date_gmt":"2013-01-07T08:39:50","guid":{"rendered":"https:\/\/webs.uab.cat\/iceclassiques\/2013\/01\/07\/vii-jornades-de-didactica-de-les-llengues-classiques\/"},"modified":"2013-01-07T10:39:50","modified_gmt":"2013-01-07T08:39:50","slug":"vii-jornades-de-didactica-de-les-llengues-classiques","status":"publish","type":"post","link":"https:\/\/webs.uab.cat\/iceclassiques\/2013\/01\/07\/vii-jornades-de-didactica-de-les-llengues-classiques\/","title":{"rendered":"VII Jornades de Did\u00e0ctica de les Lleng\u00fces Cl\u00e0ssiques"},"content":{"rendered":"<p>Els dies 15 i 16 de mar\u00e7 de 2013 se celebrar\u00e0 la setena edici\u00f3 de les Jornades de Did\u00e0ctica de les Lleng\u00fces Cl\u00e0ssiques que organitzen conjuntament el&nbsp;<a href=\"http:\/\/www.cdl.cat\/\">Col\u00b7legi Oficial de Doctors i Llicenciats<\/a>&nbsp;i l&#8217;<a href=\"http:\/\/www.uab.es\/ice\/\">ICE de la UAB<\/a>. Com en les tres edicions anteriors, ens trobarem a la Casa de Convalesc\u00e8ncia de l&#8217;Hospital de Sant Pau de Barcelona, seu de l&#8217;ICE de la UAB. Esperem que el programa sigui d&#8217;inter\u00e8s per al major nombre possible de professors i professores de cl\u00e0ssiques de secund\u00e0ria i us convidem a tots a participar-hi.<\/p>\n<p><a href=\"http:\/\/cdl3.cdl.cat\/images\/pdfs\/classiques_2013.pdf\">Programa<\/a><\/p>\n","protected":false},"excerpt":{"rendered":"<p>Els dies 15 i 16 de mar\u00e7 de 2013 se celebrar\u00e0 la setena edici\u00f3 de les Jornades de Did\u00e0ctica de les Lleng\u00fces Cl\u00e0ssiques que organitzen conjuntament el&nbsp;Col\u00b7legi Oficial de Doctors i Llicenciats&nbsp;i l&#8217;ICE de la UAB. Com en les tres edicions anteriors, ens trobarem a la Casa de Convalesc\u00e8ncia de l&#8217;Hospital de Sant Pau de [&hellip;]<\/p>\n","protected":false},"author":20,"featured_media":0,"comment_status":"closed","ping_status":"closed","sticky":false,"template":"","format":"standard","meta":{"footnotes":""},"categories":[1],"tags":[],"class_list":["post-80","post","type-post","status-publish","format-standard","hentry","category-uncategorized-ca"],"_links":{"self":[{"href":"https:\/\/webs.uab.cat\/iceclassiques\/wp-json\/wp\/v2\/posts\/80","targetHints":{"allow":["GET"]}}],"collection":[{"href":"https:\/\/webs.uab.cat\/iceclassiques\/wp-json\/wp\/v2\/posts"}],"about":[{"href":"https:\/\/webs.uab.cat\/iceclassiques\/wp-json\/wp\/v2\/types\/post"}],"author":[{"embeddable":true,"href":"https:\/\/webs.uab.cat\/iceclassiques\/wp-json\/wp\/v2\/users\/20"}],"replies":[{"embeddable":true,"href":"https:\/\/webs.uab.cat\/iceclassiques\/wp-json\/wp\/v2\/comments?post=80"}],"version-history":[{"count":0,"href":"https:\/\/webs.uab.cat\/iceclassiques\/wp-json\/wp\/v2\/posts\/80\/revisions"}],"wp:attachment":[{"href":"https:\/\/webs.uab.cat\/iceclassiques\/wp-json\/wp\/v2\/media?parent=80"}],"wp:term":[{"taxonomy":"category","embeddable":true,"href":"https:\/\/webs.uab.cat\/iceclassiques\/wp-json\/wp\/v2\/categories?post=80"},{"taxonomy":"post_tag","embeddable":true,"href":"https:\/\/webs.uab.cat\/iceclassiques\/wp-json\/wp\/v2\/tags?post=80"}],"curies":[{"name":"wp","href":"https:\/\/api.w.org\/{rel}","templated":true}]}}