{"id":81,"date":"2013-06-21T00:47:41","date_gmt":"2013-06-20T22:47:41","guid":{"rendered":"https:\/\/webs.uab.cat\/iceclassiques\/2013\/06\/21\/paideia-ii-trobada-de-didactica-dels-estudis-classics-6-7-de-setembre-de-2013\/"},"modified":"2013-06-21T00:47:41","modified_gmt":"2013-06-20T22:47:41","slug":"paideia-ii-trobada-de-didactica-dels-estudis-classics-6-7-de-setembre-de-2013","status":"publish","type":"post","link":"https:\/\/webs.uab.cat\/iceclassiques\/2013\/06\/21\/paideia-ii-trobada-de-didactica-dels-estudis-classics-6-7-de-setembre-de-2013\/","title":{"rendered":"Paideia. II trobada de did\u00e0ctica dels estudis cl\u00e0ssics, 6 &#8211; 7 de setembre de 2013"},"content":{"rendered":"<p><em>Paideia. II trobada de did\u00e0ctica dels estudis cl\u00e0ssics<\/em> se celebrar\u00e0 el divendres 6 i el dissabte 7 de setembre de 2013, organitzat pel Grup de Did\u00e0ctica de les Lleng\u00fces i la Cultura Cl\u00e0ssiques de la Universitat Aut\u00f2noma de Barcelona. El primer dia les sessions tindran lloc a la Facultat de Lletres de la UAB, a Bellaterra, el segon a la Casa de Convalesc\u00e8ncia de l\u2019Hospital de Sant Pau de Barcelona. La primera sessi\u00f3 inclour\u00e0 un seguit de pon\u00e8ncies al voltant de m\u00e8todes actius en l\u2019aprenentatge del llat\u00ed i del grec, complementades amb una taula rodona sobre la mateixa q\u00fcesti\u00f3. La segona sessi\u00f3 se centrar\u00e0 en la interdisciplinarietat en els estudis cl\u00e0ssics. Les sessions Barcamp acolliran les comunicacions lliurement aportades pel professorat de secund\u00e0ria o universitat sobre experi\u00e8ncies o propostes did\u00e0ctiques relacionades amb qualsevol tema d\u2019estudis cl\u00e0ssics.<\/p>\n<p><strong><a href=\"http:\/\/pagines.uab.cat\/iceclassiques\/paideia\">Primera circular i programa<\/a><\/strong><\/p>\n","protected":false},"excerpt":{"rendered":"<p>Paideia. II trobada de did\u00e0ctica dels estudis cl\u00e0ssics se celebrar\u00e0 el divendres 6 i el dissabte 7 de setembre de 2013, organitzat pel Grup de Did\u00e0ctica de les Lleng\u00fces i la Cultura Cl\u00e0ssiques de la Universitat Aut\u00f2noma de Barcelona. El primer dia les sessions tindran lloc a la Facultat de Lletres de la UAB, a [&hellip;]<\/p>\n","protected":false},"author":20,"featured_media":0,"comment_status":"closed","ping_status":"closed","sticky":false,"template":"","format":"standard","meta":{"footnotes":""},"categories":[1],"tags":[],"class_list":["post-81","post","type-post","status-publish","format-standard","hentry","category-uncategorized-ca"],"_links":{"self":[{"href":"https:\/\/webs.uab.cat\/iceclassiques\/wp-json\/wp\/v2\/posts\/81","targetHints":{"allow":["GET"]}}],"collection":[{"href":"https:\/\/webs.uab.cat\/iceclassiques\/wp-json\/wp\/v2\/posts"}],"about":[{"href":"https:\/\/webs.uab.cat\/iceclassiques\/wp-json\/wp\/v2\/types\/post"}],"author":[{"embeddable":true,"href":"https:\/\/webs.uab.cat\/iceclassiques\/wp-json\/wp\/v2\/users\/20"}],"replies":[{"embeddable":true,"href":"https:\/\/webs.uab.cat\/iceclassiques\/wp-json\/wp\/v2\/comments?post=81"}],"version-history":[{"count":0,"href":"https:\/\/webs.uab.cat\/iceclassiques\/wp-json\/wp\/v2\/posts\/81\/revisions"}],"wp:attachment":[{"href":"https:\/\/webs.uab.cat\/iceclassiques\/wp-json\/wp\/v2\/media?parent=81"}],"wp:term":[{"taxonomy":"category","embeddable":true,"href":"https:\/\/webs.uab.cat\/iceclassiques\/wp-json\/wp\/v2\/categories?post=81"},{"taxonomy":"post_tag","embeddable":true,"href":"https:\/\/webs.uab.cat\/iceclassiques\/wp-json\/wp\/v2\/tags?post=81"}],"curies":[{"name":"wp","href":"https:\/\/api.w.org\/{rel}","templated":true}]}}