{"id":293,"date":"2024-05-13T08:00:00","date_gmt":"2024-05-13T06:00:00","guid":{"rendered":"https:\/\/webs.uab.cat\/icellegiriescriure-aprendre\/?p=293"},"modified":"2024-05-10T20:37:18","modified_gmt":"2024-05-10T18:37:18","slug":"llegir-textos-narratius","status":"publish","type":"post","link":"https:\/\/webs.uab.cat\/icellegiriescriure-aprendre\/2024\/05\/13\/llegir-textos-narratius\/","title":{"rendered":"LLEGIR TEXTOS NARRATIUS"},"content":{"rendered":"\n<h2 class=\"wp-block-heading has-small-font-size\" style=\"font-style:normal;font-weight:300\">Anna Bendicho<\/h2>\n\n\n\n<p class=\"wp-block-paragraph\">El taller que imparteix la Lara Reyes a les jornades <a href=\"https:\/\/www.uab.cat\/ca\/ice\/llegir-escriure-educacio-infantil-i-primaria\"><em>El comprom\u00eds amb la lectura<\/em><\/a> planteja quines obres narratives poden ser enriquidores per l&#8217;educaci\u00f3 liter\u00e0ria dels infants i quines situacions d&#8217;aprenentatge podem realitzar.<\/p>\n\n\n\n<p class=\"wp-block-paragraph\">Ens diu que, a mida que els infants es fan m\u00e9s competents en la pr\u00e0ctica lectora, els textos narratius que els hem d\u2019oferir han de tenir un grau de complexitat superior i per tant demanen un major nivell d\u2019exig\u00e8ncia, per\u00f2 per a que aix\u00f2 sigui possible cal acompanyar els infants en el proc\u00e9s d&#8217;apropiaci\u00f3 de les obres.<\/p>\n\n\n\n<p class=\"wp-block-paragraph\">Tot seguit ens demana als assistents que diguem quins s\u00f3n els nostres dubtes i neguits a l\u2019hora d\u2019oferir textos narratius i estrat\u00e8gies d\u2019aprenentatge als alumnes. D\u2019aquesta manera, amb l&#8217;aportaci\u00f3 dels assistents,&nbsp; sorgeix un llistat d\u2019inquietuds: Com podem fer el criteri de selecci\u00f3 de les obres? Com podem fer l\u2019acompanyament de la lectura als alumnes? Quin temps hem de dedicar a la lectura individual? I a la lectura en veu alta de l\u2019adult als infants? Com podem fer con\u00e8ixer el corpus literari a tot el claustre? Com podem fer passar un infant d\u2019una lectura f\u00e0cil a una de m\u00e9s complexa? Com ha de ser el Pla Lector?&#8230;<\/p>\n\n\n\n<figure class=\"wp-block-image size-large\"><img loading=\"lazy\" decoding=\"async\" width=\"1024\" height=\"768\" src=\"https:\/\/webs.uab.cat\/icellegiriescriure-aprendre\/wp-content\/uploads\/sites\/295\/2024\/05\/20240316_114903-1024x768.jpg\" alt=\"\" class=\"wp-image-294\" srcset=\"https:\/\/webs.uab.cat\/icellegiriescriure-aprendre\/wp-content\/uploads\/sites\/295\/2024\/05\/20240316_114903-1024x768.jpg 1024w, https:\/\/webs.uab.cat\/icellegiriescriure-aprendre\/wp-content\/uploads\/sites\/295\/2024\/05\/20240316_114903-300x225.jpg 300w, https:\/\/webs.uab.cat\/icellegiriescriure-aprendre\/wp-content\/uploads\/sites\/295\/2024\/05\/20240316_114903-768x576.jpg 768w, https:\/\/webs.uab.cat\/icellegiriescriure-aprendre\/wp-content\/uploads\/sites\/295\/2024\/05\/20240316_114903-1536x1152.jpg 1536w, https:\/\/webs.uab.cat\/icellegiriescriure-aprendre\/wp-content\/uploads\/sites\/295\/2024\/05\/20240316_114903-2048x1536.jpg 2048w, https:\/\/webs.uab.cat\/icellegiriescriure-aprendre\/wp-content\/uploads\/sites\/295\/2024\/05\/20240316_114903-1200x900.jpg 1200w, https:\/\/webs.uab.cat\/icellegiriescriure-aprendre\/wp-content\/uploads\/sites\/295\/2024\/05\/20240316_114903-1980x1485.jpg 1980w\" sizes=\"auto, (max-width: 1024px) 100vw, 1024px\" \/><\/figure>\n\n\n\n<p class=\"wp-block-paragraph\">La Lara ens diu que sempre que pensem en l\u2019educaci\u00f3 liter\u00e0ria hem de pensar en qu\u00e8 i en com ho podem fer per ajudar els nostres alumnes a promocionar. Ens diu que part de les claus per fer m\u00e9s i millors lectors l\u2019escola ha de tenir en compte el seg\u00fcent:<\/p>\n\n\n\n<ul class=\"wp-block-list\">\n<li>Per part del claustre:\n<ul class=\"wp-block-list\">\n<li>Pensar en qu\u00e8 es fa a l\u2019escola des de EI3 fins a 6\u00e8: lectura en veu alta, h\u00e0bits de lectura, projectes de lectura&#8230;<\/li>\n\n\n\n<li>Posar la lectura en primer pla, no permetre que quedi invisibilitzada.<\/li>\n\n\n\n<li>Crear una comunitat lectora que tingui referents comuns.<\/li>\n<\/ul>\n<\/li>\n<\/ul>\n\n\n\n<ul class=\"wp-block-list\">\n<li>Per part de la tutora:\n<ul class=\"wp-block-list\">\n<li>Con\u00e8ixer molt b\u00e9 les obres de la Biblioteca d\u2019Aula per poder oferir a l\u2019infant all\u00f2 que m\u00e9s li pot agradar (un m\u00ednim del 60-70% dels t\u00edtols).<\/li>\n\n\n\n<li>Con\u00e8ixer els diferents nivells lectors que hi ha en un mateix nivell i ajudar-los a enfrontar-se a textos m\u00e9s complexos.<\/li>\n\n\n\n<li>Con\u00e8ixer&nbsp; els perfils lectors dels alumnes per poder-los orientar.&nbsp;<\/li>\n<\/ul>\n<\/li>\n<\/ul>\n\n\n\n<p class=\"wp-block-paragraph\">Aqu\u00ed tamb\u00e9 ens convida a con\u00e8ixer les guies de <a href=\"https:\/\/repositori.educacio.gencat.cat\/handle\/20.500.12694\/5709#page=1\"><strong>La lectura liter\u00e0ria a Infantil<\/strong><\/a> i <a href=\"https:\/\/repositori.educacio.gencat.cat\/handle\/20.500.12694\/5710#page=1\"><strong>La lectura liter\u00e0ria a Prim\u00e0ria<\/strong><\/a> que recentment ha editat el Departament d\u2019Educaci\u00f3 i que ofereixen moltes nocions i eines pr\u00e0ctiques per reflexionar, con\u00e8ixer, millorar i sistematitzar l\u2019educaci\u00f3 liter\u00e0ria a l\u2019escola.<\/p>\n\n\n\n<p class=\"wp-block-paragraph\">Seguidament, per tenir algunes estrat\u00e8gies per llegir textos literaris, ens ofereix un nombre extens de t\u00edtols interessants per a infants de cicle mitj\u00e0 i superior i un llistat de pr\u00e0ctiques lectores per a que pensem quina seria la millor manera d\u2019aparellar els uns amb les altres.<\/p>\n\n\n\n<p class=\"wp-block-paragraph\">Algunes de les pr\u00e0ctiques lectores serien: elaborar un diari personal d\u2019un personatge, pensar en el context hist\u00f2ric, fer una entrevista al protagonista, fer l\u2019arbre dels personatges, participar al premi <em>Atrapallibres<\/em>, fer una representaci\u00f3 visual de viatges, elaborar mapes reals o imaginaris de l\u2019obra, entrevistar a l\u2019autor; escriure com&#8230;, fer tert\u00falia liter\u00e0ria; fer l\u2019eix del temps; representar els lligams entre els llibres (llibres que ens porten a altres llibres)&#8230;<\/p>\n\n\n\n<p class=\"wp-block-paragraph\">Amb aquestes propostes, i les que se&#8217;ns generen a partir d&#8217;elles, se&#8217;ns obre un gener\u00f3s ventall d&#8217;estrat\u00e8gies per comprendre m\u00e9s i millor les obres i per acompanyar els infants a entendre i a interpretar el m\u00f3n a partir de l&#8217;educaci\u00f3 liter\u00e0ria.&nbsp;<\/p>\n\n\n<script>\nvar gform;gform||(document.addEventListener(\"gform_main_scripts_loaded\",function(){gform.scriptsLoaded=!0}),document.addEventListener(\"gform\/theme\/scripts_loaded\",function(){gform.themeScriptsLoaded=!0}),window.addEventListener(\"DOMContentLoaded\",function(){gform.domLoaded=!0}),gform={domLoaded:!1,scriptsLoaded:!1,themeScriptsLoaded:!1,isFormEditor:()=>\"function\"==typeof InitializeEditor,callIfLoaded:function(o){return!(!gform.domLoaded||!gform.scriptsLoaded||!gform.themeScriptsLoaded&&!gform.isFormEditor()||(gform.isFormEditor()&&console.warn(\"The use of gform.initializeOnLoaded() is deprecated in the form editor context and will be removed in Gravity Forms 3.1.\"),o(),0))},initializeOnLoaded:function(o){gform.callIfLoaded(o)||(document.addEventListener(\"gform_main_scripts_loaded\",()=>{gform.scriptsLoaded=!0,gform.callIfLoaded(o)}),document.addEventListener(\"gform\/theme\/scripts_loaded\",()=>{gform.themeScriptsLoaded=!0,gform.callIfLoaded(o)}),window.addEventListener(\"DOMContentLoaded\",()=>{gform.domLoaded=!0,gform.callIfLoaded(o)}))},hooks:{action:{},filter:{}},addAction:function(o,r,e,t){gform.addHook(\"action\",o,r,e,t)},addFilter:function(o,r,e,t){gform.addHook(\"filter\",o,r,e,t)},doAction:function(o){gform.doHook(\"action\",o,arguments)},applyFilters:function(o){return gform.doHook(\"filter\",o,arguments)},removeAction:function(o,r){gform.removeHook(\"action\",o,r)},removeFilter:function(o,r,e){gform.removeHook(\"filter\",o,r,e)},addHook:function(o,r,e,t,n){null==gform.hooks[o][r]&&(gform.hooks[o][r]=[]);var d=gform.hooks[o][r];null==n&&(n=r+\"_\"+d.length),gform.hooks[o][r].push({tag:n,callable:e,priority:t=null==t?10:t})},doHook:function(r,o,e){var t;if(e=Array.prototype.slice.call(e,1),null!=gform.hooks[r][o]&&((o=gform.hooks[r][o]).sort(function(o,r){return o.priority-r.priority}),o.forEach(function(o){\"function\"!=typeof(t=o.callable)&&(t=window[t]),\"action\"==r?t.apply(null,e):e[0]=t.apply(null,e)})),\"filter\"==r)return e[0]},removeHook:function(o,r,t,n){var e;null!=gform.hooks[o][r]&&(e=(e=gform.hooks[o][r]).filter(function(o,r,e){return!!(null!=n&&n!=o.tag||null!=t&&t!=o.priority)}),gform.hooks[o][r]=e)}});\n<\/script>\n\n                <div class='gf_browser_gecko gform_wrapper gravity-theme gform-theme--no-framework' data-form-theme='gravity-theme' data-form-index='0' id='gform_wrapper_1' >\n                        <div class='gform_heading'>\n                            <h2 class=\"gform_title\">Contacte<\/h2>\n                            <p class='gform_description'><\/p>\n                        <\/div><form method='post' enctype='multipart\/form-data'  id='gform_1'  action='\/icellegiriescriure-aprendre\/wp-json\/wp\/v2\/posts\/293' data-formid='1' novalidate>\n                        <div class='gform-body gform_body'><div id='gform_fields_1' class='gform_fields top_label form_sublabel_below description_below validation_below'><div id=\"field_1_2\" class=\"gfield gfield--type-honeypot gform_validation_container field_sublabel_below gfield--has-description field_description_below field_validation_below gfield_visibility_visible\"  ><label class='gfield_label gform-field-label' for='input_1_2'>URL<\/label><div class='ginput_container'><input name='input_2' id='input_1_2' type='text' value='' autocomplete='new-password'\/><\/div><div class='gfield_description' id='gfield_description_1_2'>Aquest camp nom\u00e9s \u00e9s per validaci\u00f3 i no s&#8217;ha de modificar.<\/div><\/div><div id=\"field_1_1\" class=\"gfield gfield--type-textarea gfield_contains_required field_sublabel_below gfield--no-description field_description_below field_validation_below gfield_visibility_visible\"  ><label class='gfield_label gform-field-label' for='input_1_1'>Escriviu aqu\u00ed les vostres preguntes o comentaris relacionades amb aquesta entrada<span class=\"gfield_required\"><span class=\"gfield_required gfield_required_text\">(Obligatori)<\/span><\/span><\/label><div class='ginput_container ginput_container_textarea'><textarea name='input_1' id='input_1_1' class='textarea medium'     aria-required=\"true\" aria-invalid=\"false\"   rows='10' cols='50'><\/textarea><\/div><\/div><\/div><\/div>\n        <div class='gform-footer gform_footer top_label'> <input type='submit' id='gform_submit_button_1' class='gform_button button' onclick='gform.submission.handleButtonClick(this);' data-submission-type='submit' value='Envia'  \/> \n            <input type='hidden' class='gform_hidden' name='gform_submission_method' data-js='gform_submission_method_1' value='postback' \/>\n            <input type='hidden' class='gform_hidden' name='gform_theme' data-js='gform_theme_1' id='gform_theme_1' value='gravity-theme' \/>\n            <input type='hidden' class='gform_hidden' name='gform_style_settings' data-js='gform_style_settings_1' id='gform_style_settings_1' value='{&quot;inputPrimaryColor&quot;:&quot;#204ce5&quot;}' \/>\n            <input type='hidden' class='gform_hidden' name='is_submit_1' value='1' \/>\n            <input type='hidden' class='gform_hidden' name='gform_submit' value='1' \/>\n            \n            <input type='hidden' class='gform_hidden' name='gform_currency' data-currency='USD' value='5HdiP7rTSIYfxElp\/g6cpkRMUzwYp55FfjvaunaPZ2CTsb0ME1QYMhN1JeObvjZ3Eer6p9jxjs0Uxxk8D0UYPNZD3JiTxMSBP\/lNLWuFSJYOrn8=' \/>\n            <input type='hidden' class='gform_hidden' name='gform_unique_id' value='' \/>\n            <input type='hidden' class='gform_hidden' name='state_1' value='WyJbXSIsIjg4MTIzNDZjMzY1MTQxOGU4NDEyNTc1MWUyYTUwN2U3Il0=' \/>\n            <input type='hidden' autocomplete='off' class='gform_hidden' name='gform_target_page_number_1' id='gform_target_page_number_1' value='0' \/>\n            <input type='hidden' autocomplete='off' class='gform_hidden' name='gform_source_page_number_1' id='gform_source_page_number_1' value='1' \/>\n            <input type='hidden' name='gform_field_values' value='' \/>\n            \n        <\/div>\n                        <\/form>\n                        <\/div><script>\ngform.initializeOnLoaded( function() {gformInitSpinner( 1, 'https:\/\/webs.uab.cat\/icellegiriescriure-aprendre\/wp-content\/plugins\/gravityforms\/images\/spinner.svg', true );jQuery('#gform_ajax_frame_1').on('load',function(){var contents = jQuery(this).contents().find('*').html();var is_postback = contents.indexOf('GF_AJAX_POSTBACK') >= 0;if(!is_postback){return;}var form_content = jQuery(this).contents().find('#gform_wrapper_1');var is_confirmation = jQuery(this).contents().find('#gform_confirmation_wrapper_1').length > 0;var is_redirect = contents.indexOf('gformRedirect(){') >= 0;var is_form = form_content.length > 0 && ! is_redirect && ! is_confirmation;var mt = parseInt(jQuery('html').css('margin-top'), 10) + parseInt(jQuery('body').css('margin-top'), 10) + 100;if(is_form){jQuery('#gform_wrapper_1').html(form_content.html());if(form_content.hasClass('gform_validation_error')){jQuery('#gform_wrapper_1').addClass('gform_validation_error');} else {jQuery('#gform_wrapper_1').removeClass('gform_validation_error');}setTimeout( function() { \/* delay the scroll by 50 milliseconds to fix a bug in chrome *\/  }, 50 );if(window['gformInitDatepicker']) {gformInitDatepicker();}if(window['gformInitPriceFields']) {gformInitPriceFields();}var current_page = jQuery('#gform_source_page_number_1').val();gformInitSpinner( 1, 'https:\/\/webs.uab.cat\/icellegiriescriure-aprendre\/wp-content\/plugins\/gravityforms\/images\/spinner.svg', true );jQuery(document).trigger('gform_page_loaded', [1, current_page]);window['gf_submitting_1'] = false;}else if(!is_redirect){var confirmation_content = jQuery(this).contents().find('.GF_AJAX_POSTBACK').html();if(!confirmation_content){confirmation_content = contents;}jQuery('#gform_wrapper_1').replaceWith(confirmation_content);jQuery(document).trigger('gform_confirmation_loaded', [1]);window['gf_submitting_1'] = false;wp.a11y.speak(jQuery('#gform_confirmation_message_1').text());}else{jQuery('#gform_1').append(contents);if(window['gformRedirect']) {gformRedirect();}}jQuery(document).trigger(\"gform_pre_post_render\", [{ formId: \"1\", currentPage: \"current_page\", abort: function() { this.preventDefault(); } }]);        if (event && event.defaultPrevented) {                return;        }        const gformWrapperDiv = document.getElementById( \"gform_wrapper_1\" );        if ( gformWrapperDiv ) {            const visibilitySpan = document.createElement( \"span\" );            visibilitySpan.id = \"gform_visibility_test_1\";            gformWrapperDiv.insertAdjacentElement( \"afterend\", visibilitySpan );        }        const visibilityTestDiv = document.getElementById( \"gform_visibility_test_1\" );        let postRenderFired = false;        function triggerPostRender() {            if ( postRenderFired ) {                return;            }            postRenderFired = true;            gform.core.triggerPostRenderEvents( 1, current_page );            if ( visibilityTestDiv ) {                visibilityTestDiv.parentNode.removeChild( visibilityTestDiv );            }        }        function debounce( func, wait, immediate ) {            var timeout;            return function() {                var context = this, args = arguments;                var later = function() {                    timeout = null;                    if ( !immediate ) func.apply( context, args );                };                var callNow = immediate && !timeout;                clearTimeout( timeout );                timeout = setTimeout( later, wait );                if ( callNow ) func.apply( context, args );            };        }        const debouncedTriggerPostRender = debounce( function() {            triggerPostRender();        }, 200 );        if ( visibilityTestDiv && visibilityTestDiv.offsetParent === null ) {            const observer = new MutationObserver( ( mutations ) => {                mutations.forEach( ( mutation ) => {                    if ( mutation.type === 'attributes' && visibilityTestDiv.offsetParent !== null ) {                        debouncedTriggerPostRender();                        observer.disconnect();                    }                });            });            observer.observe( document.body, {                attributes: true,                childList: false,                subtree: true,                attributeFilter: [ 'style', 'class' ],            });        } else {            triggerPostRender();        }    } );} );\n<\/script>\n","protected":false},"excerpt":{"rendered":"<p>Anna Bendicho El taller que imparteix la Lara Reyes a les jornades El comprom\u00eds amb la lectura planteja quines obres narratives poden ser enriquidores per l&#8217;educaci\u00f3 liter\u00e0ria dels infants i quines situacions d&#8217;aprenentatge podem realitzar. Ens diu que, a mida que els infants es fan m\u00e9s competents en la pr\u00e0ctica lectora, els textos narratius que [&hellip;]<\/p>\n","protected":false},"author":2663,"featured_media":295,"comment_status":"closed","ping_status":"closed","sticky":false,"template":"","format":"standard","meta":{"footnotes":""},"categories":[66],"tags":[3,21,34],"class_list":["post-293","post","type-post","status-publish","format-standard","has-post-thumbnail","hentry","category-66","tag-acompanyament","tag-educacio-primaria","tag-lectura"],"_links":{"self":[{"href":"https:\/\/webs.uab.cat\/icellegiriescriure-aprendre\/wp-json\/wp\/v2\/posts\/293","targetHints":{"allow":["GET"]}}],"collection":[{"href":"https:\/\/webs.uab.cat\/icellegiriescriure-aprendre\/wp-json\/wp\/v2\/posts"}],"about":[{"href":"https:\/\/webs.uab.cat\/icellegiriescriure-aprendre\/wp-json\/wp\/v2\/types\/post"}],"author":[{"embeddable":true,"href":"https:\/\/webs.uab.cat\/icellegiriescriure-aprendre\/wp-json\/wp\/v2\/users\/2663"}],"replies":[{"embeddable":true,"href":"https:\/\/webs.uab.cat\/icellegiriescriure-aprendre\/wp-json\/wp\/v2\/comments?post=293"}],"version-history":[{"count":2,"href":"https:\/\/webs.uab.cat\/icellegiriescriure-aprendre\/wp-json\/wp\/v2\/posts\/293\/revisions"}],"predecessor-version":[{"id":297,"href":"https:\/\/webs.uab.cat\/icellegiriescriure-aprendre\/wp-json\/wp\/v2\/posts\/293\/revisions\/297"}],"wp:featuredmedia":[{"embeddable":true,"href":"https:\/\/webs.uab.cat\/icellegiriescriure-aprendre\/wp-json\/wp\/v2\/media\/295"}],"wp:attachment":[{"href":"https:\/\/webs.uab.cat\/icellegiriescriure-aprendre\/wp-json\/wp\/v2\/media?parent=293"}],"wp:term":[{"taxonomy":"category","embeddable":true,"href":"https:\/\/webs.uab.cat\/icellegiriescriure-aprendre\/wp-json\/wp\/v2\/categories?post=293"},{"taxonomy":"post_tag","embeddable":true,"href":"https:\/\/webs.uab.cat\/icellegiriescriure-aprendre\/wp-json\/wp\/v2\/tags?post=293"}],"curies":[{"name":"wp","href":"https:\/\/api.w.org\/{rel}","templated":true}]}}