{"id":302,"date":"2024-05-27T08:00:00","date_gmt":"2024-05-27T06:00:00","guid":{"rendered":"https:\/\/webs.uab.cat\/icellegiriescriure-aprendre\/?p=302"},"modified":"2024-05-25T13:37:39","modified_gmt":"2024-05-25T11:37:39","slug":"llegir-el-mon","status":"publish","type":"post","link":"https:\/\/webs.uab.cat\/icellegiriescriure-aprendre\/2024\/05\/27\/llegir-el-mon\/","title":{"rendered":"LLEGIR EL M\u00d3N"},"content":{"rendered":"\n<h2 class=\"wp-block-heading has-small-font-size\" style=\"font-style:normal;font-weight:300\">Mireia L\u00f3pez Salazar<\/h2>\n\n\n\n<p class=\"wp-block-paragraph\">Dins el marc de les Jornades <a href=\"https:\/\/www.uab.cat\/ca\/ice\/llegir-escriure-educacio-infantil-i-primaria\">&nbsp;<em>El comprom\u00eds amb la lectura<\/em><\/a>, la Marta Aguilar i la Marta Pont proposen, en el taller que han preparat, la reflexi\u00f3 sobre com llegim el m\u00f3n i com ajudem els infants a acostar-se als textos no literaris. Es refereixen als textos reals del m\u00f3n que ens envolta, que no estan pensats per una activitat a l\u2019escola i que per tant, com a mestres, hem de facilitar-ne l\u2019accessibilitat, ja que son textos que enriquiran el seu coneixement sobre el m\u00f3n real. Ens conviden doncs a documentar-nos amb fonts reals del dia a dia.<\/p>\n\n\n\n<p class=\"wp-block-paragraph\">Ens parlen de llegir el m\u00f3n com una necessitat d&#8217;aprendre, per aix\u00f2 contextualitzen la proposta en els projectes d\u2019aula. En concret, sobre un projecte de l\u2019escola Ribatallada de Sabadell en el qual calia documentar, entre tots els alumnes, una ruta pel riu Ripoll, ruta ja establerta sobre la qual es treballarien nombroses informacions dels diferents elements naturals, espais i localitzacions. Durant la sessi\u00f3, ens posen als assistents en situaci\u00f3 de resoldre una din\u00e0mica que tenia molts punts en com\u00fa amb la proposta que van portar a terme a les aules i que hem pogut compartir.<\/p>\n\n\n\n<figure class=\"wp-block-image size-large\"><img loading=\"lazy\" decoding=\"async\" width=\"1024\" height=\"768\" src=\"https:\/\/webs.uab.cat\/icellegiriescriure-aprendre\/wp-content\/uploads\/sites\/295\/2024\/05\/20240316_114436-1-1024x768.jpg\" alt=\"\" class=\"wp-image-306\" srcset=\"https:\/\/webs.uab.cat\/icellegiriescriure-aprendre\/wp-content\/uploads\/sites\/295\/2024\/05\/20240316_114436-1-1024x768.jpg 1024w, https:\/\/webs.uab.cat\/icellegiriescriure-aprendre\/wp-content\/uploads\/sites\/295\/2024\/05\/20240316_114436-1-300x225.jpg 300w, https:\/\/webs.uab.cat\/icellegiriescriure-aprendre\/wp-content\/uploads\/sites\/295\/2024\/05\/20240316_114436-1-768x576.jpg 768w, https:\/\/webs.uab.cat\/icellegiriescriure-aprendre\/wp-content\/uploads\/sites\/295\/2024\/05\/20240316_114436-1-1536x1152.jpg 1536w, https:\/\/webs.uab.cat\/icellegiriescriure-aprendre\/wp-content\/uploads\/sites\/295\/2024\/05\/20240316_114436-1-2048x1536.jpg 2048w, https:\/\/webs.uab.cat\/icellegiriescriure-aprendre\/wp-content\/uploads\/sites\/295\/2024\/05\/20240316_114436-1-1200x900.jpg 1200w, https:\/\/webs.uab.cat\/icellegiriescriure-aprendre\/wp-content\/uploads\/sites\/295\/2024\/05\/20240316_114436-1-1980x1485.jpg 1980w\" sizes=\"auto, (max-width: 1024px) 100vw, 1024px\" \/><\/figure>\n\n\n\n<p class=\"wp-block-paragraph\">En la din\u00e0mica del taller, ens divideixen en grups i ens proposen que cada un llegeixi i prepari un text diferent de tem\u00e0tica similar per compartir despr\u00e9s amb els altres. Davant d\u2019aquesta proposta ens fan reflexionar sobre la diversitat de textos reals que podem apropar als infants i que arriben a trav\u00e9s de diferents canals. Lectura de diaris, podcast, not\u00edcies de televisi\u00f3, r\u00e0dio, entrevistes, p\u00e0gina web\u2026 Hem de llegir, escoltar o interpretar el text i prendre acords en grup, ja que haurem d\u2019explicar-ho als altres m\u00e9s tard. Ens hem de preguntar on ens porta el text que ens han ofert, quin tipus d\u2019informaci\u00f3 ens dona i afegir-hi una curiositat informativa. Tamb\u00e9 creen la figura de l\u2019observadora per despr\u00e9s poder tamb\u00e9 conversar sobre quines sensacions emergeixen a l&#8217;hora d&#8217;enfrontar-se al text, com s\u2019organitza el grup, com es prenen decisions, qu\u00e8 es prioritza, quins rols s\u2019estableixen\u2026<\/p>\n\n\n\n<p class=\"wp-block-paragraph\">Aquesta pr\u00e0ctica \u00e9s molt similar a la que, com a mestres, van proposar als alumnes de l\u2019escola quan havien de preparar, tamb\u00e9 en grups, les diferents parades en els punts d\u2019inter\u00e8s de la ruta pel riu. Se\u2019ls presentaven textos complexos i reals sobre els punts escollits que veurien pel cam\u00ed i havien de fer seu el text per explicar-lo als altres. \u00c9s a dir, cada grup havia de fer-se expert d&#8217;una informaci\u00f3 que despr\u00e9s compartiria amb els companys i companyes. Aqu\u00ed ressalten la import\u00e0ncia de rellegir el text, de saber triar la informaci\u00f3, de seleccionar-la (no tot t\u00e9 la mateixa rellev\u00e0ncia), de compartir eines per enfrontar-se a un text complex\u2026 Durant la sortida, a m\u00e9s, tamb\u00e9 es vam trobar, de forma natural, altres informacions textuals: cartells informatius, explicacions, senyals diversos, grafitis a les parets en els quals van descobrir un poema conegut i que els va fer connectar amb aprenentatges anteriors\u2026<\/p>\n\n\n\n<p class=\"wp-block-paragraph\">Per acabar el taller reflexionem sobre qu\u00e8 s\u2019activa quan portem a l\u2019aula aquest tipus de propostes. Van sorgir diverses idees per\u00f2 destacarem les que remarquen que, per llegir el m\u00f3n, cal tenir en compte el context, la diversitat de textos que cal oferir -multimodalitat- i la voluntat d\u2019alinear objectius, planificar reptes i oferir estrat\u00e8gies per aproximar-se al text. Es tracta de posar en marxa els processos mentals adequats per mobilitzar coneixements previs i conduir a la creaci\u00f3 de nous vincles en el pensament per poder construir nous aprenentatges. El paper de l&#8217;adult en aquest viatge de llegir el m\u00f3n \u00e9s clau. El mestre n\u2019\u00e9s el guia i no pot relegar aquesta tasca si no volem que els nens i nenes es quedin en la superficialitat dels textos.<\/p>\n\n\n\n<figure class=\"wp-block-image size-large\"><img loading=\"lazy\" decoding=\"async\" width=\"1024\" height=\"768\" src=\"https:\/\/webs.uab.cat\/icellegiriescriure-aprendre\/wp-content\/uploads\/sites\/295\/2024\/05\/20240316_130428-1024x768.jpg\" alt=\"\" class=\"wp-image-305\" srcset=\"https:\/\/webs.uab.cat\/icellegiriescriure-aprendre\/wp-content\/uploads\/sites\/295\/2024\/05\/20240316_130428-1024x768.jpg 1024w, https:\/\/webs.uab.cat\/icellegiriescriure-aprendre\/wp-content\/uploads\/sites\/295\/2024\/05\/20240316_130428-300x225.jpg 300w, https:\/\/webs.uab.cat\/icellegiriescriure-aprendre\/wp-content\/uploads\/sites\/295\/2024\/05\/20240316_130428-768x576.jpg 768w, https:\/\/webs.uab.cat\/icellegiriescriure-aprendre\/wp-content\/uploads\/sites\/295\/2024\/05\/20240316_130428-1536x1152.jpg 1536w, https:\/\/webs.uab.cat\/icellegiriescriure-aprendre\/wp-content\/uploads\/sites\/295\/2024\/05\/20240316_130428-2048x1536.jpg 2048w, https:\/\/webs.uab.cat\/icellegiriescriure-aprendre\/wp-content\/uploads\/sites\/295\/2024\/05\/20240316_130428-1200x900.jpg 1200w, https:\/\/webs.uab.cat\/icellegiriescriure-aprendre\/wp-content\/uploads\/sites\/295\/2024\/05\/20240316_130428-1980x1485.jpg 1980w\" sizes=\"auto, (max-width: 1024px) 100vw, 1024px\" \/><\/figure>\n\n\n<script>\nvar gform;gform||(document.addEventListener(\"gform_main_scripts_loaded\",function(){gform.scriptsLoaded=!0}),document.addEventListener(\"gform\/theme\/scripts_loaded\",function(){gform.themeScriptsLoaded=!0}),window.addEventListener(\"DOMContentLoaded\",function(){gform.domLoaded=!0}),gform={domLoaded:!1,scriptsLoaded:!1,themeScriptsLoaded:!1,isFormEditor:()=>\"function\"==typeof InitializeEditor,callIfLoaded:function(o){return!(!gform.domLoaded||!gform.scriptsLoaded||!gform.themeScriptsLoaded&&!gform.isFormEditor()||(gform.isFormEditor()&&console.warn(\"The use of gform.initializeOnLoaded() is deprecated in the form editor context and will be removed in Gravity Forms 3.1.\"),o(),0))},initializeOnLoaded:function(o){gform.callIfLoaded(o)||(document.addEventListener(\"gform_main_scripts_loaded\",()=>{gform.scriptsLoaded=!0,gform.callIfLoaded(o)}),document.addEventListener(\"gform\/theme\/scripts_loaded\",()=>{gform.themeScriptsLoaded=!0,gform.callIfLoaded(o)}),window.addEventListener(\"DOMContentLoaded\",()=>{gform.domLoaded=!0,gform.callIfLoaded(o)}))},hooks:{action:{},filter:{}},addAction:function(o,r,e,t){gform.addHook(\"action\",o,r,e,t)},addFilter:function(o,r,e,t){gform.addHook(\"filter\",o,r,e,t)},doAction:function(o){gform.doHook(\"action\",o,arguments)},applyFilters:function(o){return gform.doHook(\"filter\",o,arguments)},removeAction:function(o,r){gform.removeHook(\"action\",o,r)},removeFilter:function(o,r,e){gform.removeHook(\"filter\",o,r,e)},addHook:function(o,r,e,t,n){null==gform.hooks[o][r]&&(gform.hooks[o][r]=[]);var d=gform.hooks[o][r];null==n&&(n=r+\"_\"+d.length),gform.hooks[o][r].push({tag:n,callable:e,priority:t=null==t?10:t})},doHook:function(r,o,e){var t;if(e=Array.prototype.slice.call(e,1),null!=gform.hooks[r][o]&&((o=gform.hooks[r][o]).sort(function(o,r){return o.priority-r.priority}),o.forEach(function(o){\"function\"!=typeof(t=o.callable)&&(t=window[t]),\"action\"==r?t.apply(null,e):e[0]=t.apply(null,e)})),\"filter\"==r)return e[0]},removeHook:function(o,r,t,n){var e;null!=gform.hooks[o][r]&&(e=(e=gform.hooks[o][r]).filter(function(o,r,e){return!!(null!=n&&n!=o.tag||null!=t&&t!=o.priority)}),gform.hooks[o][r]=e)}});\n<\/script>\n\n                <div class='gf_browser_gecko gform_wrapper gravity-theme gform-theme--no-framework' data-form-theme='gravity-theme' data-form-index='0' id='gform_wrapper_1' >\n                        <div class='gform_heading'>\n                            <h2 class=\"gform_title\">Contacte<\/h2>\n                            <p class='gform_description'><\/p>\n                        <\/div><form method='post' enctype='multipart\/form-data'  id='gform_1'  action='\/icellegiriescriure-aprendre\/wp-json\/wp\/v2\/posts\/302' data-formid='1' novalidate>\n                        <div class='gform-body gform_body'><div id='gform_fields_1' class='gform_fields top_label form_sublabel_below description_below validation_below'><div id=\"field_1_2\" class=\"gfield gfield--type-honeypot gform_validation_container field_sublabel_below gfield--has-description field_description_below field_validation_below gfield_visibility_visible\"  ><label class='gfield_label gform-field-label' for='input_1_2'>URL<\/label><div class='ginput_container'><input name='input_2' id='input_1_2' type='text' value='' autocomplete='new-password'\/><\/div><div class='gfield_description' id='gfield_description_1_2'>Aquest camp nom\u00e9s \u00e9s per validaci\u00f3 i no s&#8217;ha de modificar.<\/div><\/div><div id=\"field_1_1\" class=\"gfield gfield--type-textarea gfield_contains_required field_sublabel_below gfield--no-description field_description_below field_validation_below gfield_visibility_visible\"  ><label class='gfield_label gform-field-label' for='input_1_1'>Escriviu aqu\u00ed les vostres preguntes o comentaris relacionades amb aquesta entrada<span class=\"gfield_required\"><span class=\"gfield_required gfield_required_text\">(Obligatori)<\/span><\/span><\/label><div class='ginput_container ginput_container_textarea'><textarea name='input_1' id='input_1_1' class='textarea medium'     aria-required=\"true\" aria-invalid=\"false\"   rows='10' cols='50'><\/textarea><\/div><\/div><\/div><\/div>\n        <div class='gform-footer gform_footer top_label'> <input type='submit' id='gform_submit_button_1' class='gform_button button' onclick='gform.submission.handleButtonClick(this);' data-submission-type='submit' value='Envia'  \/> \n            <input type='hidden' class='gform_hidden' name='gform_submission_method' data-js='gform_submission_method_1' value='postback' \/>\n            <input type='hidden' class='gform_hidden' name='gform_theme' data-js='gform_theme_1' id='gform_theme_1' value='gravity-theme' \/>\n            <input type='hidden' class='gform_hidden' name='gform_style_settings' data-js='gform_style_settings_1' id='gform_style_settings_1' value='{&quot;inputPrimaryColor&quot;:&quot;#204ce5&quot;}' \/>\n            <input type='hidden' class='gform_hidden' name='is_submit_1' value='1' \/>\n            <input type='hidden' class='gform_hidden' name='gform_submit' value='1' \/>\n            \n            <input type='hidden' class='gform_hidden' name='gform_currency' data-currency='USD' value='Qr3wSqlFiObNsCCi7elc\/g7gdSLVEZBQI4Mmy\/8R9ft5bE2C3iVZA9GVcbGUK8e4UsrrcvKfekjM+a3iM8owyWQRgUqQK315LmfQjW5rNapOQsU=' \/>\n            <input type='hidden' class='gform_hidden' name='gform_unique_id' value='' \/>\n            <input type='hidden' class='gform_hidden' name='state_1' value='WyJbXSIsIjg4MTIzNDZjMzY1MTQxOGU4NDEyNTc1MWUyYTUwN2U3Il0=' \/>\n            <input type='hidden' autocomplete='off' class='gform_hidden' name='gform_target_page_number_1' id='gform_target_page_number_1' value='0' \/>\n            <input type='hidden' autocomplete='off' class='gform_hidden' name='gform_source_page_number_1' id='gform_source_page_number_1' value='1' \/>\n            <input type='hidden' name='gform_field_values' value='' \/>\n            \n        <\/div>\n                        <\/form>\n                        <\/div><script>\ngform.initializeOnLoaded( function() {gformInitSpinner( 1, 'https:\/\/webs.uab.cat\/icellegiriescriure-aprendre\/wp-content\/plugins\/gravityforms\/images\/spinner.svg', true );jQuery('#gform_ajax_frame_1').on('load',function(){var contents = jQuery(this).contents().find('*').html();var is_postback = contents.indexOf('GF_AJAX_POSTBACK') >= 0;if(!is_postback){return;}var form_content = jQuery(this).contents().find('#gform_wrapper_1');var is_confirmation = jQuery(this).contents().find('#gform_confirmation_wrapper_1').length > 0;var is_redirect = contents.indexOf('gformRedirect(){') >= 0;var is_form = form_content.length > 0 && ! is_redirect && ! is_confirmation;var mt = parseInt(jQuery('html').css('margin-top'), 10) + parseInt(jQuery('body').css('margin-top'), 10) + 100;if(is_form){jQuery('#gform_wrapper_1').html(form_content.html());if(form_content.hasClass('gform_validation_error')){jQuery('#gform_wrapper_1').addClass('gform_validation_error');} else {jQuery('#gform_wrapper_1').removeClass('gform_validation_error');}setTimeout( function() { \/* delay the scroll by 50 milliseconds to fix a bug in chrome *\/  }, 50 );if(window['gformInitDatepicker']) {gformInitDatepicker();}if(window['gformInitPriceFields']) {gformInitPriceFields();}var current_page = jQuery('#gform_source_page_number_1').val();gformInitSpinner( 1, 'https:\/\/webs.uab.cat\/icellegiriescriure-aprendre\/wp-content\/plugins\/gravityforms\/images\/spinner.svg', true );jQuery(document).trigger('gform_page_loaded', [1, current_page]);window['gf_submitting_1'] = false;}else if(!is_redirect){var confirmation_content = jQuery(this).contents().find('.GF_AJAX_POSTBACK').html();if(!confirmation_content){confirmation_content = contents;}jQuery('#gform_wrapper_1').replaceWith(confirmation_content);jQuery(document).trigger('gform_confirmation_loaded', [1]);window['gf_submitting_1'] = false;wp.a11y.speak(jQuery('#gform_confirmation_message_1').text());}else{jQuery('#gform_1').append(contents);if(window['gformRedirect']) {gformRedirect();}}jQuery(document).trigger(\"gform_pre_post_render\", [{ formId: \"1\", currentPage: \"current_page\", abort: function() { this.preventDefault(); } }]);        if (event && event.defaultPrevented) {                return;        }        const gformWrapperDiv = document.getElementById( \"gform_wrapper_1\" );        if ( gformWrapperDiv ) {            const visibilitySpan = document.createElement( \"span\" );            visibilitySpan.id = \"gform_visibility_test_1\";            gformWrapperDiv.insertAdjacentElement( \"afterend\", visibilitySpan );        }        const visibilityTestDiv = document.getElementById( \"gform_visibility_test_1\" );        let postRenderFired = false;        function triggerPostRender() {            if ( postRenderFired ) {                return;            }            postRenderFired = true;            gform.core.triggerPostRenderEvents( 1, current_page );            if ( visibilityTestDiv ) {                visibilityTestDiv.parentNode.removeChild( visibilityTestDiv );            }        }        function debounce( func, wait, immediate ) {            var timeout;            return function() {                var context = this, args = arguments;                var later = function() {                    timeout = null;                    if ( !immediate ) func.apply( context, args );                };                var callNow = immediate && !timeout;                clearTimeout( timeout );                timeout = setTimeout( later, wait );                if ( callNow ) func.apply( context, args );            };        }        const debouncedTriggerPostRender = debounce( function() {            triggerPostRender();        }, 200 );        if ( visibilityTestDiv && visibilityTestDiv.offsetParent === null ) {            const observer = new MutationObserver( ( mutations ) => {                mutations.forEach( ( mutation ) => {                    if ( mutation.type === 'attributes' && visibilityTestDiv.offsetParent !== null ) {                        debouncedTriggerPostRender();                        observer.disconnect();                    }                });            });            observer.observe( document.body, {                attributes: true,                childList: false,                subtree: true,                attributeFilter: [ 'style', 'class' ],            });        } else {            triggerPostRender();        }    } );} );\n<\/script>\n","protected":false},"excerpt":{"rendered":"<p>Mireia L\u00f3pez Salazar Dins el marc de les Jornades &nbsp;El comprom\u00eds amb la lectura, la Marta Aguilar i la Marta Pont proposen, en el taller que han preparat, la reflexi\u00f3 sobre com llegim el m\u00f3n i com ajudem els infants a acostar-se als textos no literaris. Es refereixen als textos reals del m\u00f3n que ens [&hellip;]<\/p>\n","protected":false},"author":2663,"featured_media":303,"comment_status":"closed","ping_status":"closed","sticky":false,"template":"","format":"standard","meta":{"footnotes":""},"categories":[66],"tags":[],"class_list":["post-302","post","type-post","status-publish","format-standard","has-post-thumbnail","hentry","category-66"],"_links":{"self":[{"href":"https:\/\/webs.uab.cat\/icellegiriescriure-aprendre\/wp-json\/wp\/v2\/posts\/302","targetHints":{"allow":["GET"]}}],"collection":[{"href":"https:\/\/webs.uab.cat\/icellegiriescriure-aprendre\/wp-json\/wp\/v2\/posts"}],"about":[{"href":"https:\/\/webs.uab.cat\/icellegiriescriure-aprendre\/wp-json\/wp\/v2\/types\/post"}],"author":[{"embeddable":true,"href":"https:\/\/webs.uab.cat\/icellegiriescriure-aprendre\/wp-json\/wp\/v2\/users\/2663"}],"replies":[{"embeddable":true,"href":"https:\/\/webs.uab.cat\/icellegiriescriure-aprendre\/wp-json\/wp\/v2\/comments?post=302"}],"version-history":[{"count":1,"href":"https:\/\/webs.uab.cat\/icellegiriescriure-aprendre\/wp-json\/wp\/v2\/posts\/302\/revisions"}],"predecessor-version":[{"id":307,"href":"https:\/\/webs.uab.cat\/icellegiriescriure-aprendre\/wp-json\/wp\/v2\/posts\/302\/revisions\/307"}],"wp:featuredmedia":[{"embeddable":true,"href":"https:\/\/webs.uab.cat\/icellegiriescriure-aprendre\/wp-json\/wp\/v2\/media\/303"}],"wp:attachment":[{"href":"https:\/\/webs.uab.cat\/icellegiriescriure-aprendre\/wp-json\/wp\/v2\/media?parent=302"}],"wp:term":[{"taxonomy":"category","embeddable":true,"href":"https:\/\/webs.uab.cat\/icellegiriescriure-aprendre\/wp-json\/wp\/v2\/categories?post=302"},{"taxonomy":"post_tag","embeddable":true,"href":"https:\/\/webs.uab.cat\/icellegiriescriure-aprendre\/wp-json\/wp\/v2\/tags?post=302"}],"curies":[{"name":"wp","href":"https:\/\/api.w.org\/{rel}","templated":true}]}}