{"id":1314,"date":"2024-07-11T13:23:33","date_gmt":"2024-07-11T11:23:33","guid":{"rendered":"https:\/\/webs.uab.cat\/incasi\/?p=1314"},"modified":"2025-03-04T14:31:10","modified_gmt":"2025-03-04T12:31:10","slug":"video-living-lab-11-07-2024","status":"publish","type":"post","link":"https:\/\/webs.uab.cat\/incasi?p=1314","title":{"rendered":"Video Living Lab &#8211; Alejandro L\u00f3pez Mench\u00f3n (11\/07\/2024)"},"content":{"rendered":"\n<p>El 11 de julio en la Universidad de la Habana se realiza el Panel \u00abDesigualdades sociales: teor\u00eda, metodolog\u00eda y resultados de investigaciones europeas\u00bb. Con la presentaci\u00f3n de  <strong>Alejandro L\u00f3pez Mench\u00f3n<\/strong> de la Universidad Pablo de Olavide que realiza una comunicaci\u00f3n titulada <strong>\u201cIncorporaci\u00f3n del an\u00e1lisis de las desigualdades a la evaluaci\u00f3n de pol\u00edticas de empleo<\/strong>\u201d. Adem\u00e1s se presenta la comunicaci\u00f3n titulada <strong><em>\u201cIgualdad entre hombres y mujeres en las universidades espa\u00f1olas: indicadores, instrumentos y desaf\u00edos\u201d<\/em><\/strong>. por <strong>Esther Marquez Lepe,<\/strong> de la Universidad de Sevilla.<\/p>\n\n\n\n<p>Ver Parte 1 en el siguiente enlace de youtube.<\/p>\n\n\n\n<figure class=\"wp-block-embed is-type-video is-provider-youtube wp-block-embed-youtube wp-embed-aspect-4-3 wp-has-aspect-ratio\"><div class=\"wp-block-embed__wrapper\">\n<iframe loading=\"lazy\" title=\"INCASI Living Lab N\u00ba 16, realizado el la Universidad de la Habana (11\/07\/2024)_parte 1\" width=\"580\" height=\"326\" src=\"https:\/\/www.youtube.com\/embed\/jp4YCbfOfzc?feature=oembed\" frameborder=\"0\" allow=\"accelerometer; autoplay; clipboard-write; encrypted-media; gyroscope; picture-in-picture; web-share\" referrerpolicy=\"strict-origin-when-cross-origin\" allowfullscreen><\/iframe>\n<\/div><\/figure>\n\n\n\n<p>Ver Parte 2 en el siguiente enlace de youtube.<\/p>\n\n\n\n<figure class=\"wp-block-embed is-type-video is-provider-youtube wp-block-embed-youtube wp-embed-aspect-4-3 wp-has-aspect-ratio\"><div class=\"wp-block-embed__wrapper\">\n<iframe loading=\"lazy\" title=\"INCASI Living Lab N\u00ba 16, realizado el la Universidad de la Habana (11\/07\/2024)_Parte 2\" width=\"580\" height=\"326\" src=\"https:\/\/www.youtube.com\/embed\/4KQACUCzrQQ?feature=oembed\" frameborder=\"0\" allow=\"accelerometer; autoplay; clipboard-write; encrypted-media; gyroscope; picture-in-picture; web-share\" referrerpolicy=\"strict-origin-when-cross-origin\" allowfullscreen><\/iframe>\n<\/div><\/figure>\n","protected":false},"excerpt":{"rendered":"<p>El 11 de julio en la Universidad de la Habana se realiza el Panel \u00abDesigualdades sociales: teor\u00eda, metodolog\u00eda y resultados de investigaciones europeas\u00bb. Con la presentaci\u00f3n de Alejandro L\u00f3pez Mench\u00f3n de la Universidad Pablo de Olavide que realiza una comunicaci\u00f3n titulada \u201cIncorporaci\u00f3n del an\u00e1lisis de las desigualdades a la evaluaci\u00f3n de pol\u00edticas de empleo\u201d. Adem\u00e1s [&hellip;]<\/p>\n","protected":false},"author":2496,"featured_media":0,"comment_status":"closed","ping_status":"closed","sticky":false,"template":"","format":"standard","meta":{"footnotes":""},"categories":[4,3,8],"tags":[],"class_list":["post-1314","post","type-post","status-publish","format-standard","hentry","category-incasi-living-lab","category-news","category-video_ill"],"_links":{"self":[{"href":"https:\/\/webs.uab.cat\/incasi\/index.php?rest_route=\/wp\/v2\/posts\/1314","targetHints":{"allow":["GET"]}}],"collection":[{"href":"https:\/\/webs.uab.cat\/incasi\/index.php?rest_route=\/wp\/v2\/posts"}],"about":[{"href":"https:\/\/webs.uab.cat\/incasi\/index.php?rest_route=\/wp\/v2\/types\/post"}],"author":[{"embeddable":true,"href":"https:\/\/webs.uab.cat\/incasi\/index.php?rest_route=\/wp\/v2\/users\/2496"}],"replies":[{"embeddable":true,"href":"https:\/\/webs.uab.cat\/incasi\/index.php?rest_route=%2Fwp%2Fv2%2Fcomments&post=1314"}],"version-history":[{"count":2,"href":"https:\/\/webs.uab.cat\/incasi\/index.php?rest_route=\/wp\/v2\/posts\/1314\/revisions"}],"predecessor-version":[{"id":2297,"href":"https:\/\/webs.uab.cat\/incasi\/index.php?rest_route=\/wp\/v2\/posts\/1314\/revisions\/2297"}],"wp:attachment":[{"href":"https:\/\/webs.uab.cat\/incasi\/index.php?rest_route=%2Fwp%2Fv2%2Fmedia&parent=1314"}],"wp:term":[{"taxonomy":"category","embeddable":true,"href":"https:\/\/webs.uab.cat\/incasi\/index.php?rest_route=%2Fwp%2Fv2%2Fcategories&post=1314"},{"taxonomy":"post_tag","embeddable":true,"href":"https:\/\/webs.uab.cat\/incasi\/index.php?rest_route=%2Fwp%2Fv2%2Ftags&post=1314"}],"curies":[{"name":"wp","href":"https:\/\/api.w.org\/{rel}","templated":true}]}}