{"id":1320,"date":"2024-07-29T09:38:56","date_gmt":"2024-07-29T07:38:56","guid":{"rendered":"https:\/\/webs.uab.cat\/incasi\/?p=1320"},"modified":"2024-07-29T12:12:46","modified_gmt":"2024-07-29T10:12:46","slug":"viii-seminario-desigualdad-y-movilidad-social-en-america-latina","status":"publish","type":"post","link":"https:\/\/webs.uab.cat\/incasi?p=1320","title":{"rendered":"VIII Seminario Desigualdad y Movilidad Social en Am\u00e9rica Latina"},"content":{"rendered":"\n<p>Est\u00e1 abierta la convocatoria a participar del VIII Seminario Desigualdad y Movilidad Social en Am\u00e9rica Latina, organizado por la RED DEMOSAL, que tendr\u00e1 lugar los d\u00edas 24, 25 y&nbsp;26 de marzo&nbsp;de 2025 y ser\u00e1 organizado por el Instituto de Estudos Sociais e Pol\u00edticos da Universidade&nbsp;do&nbsp;Estado&nbsp;do&nbsp;Rio de Janeiro (IESP-UERJ).&nbsp;<\/p>\n\n\n\n<p>Ver primera circular en el siguiente documento <\/p>\n\n\n\n<div data-wp-interactive=\"core\/file\" class=\"wp-block-file\"><object data-wp-bind--hidden=\"!state.hasPdfPreview\" hidden class=\"wp-block-file__embed\" data=\"https:\/\/webs.uab.cat\/incasi\/wp-content\/uploads\/sites\/500\/2024\/07\/CIRCULAR-1-UERJ-2025.docx-1.pdf\" type=\"application\/pdf\" style=\"width:100%;height:600px\" aria-label=\"Incrustado de CIRCULAR-1-UERJ-2025.docx-1.\"><\/object><a id=\"wp-block-file--media-017eed71-5230-4b71-bc5a-600e5ea1428d\" href=\"https:\/\/webs.uab.cat\/incasi\/wp-content\/uploads\/sites\/500\/2024\/07\/CIRCULAR-1-UERJ-2025.docx-1.pdf\">CIRCULAR-1-UERJ-2025.docx-1<\/a><a href=\"https:\/\/webs.uab.cat\/incasi\/wp-content\/uploads\/sites\/500\/2024\/07\/CIRCULAR-1-UERJ-2025.docx-1.pdf\" class=\"wp-block-file__button wp-element-button\" download aria-describedby=\"wp-block-file--media-017eed71-5230-4b71-bc5a-600e5ea1428d\">Descarga<\/a><\/div>\n\n\n\n<p>RED DEMOSAL.<\/p>\n","protected":false},"excerpt":{"rendered":"<p>Est\u00e1 abierta la convocatoria a participar del VIII Seminario Desigualdad y Movilidad Social en Am\u00e9rica Latina, organizado por la RED DEMOSAL, que tendr\u00e1 lugar los d\u00edas 24, 25 y&nbsp;26 de marzo&nbsp;de 2025 y ser\u00e1 organizado por el Instituto de Estudos Sociais e Pol\u00edticos da Universidade&nbsp;do&nbsp;Estado&nbsp;do&nbsp;Rio de Janeiro (IESP-UERJ).&nbsp; Ver primera circular en el siguiente documento [&hellip;]<\/p>\n","protected":false},"author":2496,"featured_media":0,"comment_status":"closed","ping_status":"closed","sticky":false,"template":"","format":"standard","meta":{"footnotes":""},"categories":[3],"tags":[],"class_list":["post-1320","post","type-post","status-publish","format-standard","hentry","category-news"],"_links":{"self":[{"href":"https:\/\/webs.uab.cat\/incasi\/index.php?rest_route=\/wp\/v2\/posts\/1320","targetHints":{"allow":["GET"]}}],"collection":[{"href":"https:\/\/webs.uab.cat\/incasi\/index.php?rest_route=\/wp\/v2\/posts"}],"about":[{"href":"https:\/\/webs.uab.cat\/incasi\/index.php?rest_route=\/wp\/v2\/types\/post"}],"author":[{"embeddable":true,"href":"https:\/\/webs.uab.cat\/incasi\/index.php?rest_route=\/wp\/v2\/users\/2496"}],"replies":[{"embeddable":true,"href":"https:\/\/webs.uab.cat\/incasi\/index.php?rest_route=%2Fwp%2Fv2%2Fcomments&post=1320"}],"version-history":[{"count":2,"href":"https:\/\/webs.uab.cat\/incasi\/index.php?rest_route=\/wp\/v2\/posts\/1320\/revisions"}],"predecessor-version":[{"id":1324,"href":"https:\/\/webs.uab.cat\/incasi\/index.php?rest_route=\/wp\/v2\/posts\/1320\/revisions\/1324"}],"wp:attachment":[{"href":"https:\/\/webs.uab.cat\/incasi\/index.php?rest_route=%2Fwp%2Fv2%2Fmedia&parent=1320"}],"wp:term":[{"taxonomy":"category","embeddable":true,"href":"https:\/\/webs.uab.cat\/incasi\/index.php?rest_route=%2Fwp%2Fv2%2Fcategories&post=1320"},{"taxonomy":"post_tag","embeddable":true,"href":"https:\/\/webs.uab.cat\/incasi\/index.php?rest_route=%2Fwp%2Fv2%2Ftags&post=1320"}],"curies":[{"name":"wp","href":"https:\/\/api.w.org\/{rel}","templated":true}]}}