{"id":1336,"date":"2024-07-29T11:55:37","date_gmt":"2024-07-29T09:55:37","guid":{"rendered":"https:\/\/webs.uab.cat\/incasi\/?p=1336"},"modified":"2024-11-18T15:09:14","modified_gmt":"2024-11-18T13:09:14","slug":"encuentro-de-trabajo-de-lopez-menchon-con-especialistas-de-instituciones-relacionadas-con-el-empleo-en-cuba","status":"publish","type":"post","link":"https:\/\/webs.uab.cat\/incasi?p=1336","title":{"rendered":"Encuentro de trabajo de L\u00f3pez Mench\u00f3n con especialistas de instituciones relacionadas con el empleo en Cuba"},"content":{"rendered":"\n<h4 class=\"wp-block-heading\">10 de julio de 2024 | Universidad de La Habana (La Habana, Cuba).<\/h4>\n\n\n\n<p>El pasado <strong>10 de julio<\/strong> <strong>de 2024<\/strong> tuvo lugar en la <strong>Universidad de La Habana<\/strong> el mencionado encuentro sobre empleabilidad, en el que participaron 25 personas, entre ellas <strong>subdirectoras municipales de trabajo<\/strong>, <strong>metod\u00f3logas del CELASS <\/strong>(Centro de Estudios del Ministerio de Trabajo y Seguridad Social,) <strong>especialistas de la Direcci\u00f3n Provincial de Trabajo<\/strong>, <strong>la directora y expertos\/as de la Direcci\u00f3n Nacional de Empleo Estatal<\/strong>, y <strong>la asesora de la ministra del MTSS<\/strong>, experta en temas de ocupaci\u00f3n y an\u00e1lisis de empleo. En esta cita, <strong>L\u00f3pez Mench\u00f3n<\/strong> disert\u00f3 sobre los Servicio de orientaci\u00f3n profesional y el sistema de indicadores para evaluar la empleabilidad en Andaluc\u00eda, tema solicitado con anterioridad por la direcci\u00f3n Nacional de Empleo Estatal.<\/p>\n\n\n\n<figure class=\"wp-block-image size-full\"><img loading=\"lazy\" decoding=\"async\" width=\"975\" height=\"549\" src=\"https:\/\/webs.uab.cat\/incasi\/wp-content\/uploads\/sites\/500\/2024\/07\/image.png\" alt=\"Imagen del encuentro de trabajo del pasado 10 de julio\" class=\"wp-image-1340\" srcset=\"https:\/\/webs.uab.cat\/incasi\/wp-content\/uploads\/sites\/500\/2024\/07\/image.png 975w, https:\/\/webs.uab.cat\/incasi\/wp-content\/uploads\/sites\/500\/2024\/07\/image-400x225.png 400w, https:\/\/webs.uab.cat\/incasi\/wp-content\/uploads\/sites\/500\/2024\/07\/image-768x432.png 768w\" sizes=\"auto, (max-width: 975px) 100vw, 975px\" \/><figcaption class=\"wp-element-caption\">L\u00f3pez-Mench\u00f3n realizando una exposici\u00f3n ante los participantes del encuentro.<\/figcaption><\/figure>\n\n\n\n<p>Esto caus\u00f3 un fuerte inter\u00e9s en el Servicio de orientaci\u00f3n profesional y, en particular, sobre el uso del certificado de servicio de orientaci\u00f3n profesional a personas demandantes de empleo. Tambi\u00e9n, sobre la tarjeta virtual de personas desempleadas la cual les permite solicitar subsidios y tiene una duraci\u00f3n de 2 a\u00f1os. Adem\u00e1s, se trataron temas como el empleo en casos como el de Cuba, la gesti\u00f3n del empleo en grupos prioritarios (colectivo de j\u00f3venes hasta 35 a\u00f1os o de mujeres) o el proceso de otorgamiento de empleo estatal para personas desvinculadas del mismo.<\/p>\n\n\n\n<p>Destac\u00f3 la iniciativa de las ferias de empleo que se han estado realizando durante el presente a\u00f1o 2024 (se prev\u00e9n cuatro en total); con una cantidad creciente de personas que acuden a este tipo de eventos. En esta feria confluyen demandantes y oferentes, con posibilidad de establecer redes, aunque sin la obligaci\u00f3n de llegar a concretar relaciones contractuales. L\u00f3pez Mench\u00f3n se\u00f1al\u00f3 que que existen otro tipo de experiencias similares en Espa\u00f1a, pero con el a\u00f1adido de que se hacen los contratos <em>in situ<\/em>. Sumado a estas aportaciones, la directora de empleo estatal mostr\u00f3 inter\u00e9s de indicadores de impacto del modelo y de medici\u00f3n de eficacia de este tipo de ferias de empleo.<\/p>\n\n\n\n<p>En conclusi\u00f3n, se dio un encuentro satisfactorio en el que pudieron confluir diversos actores del \u00e1mbito p\u00fablico y acad\u00e9mico para seguir dando pasos en pro de una mayor eficacia de los servicios estatales de empleo y formaci\u00f3n.<\/p>\n","protected":false},"excerpt":{"rendered":"<p>10 de julio de 2024 | Universidad de La Habana (La Habana, Cuba). El pasado 10 de julio de 2024 tuvo lugar en la Universidad de La Habana el mencionado encuentro sobre empleabilidad, en el que participaron 25 personas, entre ellas subdirectoras municipales de trabajo, metod\u00f3logas del CELASS (Centro de Estudios del Ministerio de Trabajo [&hellip;]<\/p>\n","protected":false},"author":2938,"featured_media":0,"comment_status":"closed","ping_status":"closed","sticky":false,"template":"","format":"standard","meta":{"footnotes":""},"categories":[3,5],"tags":[],"class_list":["post-1336","post","type-post","status-publish","format-standard","hentry","category-news","category-seminarios"],"_links":{"self":[{"href":"https:\/\/webs.uab.cat\/incasi\/index.php?rest_route=\/wp\/v2\/posts\/1336","targetHints":{"allow":["GET"]}}],"collection":[{"href":"https:\/\/webs.uab.cat\/incasi\/index.php?rest_route=\/wp\/v2\/posts"}],"about":[{"href":"https:\/\/webs.uab.cat\/incasi\/index.php?rest_route=\/wp\/v2\/types\/post"}],"author":[{"embeddable":true,"href":"https:\/\/webs.uab.cat\/incasi\/index.php?rest_route=\/wp\/v2\/users\/2938"}],"replies":[{"embeddable":true,"href":"https:\/\/webs.uab.cat\/incasi\/index.php?rest_route=%2Fwp%2Fv2%2Fcomments&post=1336"}],"version-history":[{"count":9,"href":"https:\/\/webs.uab.cat\/incasi\/index.php?rest_route=\/wp\/v2\/posts\/1336\/revisions"}],"predecessor-version":[{"id":2153,"href":"https:\/\/webs.uab.cat\/incasi\/index.php?rest_route=\/wp\/v2\/posts\/1336\/revisions\/2153"}],"wp:attachment":[{"href":"https:\/\/webs.uab.cat\/incasi\/index.php?rest_route=%2Fwp%2Fv2%2Fmedia&parent=1336"}],"wp:term":[{"taxonomy":"category","embeddable":true,"href":"https:\/\/webs.uab.cat\/incasi\/index.php?rest_route=%2Fwp%2Fv2%2Fcategories&post=1336"},{"taxonomy":"post_tag","embeddable":true,"href":"https:\/\/webs.uab.cat\/incasi\/index.php?rest_route=%2Fwp%2Fv2%2Ftags&post=1336"}],"curies":[{"name":"wp","href":"https:\/\/api.w.org\/{rel}","templated":true}]}}