{"id":1986,"date":"2024-10-22T13:28:43","date_gmt":"2024-10-22T11:28:43","guid":{"rendered":"https:\/\/webs.uab.cat\/incasi?p=1986"},"modified":"2026-01-15T14:30:02","modified_gmt":"2026-01-15T12:30:02","slug":"la-asociacion-universitaria-iberoamericana-de-postgrado-reune-en-colombia-a-su-comision-ejecutiva","status":"publish","type":"post","link":"https:\/\/webs.uab.cat\/incasi?p=1986","title":{"rendered":"La Asociaci\u00f3n Universitaria Iberoamericana de Postgrado re\u00fane en Colombia a su Comisi\u00f3n Ejecutiva"},"content":{"rendered":"\n<h4 class=\"wp-block-heading\"><strong>22 de octubre de 2024 | Universidad Nacional de Colombia (Bogot\u00e1, Colombia).<\/strong><\/h4>\n\n\n\n<p>Francisco OIiva, presidente de AUIP, firm\u00f3 en el marco de este encuentro un acuerdo de colaboraci\u00f3n con el Consorcio de Universidades Mexicanas.<\/p>\n\n\n\n<figure class=\"wp-block-image\"><img decoding=\"async\" src=\"https:\/\/www.upo.es\/diario\/wp-content\/uploads\/2024\/10\/comision-ejecutiva-AUIP-grupo-e1729695784611-750x359.jpeg\" alt=\"La Comisi\u00f3n Ejecutiva se reuni\u00f3n en la Hemeroteca Nacional Universitaria de la Universidad Nacional de Colombia (UNAL)\" class=\"wp-image-30883866\" \/><\/figure>\n\n\n\n<p><em>La Comisi\u00f3n Ejecutiva se reuni\u00f3 en la Hemeroteca Nacional Universitaria de la UNAL<\/em>.<\/p>\n\n\n\n<p>La Universidad Nacional de Colombia (UNAL), en su sede de Bogot\u00e1, acogi\u00f3 el pasado viernes una reuni\u00f3n de la nueva Comisi\u00f3n Ejecutiva de la Asociaci\u00f3n Universitaria Iberoamericana de Postgrado (AUIP), que preside el rector de la Universidad Pablo de Olavide desde la&nbsp;<a href=\"https:\/\/www.upo.es\/diario\/institucional\/2024\/05\/francisco-oliva-nuevo-presidente-de-la-asociacion-universitaria-iberoamericana-de-postgrado\/\">Asamblea celebrada en Sevilla en mayo de 2024<\/a>.<\/p>\n\n\n\n<p>Durante el encuentro se abordaron proyectos como la colaboraci\u00f3n con la Secretar\u00eda General Iberoamericana para crear, junto a la AUIP, una&nbsp;<strong>Escuela Iberoamericana de Postgrado y Doctorado<\/strong>, con el fin de impulsar programas colaborativos de doctorado de alta calidad en \u00e1reas estrat\u00e9gicas del conocimiento. Asimismo, se present\u00f3 el&nbsp;<strong>presupuesto para 2025<\/strong>, el cual deber\u00e1 ser aprobado por pr\u00f3xima Asamblea General de la AUIP, que se celebrar\u00e1 en la Universidad Nacional de C\u00f3rdoba (Argentina).<\/p>\n\n\n\n<p>En el \u00e1mbito social y cultural, Miguel \u00c1ngel Castro, rector de la Universidad de Sevilla y anterior presidente de AUIP, present\u00f3 su proyecto para unir esfuerzos en el seno de la Asociaci\u00f3n con vistas a la&nbsp;<strong>celebraci\u00f3n de dos centenarios, el de la Exposici\u00f3n Iberoamericana de Sevilla de 1929 y el de la Generaci\u00f3n del 27<\/strong>, en la que tambi\u00e9n la ciudad de Sevilla fue protagonista.<\/p>\n\n\n\n<p>Durante la reuni\u00f3n, que cont\u00f3 con la asistencia de 25 representantes de 17 universidades, tambi\u00e9n se aprob\u00f3 el ingreso de seis nuevas instituciones a la Asociaci\u00f3n, y la Comisi\u00f3n Ejecutiva felicit\u00f3 al equipo administrativo de la AUIP por su trabajo en la renovaci\u00f3n del Certificado de Calidad ISO 9001:2015.<\/p>\n\n\n\n<figure class=\"wp-block-image is-resized\" id=\"attachment_30883867\"><img decoding=\"async\" src=\"https:\/\/www.upo.es\/diario\/wp-content\/uploads\/2024\/10\/convenio-AUIP-CUMex-420x315.jpeg\" alt=\"Francisco Oliva e Ismael Garc\u00eda Castro en la firma del acuerdo AUIP-CUMex\" class=\"wp-image-30883867\" style=\"width:700px;height:auto\" \/><figcaption class=\"wp-element-caption\">Francisco Oliva e Ismael Garc\u00eda Castro en la firma del acuerdo AUIP-CUMex<\/figcaption><\/figure>\n\n\n\n<p>A la finalizaci\u00f3n del encuentro fue firmado un&nbsp;<strong>convenio de colaboraci\u00f3n con el Consorcio de Universidades Mexicanas, gracias al cual se pondr\u00e1 en marcha la C\u00e1tedra Internacional CUMex-AUIP<\/strong>. Este acuerdo tiene por objetivo facilitar la colaboraci\u00f3n acad\u00e9mica y cient\u00edfica entre universidades e instituciones de educaci\u00f3n superior miembros de CUMex y las universidades iberoamericanas asociadas a la AUIP. Adem\u00e1s, se busca promover la realizaci\u00f3n de c\u00e1tedras conjuntas en \u00e1reas estrat\u00e9gicas para el desarrollo de la ciencia y la tecnolog\u00eda de las universidades participantes.<\/p>\n\n\n\n<p>Asistieron a la Comisi\u00f3n Ejecutiva celebrada en Bogot\u00e1 representantes de la Universidad Pablo de Olavide (Espa\u00f1a), Universidad de Sevilla (Espa\u00f1a), Universidad Estadual Paulista (Brasil), Universidad Internacional de Andaluc\u00eda (Espa\u00f1a), Universidad de Buenos Aires (Argentina), Universidad Nacional Aut\u00f3noma de M\u00e9xico (M\u00e9xico), Universidad Nacional de Colombia (Colombia), Universidad de la Rep\u00fablica (Uruguay), Universidad Nacional de C\u00f3rdoba (Argentina), Universidad de Chile (Chile), Pontificia Universidad Cat\u00f3lica del Per\u00fa (Per\u00fa), Universidad Aut\u00f3noma de Nuevo Le\u00f3n (M\u00e9xico), Universidad de Valladolid (Espa\u00f1a), Universidad de Granada (Espa\u00f1a), Universidad de Oriente (Cuba), Universidad de C\u00f3rdoba (Espa\u00f1a) y Universidad Aut\u00f3noma de Sinaloa (M\u00e9xico).<\/p>\n\n\n\n<blockquote class=\"wp-block-quote is-layout-flow wp-block-quote-is-layout-flow\">\n<p><strong>Fuente<\/strong>: Oficina de Transferencia de Resultado de Investigaci\u00f3n, <a href=\"https:\/\/www.upo.es\/diario\/institucional\/2024\/10\/la-asociacion-universitaria-iberoamericana-de-postgrado-reune-en-colombia-a-su-comision-ejecutiva\/\">Diario Universidad Pablo de Olavide<\/a>, <a href=\"https:\/\/www.upo.es\/diario\/temas\/docencia-formacion\/\">Divulgaci\u00f3n<\/a><\/p>\n<\/blockquote>\n\n\n\n<p><\/p>\n","protected":false},"excerpt":{"rendered":"<p>22 de octubre de 2024 | Universidad Nacional de Colombia (Bogot\u00e1, Colombia). Francisco OIiva, presidente de AUIP, firm\u00f3 en el marco de este encuentro un acuerdo de colaboraci\u00f3n con el Consorcio de Universidades Mexicanas. La Comisi\u00f3n Ejecutiva se reuni\u00f3 en la Hemeroteca Nacional Universitaria de la UNAL. La Universidad Nacional de Colombia (UNAL), en su [&hellip;]<\/p>\n","protected":false},"author":2938,"featured_media":0,"comment_status":"closed","ping_status":"closed","sticky":false,"template":"","format":"standard","meta":{"footnotes":""},"categories":[3],"tags":[],"class_list":["post-1986","post","type-post","status-publish","format-standard","hentry","category-news"],"_links":{"self":[{"href":"https:\/\/webs.uab.cat\/incasi\/index.php?rest_route=\/wp\/v2\/posts\/1986","targetHints":{"allow":["GET"]}}],"collection":[{"href":"https:\/\/webs.uab.cat\/incasi\/index.php?rest_route=\/wp\/v2\/posts"}],"about":[{"href":"https:\/\/webs.uab.cat\/incasi\/index.php?rest_route=\/wp\/v2\/types\/post"}],"author":[{"embeddable":true,"href":"https:\/\/webs.uab.cat\/incasi\/index.php?rest_route=\/wp\/v2\/users\/2938"}],"replies":[{"embeddable":true,"href":"https:\/\/webs.uab.cat\/incasi\/index.php?rest_route=%2Fwp%2Fv2%2Fcomments&post=1986"}],"version-history":[{"count":6,"href":"https:\/\/webs.uab.cat\/incasi\/index.php?rest_route=\/wp\/v2\/posts\/1986\/revisions"}],"predecessor-version":[{"id":5037,"href":"https:\/\/webs.uab.cat\/incasi\/index.php?rest_route=\/wp\/v2\/posts\/1986\/revisions\/5037"}],"wp:attachment":[{"href":"https:\/\/webs.uab.cat\/incasi\/index.php?rest_route=%2Fwp%2Fv2%2Fmedia&parent=1986"}],"wp:term":[{"taxonomy":"category","embeddable":true,"href":"https:\/\/webs.uab.cat\/incasi\/index.php?rest_route=%2Fwp%2Fv2%2Fcategories&post=1986"},{"taxonomy":"post_tag","embeddable":true,"href":"https:\/\/webs.uab.cat\/incasi\/index.php?rest_route=%2Fwp%2Fv2%2Ftags&post=1986"}],"curies":[{"name":"wp","href":"https:\/\/api.w.org\/{rel}","templated":true}]}}