{"id":2034,"date":"2024-09-25T12:16:21","date_gmt":"2024-09-25T10:16:21","guid":{"rendered":"https:\/\/webs.uab.cat\/incasi?p=2034"},"modified":"2026-01-15T14:30:22","modified_gmt":"2026-01-15T12:30:22","slug":"la-noche-europea-de-ls-investigadors-programa-en-sevilla-75-actividades-para-todos-los-publicos-con-la-participacion-de-incasi2","status":"publish","type":"post","link":"https:\/\/webs.uab.cat\/incasi?p=2034","title":{"rendered":"La Noche Europea de l@s Investigador@s programa en Sevilla 75 actividades para todos los p\u00fablicos, con la participaci\u00f3n de INCASI2"},"content":{"rendered":"\n<h4 class=\"wp-block-heading\"><strong>25 de septiembre de 2024 | Sevilla, Espa\u00f1a.<\/strong><\/h4>\n\n\n\n<h2 class=\"wp-block-heading has-normal-font-size\"><strong>M\u00e1s de 200 investigadores e investigadoras compartir\u00e1n sus conocimientos con la ciudadan\u00eda en m\u00e1s de 70 actividades que tendr\u00e1n lugar, como novedad en esta edici\u00f3n, principalmente en el Museo Casa de la Ciencia<\/strong><\/h2>\n\n\n<div class=\"wp-block-image\">\n<figure class=\"aligncenter\" id=\"attachment_30883530\"><a href=\"https:\/\/www.upo.es\/diario\/wp-content\/uploads\/2024\/09\/rdpnoche_investigadores01-1.jpg\"><img decoding=\"async\" src=\"https:\/\/www.upo.es\/diario\/wp-content\/uploads\/2024\/09\/rdpnoche_investigadores01-1-750x500.jpg\" alt=\"Representantes de las entidades participantes en la Noche Europea de l@is Investigador@s de Sevilla. De izquierda a derecha: Paolo Canfora (JRC) \/ Alberto M\u00e1rquez (US) \/ Teresa Cruz (Fundaci\u00f3n Descubre) \/ Antonia Jim\u00e9nez (UPO) \/ Rafael Fern\u00e1ndez (IBiS) \/ Margarita Paneque (CSIC Andaluc\u00eda) \/ Silvia Pozo (Ayuntamiento de Sevilla) \/ Herminia Romero (Loyola) \/ Miguel \u00c1ngel Ara\u00faz (Junta de Andaluc\u00eda). Fuente: Guillermo Mart\u00ednez (CSIC)\" class=\"wp-image-30883530\" \/><\/a><figcaption class=\"wp-element-caption\">Representantes de las entidades participantes en la Noche Europea de l@is Investigador@s de Sevilla. De izquierda a derecha: Paolo Canfora (JRC) \/ Alberto M\u00e1rquez (US) \/ Teresa Cruz (Fundaci\u00f3n Descubre) \/ Antonia Jim\u00e9nez (UPO) \/ Rafael Fern\u00e1ndez (IBiS) \/ Margarita Paneque (CSIC Andaluc\u00eda) \/ Silvia Pozo (Ayuntamiento de Sevilla) \/ Herminia Romero (Loyola) \/ Miguel \u00c1ngel Ara\u00faz (Junta de Andaluc\u00eda). Fuente: Guillermo Mart\u00ednez (CSIC).<\/figcaption><\/figure>\n<\/div>\n\n\n<p>Sevilla celebra por decimotercer a\u00f1o consecutivo&nbsp;<a href=\"https:\/\/lanochedelosinvestigadores.fundaciondescubre.es\/\">La Noche Europea de l@s Investigador@s<\/a>&nbsp;junto a cerca de 375 ciudades de toda Europa. Con el objetivo de descubrir a las personas que est\u00e1n tras la ciencia que se desarrolla en los laboratorios y en los centros de investigaci\u00f3n de la ciudad a trav\u00e9s de un contacto directo con los propios expertos y expertas, la cita ser\u00e1 el \u00faltimo viernes de septiembre, como cada a\u00f1o, que en esta edici\u00f3n ser\u00e1 el pr\u00f3ximo d\u00eda 27 en con la novedad de que la gran mayor parte de las actividades se celebrar\u00e1n en el&nbsp;<strong>Museo Casa de la Ciencia,<\/strong>&nbsp;<strong>tambi\u00e9n conocido como Pabell\u00f3n de Per\u00fa<\/strong>. En total se han programado 75 actividades para la jornada del viernes que contar\u00e1n con la participaci\u00f3n de m\u00e1s de 200 investigadores de varias instituciones cient\u00edficas de la ciudad.<\/p>\n\n\n<div class=\"wp-block-image\">\n<figure class=\"aligncenter is-resized\" id=\"attachment_30883529\"><a href=\"https:\/\/www.upo.es\/diario\/wp-content\/uploads\/2024\/09\/rdpnoche_investigadores02.jpg\"><img decoding=\"async\" src=\"https:\/\/www.upo.es\/diario\/wp-content\/uploads\/2024\/09\/rdpnoche_investigadores02-420x280.jpg\" alt=\"La vicerrectora de Investigaci\u00f3n, Transferencia y Doctorado de la UPOAntonia Jim\u00e9nez Rodr\u00edguez.\" class=\"wp-image-30883529\" style=\"width:493px;height:auto\" \/><\/a><figcaption class=\"wp-element-caption\">La vicerrectora de Investigaci\u00f3n, Transferencia y Doctorado de la UPO<br>Antonia Jim\u00e9nez Rodr\u00edguez.<\/figcaption><\/figure>\n<\/div>\n\n\n<p>El objetivo fundamental de La Noche Europea de l@s investigador@s es el acercamiento entre la sociedad y los profesionales de la investigaci\u00f3n, que dan a conocer su trabajo en su d\u00eda a d\u00eda y presentan, de una forma cercana, la forma en que los avances repercuten en el d\u00eda a d\u00eda de la vida cotidiana de la ciudadan\u00eda. Al mismo tiempo, el evento se presenta como una herramienta fundamental para despertar vocaciones cient\u00edficas en la juventud y potenciar la carrera investigadora como salida profesional.<\/p>\n\n\n\n<p><strong>Antonia Jim\u00e9nez<\/strong>, de la UPO, ha subrayado que \u201cen esta ocasi\u00f3n nuestra Universidad aporta los resultados de las investigaciones de 66 investigadoras e investigadores de todas las ramas del conocimiento, contando con actividades para todas las edades, repletas de conocimiento e ilusi\u00f3n\u201d. Bajo el&nbsp;<strong>lema \u2018Mujeres y hombres que hacen ciencia para ti\u2019<\/strong>, un a\u00f1o m\u00e1s Sevilla se suma, junto al resto de provincias andaluzas, a esta gran cita con la ciencia promovida por la Comisi\u00f3n Europea y organizada por un total de 13 instituciones cient\u00edficas p\u00fablicas de toda la comunidad bajo la coordinaci\u00f3n de&nbsp;<strong>Fundaci\u00f3n Descubre<\/strong>&nbsp;y el apoyo del&nbsp;<strong>Servicio de Salud<\/strong>&nbsp;del&nbsp;<strong>Ayuntamiento de Sevilla.<\/strong><\/p>\n\n\n\n<p>Esta edici\u00f3n de La Noche Europea de l@s investigador@s deja de forma provisional su principal enclave en la Plaza Nueva y en la sede de la Fundaci\u00f3n Cajasol debido a las obras de mejora en esta ubicaci\u00f3n, para celebrar el evento en el Museo Casa de la Ciencia de Sevilla. Un espacio abierto de divulgaci\u00f3n cient\u00edfica, ocio educativo y cultural para toda la ciudadan\u00eda. Pertenece al Consejo Superior de Investigaciones Cient\u00edficas (CSIC) que cuenta tambi\u00e9n con exposiciones permanentes.<\/p>\n\n\n\n<p>As\u00ed,&nbsp;<strong>desde las 17.00 y hasta las 23.00 horas<\/strong>&nbsp;se suceder\u00e1n en este nuevo enclave charlas, talleres, visitas guiadas, juegos cient\u00edficos, exposiciones y espect\u00e1culos para peque\u00f1os y adultos en este espacio que ya el pasado a\u00f1o fue la sede de las actividades que program\u00f3 el CSIC para el evento.<\/p>\n\n\n\n<p>En este sentido, la&nbsp;<strong>Universidad Pablo de Olavide<\/strong>&nbsp;ha programado 19 actividades entre las que se encuentran talleres pr\u00e1cticos y actividades, entre las que ha participado el proyecto INCASI2.<\/p>\n\n\n<div class=\"wp-block-image\">\n<figure class=\"aligncenter size-large\"><img loading=\"lazy\" decoding=\"async\" width=\"1024\" height=\"576\" src=\"https:\/\/webs.uab.cat\/incasi\/wp-content\/uploads\/sites\/500\/2024\/11\/photo_2024-11-14_11-10-18-1024x576.jpg\" alt=\"\" class=\"wp-image-2035\" srcset=\"https:\/\/webs.uab.cat\/incasi\/wp-content\/uploads\/sites\/500\/2024\/11\/photo_2024-11-14_11-10-18-1024x576.jpg 1024w, https:\/\/webs.uab.cat\/incasi\/wp-content\/uploads\/sites\/500\/2024\/11\/photo_2024-11-14_11-10-18-400x225.jpg 400w, https:\/\/webs.uab.cat\/incasi\/wp-content\/uploads\/sites\/500\/2024\/11\/photo_2024-11-14_11-10-18-768x432.jpg 768w, https:\/\/webs.uab.cat\/incasi\/wp-content\/uploads\/sites\/500\/2024\/11\/photo_2024-11-14_11-10-18-1200x675.jpg 1200w, https:\/\/webs.uab.cat\/incasi\/wp-content\/uploads\/sites\/500\/2024\/11\/photo_2024-11-14_11-10-18.jpg 1280w\" sizes=\"auto, (max-width: 1024px) 100vw, 1024px\" \/><figcaption class=\"wp-element-caption\">De izquierda a derecha, Sandra Fachelli (IP INCASI2 en Universidad Pablo de Olavide, Espa\u00f1a), Francisco Oliva (Rector de Universidad Pablo de Olavide, Espa\u00f1a) y Juanra Jim\u00e9nez (investigador en Universidad Pablo de Olavide, Espa\u00f1a)<\/figcaption><\/figure>\n<\/div>\n\n\n<p><strong>Dos exposiciones<\/strong>, una que mostrar\u00e1 el fen\u00f3meno de la trata de personas y su v\u00ednculo con las movilidades, en espec\u00edfico de las mujeres, y otra que dar\u00e1 a conocer c\u00f3mo se estudian y miden las desigualdades socioecon\u00f3micas en una perspectiva comparada internacional entre Europa y Am\u00e9rica Latina y el Caribe, as\u00ed como la visita guiada&nbsp;<strong>\u2018Paseando entre el arroyo Tagarete y el r\u00edo Guadalquivir. De la Casa de la Ciencia a la Torre del Oro\u2019<\/strong>, son otras de las actividades ofrecidas por la Olavide.<\/p>\n\n\n\n<p>Adem\u00e1s de las actividades que se celebran en la Casa de la Ciencia, en el Pabell\u00f3n de Uruguay tambi\u00e9n se podr\u00e1 asistir a la obra de teatro&nbsp;<strong>\u2018Mujeres y poder en la Antig\u00fcedad. Representaci\u00f3n teatral de La asamblea de las mujeres, de Arist\u00f3fanes\u2019<\/strong>.<\/p>\n\n\n<div class=\"wp-block-image\">\n<figure class=\"aligncenter size-large is-resized\"><img loading=\"lazy\" decoding=\"async\" width=\"1024\" height=\"683\" src=\"https:\/\/webs.uab.cat\/incasi\/wp-content\/uploads\/sites\/500\/2024\/11\/photo_2024-11-14_11-10-18-2-1024x683.jpg\" alt=\"\" class=\"wp-image-2036\" style=\"width:517px;height:auto\" srcset=\"https:\/\/webs.uab.cat\/incasi\/wp-content\/uploads\/sites\/500\/2024\/11\/photo_2024-11-14_11-10-18-2-1024x683.jpg 1024w, https:\/\/webs.uab.cat\/incasi\/wp-content\/uploads\/sites\/500\/2024\/11\/photo_2024-11-14_11-10-18-2-400x267.jpg 400w, https:\/\/webs.uab.cat\/incasi\/wp-content\/uploads\/sites\/500\/2024\/11\/photo_2024-11-14_11-10-18-2-768x512.jpg 768w, https:\/\/webs.uab.cat\/incasi\/wp-content\/uploads\/sites\/500\/2024\/11\/photo_2024-11-14_11-10-18-2-1200x801.jpg 1200w, https:\/\/webs.uab.cat\/incasi\/wp-content\/uploads\/sites\/500\/2024\/11\/photo_2024-11-14_11-10-18-2.jpg 1280w\" sizes=\"auto, (max-width: 1024px) 100vw, 1024px\" \/><figcaption class=\"wp-element-caption\">Juanra Jim\u00e9nez (Universidad Pablo de Olavide, Espa\u00f1a) divulgando acerca del proyecto INCASI2.<\/figcaption><\/figure>\n<\/div>\n\n\n<h3 class=\"wp-block-heading\"><strong>Promotores de la actividad en Andaluc\u00eda<\/strong><\/h3>\n\n\n\n<p>La Noche Europea de los Investigadores en Andaluc\u00eda es un evento asociado a la iniciativa MSCA and Citizens de la Uni\u00f3n Europea financiada en el marco de las acciones Marie Sk\u0142odowska Curie del programa Horizonte Europa (Call: HORIZON-MSCA-2023-CITIZENS-01).<\/p>\n\n\n\n<p>Est\u00e1 coordinado en Andaluc\u00eda por la&nbsp;<strong>Fundaci\u00f3n Descubre<\/strong>&nbsp;con financiaci\u00f3n de la&nbsp;<strong>Consejer\u00eda de Universidad, Investigaci\u00f3n e Innovaci\u00f3n<\/strong>. Conforman el consorcio las Universidades de Almer\u00eda, C\u00e1diz, C\u00f3rdoba, Granada, Huelva, Ja\u00e9n, M\u00e1laga, Pablo de Olavide y Sevilla, ocho centros del Consejo Superior de Investigaciones Cient\u00edficas (CSIC), el IMGEMA-Real Jard\u00edn Bot\u00e1nico de C\u00f3rdoba y la Fundaci\u00f3n P\u00fablica Progreso y Salud a trav\u00e9s de Genyo y el Biobanco del Sistema Sanitario.<\/p>\n\n\n\n<p>Paralelamente, Radio Televisi\u00f3n de Andaluc\u00eda, Andaluc\u00eda TRADE, el Instituto Andaluz de Investigaci\u00f3n y Formaci\u00f3n Agraria, Pesquera, Alimentaria y de la Producci\u00f3n Ecol\u00f3gica (IFAPA) y la Universidad Loyola son socios estrat\u00e9gicos del proyecto y colaboran estrechamente en su desarrollo.<\/p>\n\n\n\n<p><strong>Enlace a las fotograf\u00edas de la rueda de prensa<\/strong>:\u00a0<a href=\"https:\/\/we.tl\/t-ifxXkb7kUk\">https:\/\/we.tl\/t-ifxXkb7kUk\u00a0<\/a><\/p>\n\n\n\n<blockquote class=\"wp-block-quote is-layout-flow wp-block-quote-is-layout-flow\">\n<p><strong>Fuente<\/strong>: Oficina de Transferencia de Resultado de Investigaci\u00f3n, <a href=\"https:\/\/www.upo.es\/diario\/docencia-formacion\/2024\/09\/la-noche-europea-de-ls-investigadors-programa-en-sevilla-75-actividades-para-todos-los-publicos\/\">Diario Universidad Pablo de Olavide<\/a>, <a href=\"https:\/\/www.upo.es\/diario\/temas\/docencia-formacion\/\">Divulgaci\u00f3n<\/a><\/p>\n<\/blockquote>\n\n\n\n<p><\/p>\n","protected":false},"excerpt":{"rendered":"<p>25 de septiembre de 2024 | Sevilla, Espa\u00f1a. M\u00e1s de 200 investigadores e investigadoras compartir\u00e1n sus conocimientos con la ciudadan\u00eda en m\u00e1s de 70 actividades que tendr\u00e1n lugar, como novedad en esta edici\u00f3n, principalmente en el Museo Casa de la Ciencia Sevilla celebra por decimotercer a\u00f1o consecutivo&nbsp;La Noche Europea de l@s Investigador@s&nbsp;junto a cerca de [&hellip;]<\/p>\n","protected":false},"author":2938,"featured_media":0,"comment_status":"closed","ping_status":"closed","sticky":false,"template":"","format":"standard","meta":{"footnotes":""},"categories":[3],"tags":[],"class_list":["post-2034","post","type-post","status-publish","format-standard","hentry","category-news"],"_links":{"self":[{"href":"https:\/\/webs.uab.cat\/incasi\/index.php?rest_route=\/wp\/v2\/posts\/2034","targetHints":{"allow":["GET"]}}],"collection":[{"href":"https:\/\/webs.uab.cat\/incasi\/index.php?rest_route=\/wp\/v2\/posts"}],"about":[{"href":"https:\/\/webs.uab.cat\/incasi\/index.php?rest_route=\/wp\/v2\/types\/post"}],"author":[{"embeddable":true,"href":"https:\/\/webs.uab.cat\/incasi\/index.php?rest_route=\/wp\/v2\/users\/2938"}],"replies":[{"embeddable":true,"href":"https:\/\/webs.uab.cat\/incasi\/index.php?rest_route=%2Fwp%2Fv2%2Fcomments&post=2034"}],"version-history":[{"count":4,"href":"https:\/\/webs.uab.cat\/incasi\/index.php?rest_route=\/wp\/v2\/posts\/2034\/revisions"}],"predecessor-version":[{"id":5036,"href":"https:\/\/webs.uab.cat\/incasi\/index.php?rest_route=\/wp\/v2\/posts\/2034\/revisions\/5036"}],"wp:attachment":[{"href":"https:\/\/webs.uab.cat\/incasi\/index.php?rest_route=%2Fwp%2Fv2%2Fmedia&parent=2034"}],"wp:term":[{"taxonomy":"category","embeddable":true,"href":"https:\/\/webs.uab.cat\/incasi\/index.php?rest_route=%2Fwp%2Fv2%2Fcategories&post=2034"},{"taxonomy":"post_tag","embeddable":true,"href":"https:\/\/webs.uab.cat\/incasi\/index.php?rest_route=%2Fwp%2Fv2%2Ftags&post=2034"}],"curies":[{"name":"wp","href":"https:\/\/api.w.org\/{rel}","templated":true}]}}