{"id":2202,"date":"2024-11-29T15:27:43","date_gmt":"2024-11-29T13:27:43","guid":{"rendered":"https:\/\/webs.uab.cat\/incasi?p=2202"},"modified":"2025-01-13T06:00:38","modified_gmt":"2025-01-13T04:00:38","slug":"video-living-lab-28-11-2024","status":"publish","type":"post","link":"https:\/\/webs.uab.cat\/incasi?p=2202","title":{"rendered":"Video Living Lab &#8211; Francisco Santana, Carmen P\u00e9rez (28\/11\/2024)"},"content":{"rendered":"\n<p>El d\u00eda 28 de noviembre, se presenta el seminario Living Lab N\u00ba 36. Francisco Santana Armas y Carmen P\u00e9rez S\u00e1nchez del Departamento de Sociolog\u00eda y Antropolog\u00eda de la Universidad de la Laguna (ULL), realizan la presentaci\u00f3n titulada \u201cUna propuesta metodol\u00f3gica para abordar la desigualdad escolar en secundaria, m\u00e1s all\u00e1 del rendimiento acad\u00e9mico\u201d. Seminario realizado en el marco del del proyecto INCASI2 que se ha coordinado desde la Universidad Nacional de la Plata (UNLP).<\/p>\n\n\n\n<p>Puedes acceder el video a continuaci\u00f3n:<\/p>\n\n\n\n<figure class=\"wp-block-embed is-type-video is-provider-youtube wp-block-embed-youtube wp-embed-aspect-16-9 wp-has-aspect-ratio\"><div class=\"wp-block-embed__wrapper\">\n<iframe loading=\"lazy\" title=\"ILL N\u00ba 36, Una propuesta metodol\u00f3gica para abordar la desigualdad escolar en secundaria...\" width=\"580\" height=\"326\" src=\"https:\/\/www.youtube.com\/embed\/vNOg_nT047U?feature=oembed\" frameborder=\"0\" allow=\"accelerometer; autoplay; clipboard-write; encrypted-media; gyroscope; picture-in-picture; web-share\" referrerpolicy=\"strict-origin-when-cross-origin\" allowfullscreen><\/iframe>\n<\/div><\/figure>\n","protected":false},"excerpt":{"rendered":"<p>El d\u00eda 28 de noviembre, se presenta el seminario Living Lab N\u00ba 36. Francisco Santana Armas y Carmen P\u00e9rez S\u00e1nchez del Departamento de Sociolog\u00eda y Antropolog\u00eda de la Universidad de la Laguna (ULL), realizan la presentaci\u00f3n titulada \u201cUna propuesta metodol\u00f3gica para abordar la desigualdad escolar en secundaria, m\u00e1s all\u00e1 del rendimiento acad\u00e9mico\u201d. Seminario realizado en [&hellip;]<\/p>\n","protected":false},"author":2496,"featured_media":0,"comment_status":"closed","ping_status":"closed","sticky":false,"template":"","format":"standard","meta":{"footnotes":""},"categories":[4,3,8],"tags":[],"class_list":["post-2202","post","type-post","status-publish","format-standard","hentry","category-incasi-living-lab","category-news","category-video_ill"],"_links":{"self":[{"href":"https:\/\/webs.uab.cat\/incasi\/index.php?rest_route=\/wp\/v2\/posts\/2202","targetHints":{"allow":["GET"]}}],"collection":[{"href":"https:\/\/webs.uab.cat\/incasi\/index.php?rest_route=\/wp\/v2\/posts"}],"about":[{"href":"https:\/\/webs.uab.cat\/incasi\/index.php?rest_route=\/wp\/v2\/types\/post"}],"author":[{"embeddable":true,"href":"https:\/\/webs.uab.cat\/incasi\/index.php?rest_route=\/wp\/v2\/users\/2496"}],"replies":[{"embeddable":true,"href":"https:\/\/webs.uab.cat\/incasi\/index.php?rest_route=%2Fwp%2Fv2%2Fcomments&post=2202"}],"version-history":[{"count":3,"href":"https:\/\/webs.uab.cat\/incasi\/index.php?rest_route=\/wp\/v2\/posts\/2202\/revisions"}],"predecessor-version":[{"id":2331,"href":"https:\/\/webs.uab.cat\/incasi\/index.php?rest_route=\/wp\/v2\/posts\/2202\/revisions\/2331"}],"wp:attachment":[{"href":"https:\/\/webs.uab.cat\/incasi\/index.php?rest_route=%2Fwp%2Fv2%2Fmedia&parent=2202"}],"wp:term":[{"taxonomy":"category","embeddable":true,"href":"https:\/\/webs.uab.cat\/incasi\/index.php?rest_route=%2Fwp%2Fv2%2Fcategories&post=2202"},{"taxonomy":"post_tag","embeddable":true,"href":"https:\/\/webs.uab.cat\/incasi\/index.php?rest_route=%2Fwp%2Fv2%2Ftags&post=2202"}],"curies":[{"name":"wp","href":"https:\/\/api.w.org\/{rel}","templated":true}]}}