{"id":2218,"date":"2024-11-24T15:49:42","date_gmt":"2024-11-24T13:49:42","guid":{"rendered":"https:\/\/webs.uab.cat\/incasi?p=2218"},"modified":"2025-01-27T13:19:17","modified_gmt":"2025-01-27T11:19:17","slug":"xii-jornadas-de-sociologia-de-la-unlp","status":"publish","type":"post","link":"https:\/\/webs.uab.cat\/incasi?p=2218","title":{"rendered":"XII Jornadas de Sociolog\u00eda de la UNLP"},"content":{"rendered":"\n<p>XII Jornadas de Sociolog\u00eda de la UNLP.  Las conferencias de la pre-jornada se realizar\u00e1n el martes 3 de diciembre desde las 15 hs.<\/p>\n\n\n\n<p><img loading=\"lazy\" decoding=\"async\" height=\"16\" width=\"16\" alt=\"\ud83d\udfe6\" src=\"https:\/\/static.xx.fbcdn.net\/images\/emoji.php\/v9\/t9f\/2\/16\/1f7e6.png\"> Comenzaremos con la presentaci\u00f3n del Fondo Documental \u00abHoracio Pereyra\u00bb, a partir del cual buscamos reconstruir indicios de la historia de la sociolog\u00eda en nuestra facultad.<\/p>\n\n\n\n<p><img loading=\"lazy\" decoding=\"async\" height=\"16\" width=\"16\" alt=\"\ud83d\udfea\" src=\"https:\/\/static.xx.fbcdn.net\/images\/emoji.php\/v9\/t4a\/2\/16\/1f7ea.png\"> A las 16.00 hs continuamos con una mesa organizada junto a la red internacional INCASI (International Network for Comparative Analysis of Social Inequalities), en la cual abordaremos estrategias de investigaci\u00f3n para el an\u00e1lisis comparativo de las desigualdades sociales entre Europa y Am\u00e9rica Latina.<\/p>\n\n\n\n<p><img loading=\"lazy\" decoding=\"async\" height=\"16\" width=\"16\" alt=\"\ud83d\udfe8\" src=\"https:\/\/static.xx.fbcdn.net\/images\/emoji.php\/v9\/ta1\/2\/16\/1f7e8.png\"> Por \u00faltimo, a las 17.30 hs cerramos este evento de Pre-Jornadas con una mesa coorganizada con Mecila (Maria Sibylla Merian Centre Conviviality-Inequality in Latin America) y el Doctorado en Estudios Sociales Interdisciplinarios de Europa y Am\u00e9rica Latina de la FaHCE-UNLP. All\u00ed analizaremos a partir de diferentes casos nacionales de Europa y Am\u00e9rica Latina el fen\u00f3meno de la polarizaci\u00f3n pol\u00edtica, los populismos y la emergencia de nuevas derechas.<\/p>\n\n\n\n<p><img loading=\"lazy\" decoding=\"async\" height=\"16\" width=\"16\" alt=\"\ud83d\udccd\" src=\"https:\/\/static.xx.fbcdn.net\/images\/emoji.php\/v9\/tcc\/2\/16\/1f4cd.png\"> Encontr\u00e1 la informaci\u00f3n completa en las im\u00e1genes.<\/p>\n\n\n\n<p>\u00a1No te pierdas este evento de Pre-Jornadas! Nos encontramos el martes 3\/12 en la FaHCE<\/p>\n\n\n\n<figure class=\"wp-block-gallery has-nested-images columns-2 is-cropped wp-block-gallery-1 is-layout-flex wp-block-gallery-is-layout-flex\">\n<figure class=\"wp-block-image size-large\"><img loading=\"lazy\" decoding=\"async\" width=\"814\" height=\"1024\" data-id=\"2220\" src=\"https:\/\/webs.uab.cat\/incasi\/wp-content\/uploads\/sites\/500\/2024\/12\/WhatsApp-Image-2024-11-20-at-16.03.20-814x1024.jpeg\" alt=\"\" class=\"wp-image-2220\" srcset=\"https:\/\/webs.uab.cat\/incasi\/wp-content\/uploads\/sites\/500\/2024\/12\/WhatsApp-Image-2024-11-20-at-16.03.20-814x1024.jpeg 814w, https:\/\/webs.uab.cat\/incasi\/wp-content\/uploads\/sites\/500\/2024\/12\/WhatsApp-Image-2024-11-20-at-16.03.20-318x400.jpeg 318w, https:\/\/webs.uab.cat\/incasi\/wp-content\/uploads\/sites\/500\/2024\/12\/WhatsApp-Image-2024-11-20-at-16.03.20-768x966.jpeg 768w, https:\/\/webs.uab.cat\/incasi\/wp-content\/uploads\/sites\/500\/2024\/12\/WhatsApp-Image-2024-11-20-at-16.03.20.jpeg 1080w\" sizes=\"auto, (max-width: 814px) 100vw, 814px\" \/><\/figure>\n\n\n\n<figure class=\"wp-block-image size-large\"><img loading=\"lazy\" decoding=\"async\" width=\"814\" height=\"1024\" data-id=\"2219\" src=\"https:\/\/webs.uab.cat\/incasi\/wp-content\/uploads\/sites\/500\/2024\/12\/WhatsApp-Image-12024-11-20-at-16.03.20-814x1024.jpeg\" alt=\"\" class=\"wp-image-2219\" srcset=\"https:\/\/webs.uab.cat\/incasi\/wp-content\/uploads\/sites\/500\/2024\/12\/WhatsApp-Image-12024-11-20-at-16.03.20-814x1024.jpeg 814w, https:\/\/webs.uab.cat\/incasi\/wp-content\/uploads\/sites\/500\/2024\/12\/WhatsApp-Image-12024-11-20-at-16.03.20-318x400.jpeg 318w, https:\/\/webs.uab.cat\/incasi\/wp-content\/uploads\/sites\/500\/2024\/12\/WhatsApp-Image-12024-11-20-at-16.03.20-768x966.jpeg 768w, https:\/\/webs.uab.cat\/incasi\/wp-content\/uploads\/sites\/500\/2024\/12\/WhatsApp-Image-12024-11-20-at-16.03.20.jpeg 1080w\" sizes=\"auto, (max-width: 814px) 100vw, 814px\" \/><\/figure>\n\n\n\n<figure class=\"wp-block-image size-large\"><img loading=\"lazy\" decoding=\"async\" width=\"814\" height=\"1024\" data-id=\"2221\" src=\"https:\/\/webs.uab.cat\/incasi\/wp-content\/uploads\/sites\/500\/2024\/12\/WhatsApp-Image-22024-11-20-at-16.03.20-814x1024.jpeg\" alt=\"\" class=\"wp-image-2221\" srcset=\"https:\/\/webs.uab.cat\/incasi\/wp-content\/uploads\/sites\/500\/2024\/12\/WhatsApp-Image-22024-11-20-at-16.03.20-814x1024.jpeg 814w, https:\/\/webs.uab.cat\/incasi\/wp-content\/uploads\/sites\/500\/2024\/12\/WhatsApp-Image-22024-11-20-at-16.03.20-318x400.jpeg 318w, https:\/\/webs.uab.cat\/incasi\/wp-content\/uploads\/sites\/500\/2024\/12\/WhatsApp-Image-22024-11-20-at-16.03.20-768x966.jpeg 768w, https:\/\/webs.uab.cat\/incasi\/wp-content\/uploads\/sites\/500\/2024\/12\/WhatsApp-Image-22024-11-20-at-16.03.20.jpeg 1080w\" sizes=\"auto, (max-width: 814px) 100vw, 814px\" \/><\/figure>\n\n\n\n<figure class=\"wp-block-image size-large\"><img loading=\"lazy\" decoding=\"async\" width=\"814\" height=\"1024\" data-id=\"2222\" src=\"https:\/\/webs.uab.cat\/incasi\/wp-content\/uploads\/sites\/500\/2024\/12\/WhatsApp-Image-24024-11-20-at-16.03.20-814x1024.jpeg\" alt=\"\" class=\"wp-image-2222\" srcset=\"https:\/\/webs.uab.cat\/incasi\/wp-content\/uploads\/sites\/500\/2024\/12\/WhatsApp-Image-24024-11-20-at-16.03.20-814x1024.jpeg 814w, https:\/\/webs.uab.cat\/incasi\/wp-content\/uploads\/sites\/500\/2024\/12\/WhatsApp-Image-24024-11-20-at-16.03.20-318x400.jpeg 318w, https:\/\/webs.uab.cat\/incasi\/wp-content\/uploads\/sites\/500\/2024\/12\/WhatsApp-Image-24024-11-20-at-16.03.20-768x966.jpeg 768w, https:\/\/webs.uab.cat\/incasi\/wp-content\/uploads\/sites\/500\/2024\/12\/WhatsApp-Image-24024-11-20-at-16.03.20.jpeg 1080w\" sizes=\"auto, (max-width: 814px) 100vw, 814px\" \/><\/figure>\n<\/figure>\n","protected":false},"excerpt":{"rendered":"<p>XII Jornadas de Sociolog\u00eda de la UNLP. Las conferencias de la pre-jornada se realizar\u00e1n el martes 3 de diciembre desde las 15 hs. Comenzaremos con la presentaci\u00f3n del Fondo Documental \u00abHoracio Pereyra\u00bb, a partir del cual buscamos reconstruir indicios de la historia de la sociolog\u00eda en nuestra facultad. A las 16.00 hs continuamos con una [&hellip;]<\/p>\n","protected":false},"author":2496,"featured_media":0,"comment_status":"closed","ping_status":"closed","sticky":false,"template":"","format":"standard","meta":{"footnotes":""},"categories":[3],"tags":[],"class_list":["post-2218","post","type-post","status-publish","format-standard","hentry","category-news"],"_links":{"self":[{"href":"https:\/\/webs.uab.cat\/incasi\/index.php?rest_route=\/wp\/v2\/posts\/2218","targetHints":{"allow":["GET"]}}],"collection":[{"href":"https:\/\/webs.uab.cat\/incasi\/index.php?rest_route=\/wp\/v2\/posts"}],"about":[{"href":"https:\/\/webs.uab.cat\/incasi\/index.php?rest_route=\/wp\/v2\/types\/post"}],"author":[{"embeddable":true,"href":"https:\/\/webs.uab.cat\/incasi\/index.php?rest_route=\/wp\/v2\/users\/2496"}],"replies":[{"embeddable":true,"href":"https:\/\/webs.uab.cat\/incasi\/index.php?rest_route=%2Fwp%2Fv2%2Fcomments&post=2218"}],"version-history":[{"count":3,"href":"https:\/\/webs.uab.cat\/incasi\/index.php?rest_route=\/wp\/v2\/posts\/2218\/revisions"}],"predecessor-version":[{"id":2394,"href":"https:\/\/webs.uab.cat\/incasi\/index.php?rest_route=\/wp\/v2\/posts\/2218\/revisions\/2394"}],"wp:attachment":[{"href":"https:\/\/webs.uab.cat\/incasi\/index.php?rest_route=%2Fwp%2Fv2%2Fmedia&parent=2218"}],"wp:term":[{"taxonomy":"category","embeddable":true,"href":"https:\/\/webs.uab.cat\/incasi\/index.php?rest_route=%2Fwp%2Fv2%2Fcategories&post=2218"},{"taxonomy":"post_tag","embeddable":true,"href":"https:\/\/webs.uab.cat\/incasi\/index.php?rest_route=%2Fwp%2Fv2%2Ftags&post=2218"}],"curies":[{"name":"wp","href":"https:\/\/api.w.org\/{rel}","templated":true}]}}