{"id":2324,"date":"2025-01-07T16:14:05","date_gmt":"2025-01-07T14:14:05","guid":{"rendered":"https:\/\/webs.uab.cat\/incasi?p=2324"},"modified":"2026-01-15T15:25:00","modified_gmt":"2026-01-15T13:25:00","slug":"nombramiento-de-miembro-de-incasi-en-el-equipo-de-gobierno-lucila-finkel","status":"publish","type":"post","link":"https:\/\/webs.uab.cat\/incasi?p=2324","title":{"rendered":"Nombramiento de miembro de INCASI en el equipo del gobierno espa\u00f1ol: Lucila Finkel"},"content":{"rendered":"\n<div class=\"wp-block-columns has-verd-tropic-color has-verd-tropic-transparent-background-color has-text-color has-background has-link-color wp-elements-f722eea1d895b7ec63651336830c2d1c is-layout-flex wp-container-core-columns-is-layout-9d6595d7 wp-block-columns-is-layout-flex\">\n<div class=\"wp-block-column is-layout-flow wp-block-column-is-layout-flow\" style=\"flex-basis:50%\">\n<figure class=\"wp-block-image size-full is-resized\"><img loading=\"lazy\" decoding=\"async\" width=\"666\" height=\"998\" src=\"https:\/\/webs.uab.cat\/incasi\/wp-content\/uploads\/sites\/500\/2024\/06\/FINKEL_LUCILA_FOTO.jpg\" alt=\"\" class=\"wp-image-1114\" style=\"width:286px;height:auto\" srcset=\"https:\/\/webs.uab.cat\/incasi\/wp-content\/uploads\/sites\/500\/2024\/06\/FINKEL_LUCILA_FOTO.jpg 666w, https:\/\/webs.uab.cat\/incasi\/wp-content\/uploads\/sites\/500\/2024\/06\/FINKEL_LUCILA_FOTO-267x400.jpg 267w\" sizes=\"auto, (max-width: 666px) 100vw, 666px\" \/><\/figure>\n<\/div>\n\n\n\n<div class=\"wp-block-column is-layout-flow wp-block-column-is-layout-flow\" style=\"flex-basis:50%\">\n<p>El Gobierno ha nombrado a Lucila Finkel Morgenstern como nueva directora general de Nuevas Formas de Empleo, organismo adscrito a la secretar\u00eda de Estado de Trabajo del Ministerio de Trabajo y Econom\u00eda Social.<\/p>\n\n\n\n<p>Para ampliar la noticia la puedes ver aqui:<\/p>\n\n\n\n<div class=\"wp-block-group is-vertical is-layout-flex wp-container-core-group-is-layout-8cf370e7 wp-block-group-is-layout-flex\">\n<p class=\"has-marro-stradivari-color has-text-color has-link-color has-small-font-size wp-elements-12f249729852f4824c8d523bb9854bc8\"><a href=\"https:\/\/www.bolsamania.com\/noticias\/economia\/economia--el-gobierno-nombra-a-lucila-finkel-nueva-directora-general-de-nuevas-formas-de-empleo--18474762.html#:~:text=Econom%C3%ADa.-,%2D%20El%20Gobierno%20nombra%20a%20Lucila%20Finkel%20nueva%20directora,de%20Nuevas%20Formas%20de%20Empleo&amp;text=El%20Gobierno%20ha%20nombrado%20a,de%20Trabajo%20y%20Econom%C3%ADa%20Social.\">Bolsaman\u00eda<\/a><\/p>\n\n\n\n<p class=\"has-marro-stradivari-color has-text-color has-link-color wp-elements-d29d67999fadcf34fbcac406d32c3d59\"><a href=\"https:\/\/www.europapress.es\/economia\/laboral-00346\/noticia-gobierno-nombra-lucila-finkel-nueva-directora-general-nuevas-formas-empleo-20250107182800.html\">Europapress<\/a><\/p>\n<\/div>\n<\/div>\n<\/div>\n","protected":false},"excerpt":{"rendered":"<p>El Gobierno ha nombrado a Lucila Finkel Morgenstern como nueva directora general de Nuevas Formas de Empleo, organismo adscrito a la secretar\u00eda de Estado de Trabajo del Ministerio de Trabajo y Econom\u00eda Social. Para ampliar la noticia la puedes ver aqui: Bolsaman\u00eda Europapress<\/p>\n","protected":false},"author":2496,"featured_media":0,"comment_status":"closed","ping_status":"closed","sticky":false,"template":"","format":"standard","meta":{"footnotes":""},"categories":[3],"tags":[],"class_list":["post-2324","post","type-post","status-publish","format-standard","hentry","category-news"],"_links":{"self":[{"href":"https:\/\/webs.uab.cat\/incasi\/index.php?rest_route=\/wp\/v2\/posts\/2324","targetHints":{"allow":["GET"]}}],"collection":[{"href":"https:\/\/webs.uab.cat\/incasi\/index.php?rest_route=\/wp\/v2\/posts"}],"about":[{"href":"https:\/\/webs.uab.cat\/incasi\/index.php?rest_route=\/wp\/v2\/types\/post"}],"author":[{"embeddable":true,"href":"https:\/\/webs.uab.cat\/incasi\/index.php?rest_route=\/wp\/v2\/users\/2496"}],"replies":[{"embeddable":true,"href":"https:\/\/webs.uab.cat\/incasi\/index.php?rest_route=%2Fwp%2Fv2%2Fcomments&post=2324"}],"version-history":[{"count":3,"href":"https:\/\/webs.uab.cat\/incasi\/index.php?rest_route=\/wp\/v2\/posts\/2324\/revisions"}],"predecessor-version":[{"id":5090,"href":"https:\/\/webs.uab.cat\/incasi\/index.php?rest_route=\/wp\/v2\/posts\/2324\/revisions\/5090"}],"wp:attachment":[{"href":"https:\/\/webs.uab.cat\/incasi\/index.php?rest_route=%2Fwp%2Fv2%2Fmedia&parent=2324"}],"wp:term":[{"taxonomy":"category","embeddable":true,"href":"https:\/\/webs.uab.cat\/incasi\/index.php?rest_route=%2Fwp%2Fv2%2Fcategories&post=2324"},{"taxonomy":"post_tag","embeddable":true,"href":"https:\/\/webs.uab.cat\/incasi\/index.php?rest_route=%2Fwp%2Fv2%2Ftags&post=2324"}],"curies":[{"name":"wp","href":"https:\/\/api.w.org\/{rel}","templated":true}]}}