{"id":2327,"date":"2024-12-10T16:26:02","date_gmt":"2024-12-10T14:26:02","guid":{"rendered":"https:\/\/webs.uab.cat\/incasi?p=2327"},"modified":"2026-01-15T15:25:36","modified_gmt":"2026-01-15T13:25:36","slug":"nombramiento-de-miembro-de-incasi-en-el-equipo-de-gobierno-manuel-herera-usagre","status":"publish","type":"post","link":"https:\/\/webs.uab.cat\/incasi?p=2327","title":{"rendered":"Nombramiento de miembro de INCASI en el equipo del gobierno espa\u00f1ol: Manuel Herrera-Usagre"},"content":{"rendered":"\n<div class=\"wp-block-columns alignwide has-verd-tropic-color has-verd-tropic-transparent-background-color has-text-color has-background has-link-color wp-elements-7400eef65a5792be38a252ea1474c0ce is-layout-flex wp-container-core-columns-is-layout-9d6595d7 wp-block-columns-is-layout-flex\">\n<div class=\"wp-block-column is-layout-flow wp-block-column-is-layout-flow\" style=\"flex-basis:50%\">\n<figure class=\"wp-block-image size-medium is-resized is-style-rounded\"><img loading=\"lazy\" decoding=\"async\" width=\"300\" height=\"400\" src=\"https:\/\/webs.uab.cat\/incasi\/wp-content\/uploads\/sites\/500\/2024\/06\/Manuel_Herrera_Foto-300x400.jpeg\" alt=\"\" class=\"wp-image-1091\" style=\"aspect-ratio:1;object-fit:cover;width:286px;height:auto\" srcset=\"https:\/\/webs.uab.cat\/incasi\/wp-content\/uploads\/sites\/500\/2024\/06\/Manuel_Herrera_Foto-300x400.jpeg 300w, https:\/\/webs.uab.cat\/incasi\/wp-content\/uploads\/sites\/500\/2024\/06\/Manuel_Herrera_Foto.jpeg 768w\" sizes=\"auto, (max-width: 300px) 100vw, 300px\" \/><\/figure>\n<\/div>\n\n\n\n<div class=\"wp-block-column is-layout-flow wp-block-column-is-layout-flow\" style=\"flex-basis:70%\">\n<p class=\"has-small-font-size\">El profesor&nbsp;Manuel Herrera-Usagre, perteneciente al&nbsp;Departamento de Sociolog\u00eda de la Universidad de Sevilla, ha sido &nbsp;uno de los 22 cient\u00edficos seleccionados por el Gobierno de Espa\u00f1a para asesorarles en la mejora del dise\u00f1o de pol\u00edticas p\u00fablicas.<\/p>\n\n\n\n<p>Puedes ampliar la noticia aqu\u00ed:<\/p>\n\n\n\n<p class=\"has-marro-stradivari-color has-text-color has-link-color wp-elements-59a59f79a041a706fcd66d2f6e0553e0\"><a href=\"https:\/\/www.us.es\/actualidad-de-la-us\/el-profesor-herrera-usagre-entre-los-22-cientificos-que-asesoraran-al-gobierno\">Universidad de Sevilla<\/a><\/p>\n\n\n\n<p class=\"has-marro-stradivari-color has-text-color has-link-color wp-elements-e502ca7383c7b492b7e25b4489775f5e\"><a href=\"https:\/\/x.com\/sanchezcastejon\/status\/1863905350744752252?s=46&amp;t=Fcp56Sm4tl1gGxfcEt6uwQ&amp;mx=2\">Twitter<\/a><\/p>\n\n\n\n<div class=\"wp-block-group is-vertical is-layout-flex wp-container-core-group-is-layout-8cf370e7 wp-block-group-is-layout-flex\"><\/div>\n<\/div>\n<\/div>\n","protected":false},"excerpt":{"rendered":"<p>El profesor&nbsp;Manuel Herrera-Usagre, perteneciente al&nbsp;Departamento de Sociolog\u00eda de la Universidad de Sevilla, ha sido &nbsp;uno de los 22 cient\u00edficos seleccionados por el Gobierno de Espa\u00f1a para asesorarles en la mejora del dise\u00f1o de pol\u00edticas p\u00fablicas. Puedes ampliar la noticia aqu\u00ed: Universidad de Sevilla Twitter<\/p>\n","protected":false},"author":2496,"featured_media":0,"comment_status":"closed","ping_status":"closed","sticky":false,"template":"","format":"standard","meta":{"footnotes":""},"categories":[3],"tags":[],"class_list":["post-2327","post","type-post","status-publish","format-standard","hentry","category-news"],"_links":{"self":[{"href":"https:\/\/webs.uab.cat\/incasi\/index.php?rest_route=\/wp\/v2\/posts\/2327","targetHints":{"allow":["GET"]}}],"collection":[{"href":"https:\/\/webs.uab.cat\/incasi\/index.php?rest_route=\/wp\/v2\/posts"}],"about":[{"href":"https:\/\/webs.uab.cat\/incasi\/index.php?rest_route=\/wp\/v2\/types\/post"}],"author":[{"embeddable":true,"href":"https:\/\/webs.uab.cat\/incasi\/index.php?rest_route=\/wp\/v2\/users\/2496"}],"replies":[{"embeddable":true,"href":"https:\/\/webs.uab.cat\/incasi\/index.php?rest_route=%2Fwp%2Fv2%2Fcomments&post=2327"}],"version-history":[{"count":3,"href":"https:\/\/webs.uab.cat\/incasi\/index.php?rest_route=\/wp\/v2\/posts\/2327\/revisions"}],"predecessor-version":[{"id":5092,"href":"https:\/\/webs.uab.cat\/incasi\/index.php?rest_route=\/wp\/v2\/posts\/2327\/revisions\/5092"}],"wp:attachment":[{"href":"https:\/\/webs.uab.cat\/incasi\/index.php?rest_route=%2Fwp%2Fv2%2Fmedia&parent=2327"}],"wp:term":[{"taxonomy":"category","embeddable":true,"href":"https:\/\/webs.uab.cat\/incasi\/index.php?rest_route=%2Fwp%2Fv2%2Fcategories&post=2327"},{"taxonomy":"post_tag","embeddable":true,"href":"https:\/\/webs.uab.cat\/incasi\/index.php?rest_route=%2Fwp%2Fv2%2Ftags&post=2327"}],"curies":[{"name":"wp","href":"https:\/\/api.w.org\/{rel}","templated":true}]}}