{"id":2379,"date":"2025-01-23T11:11:26","date_gmt":"2025-01-23T09:11:26","guid":{"rendered":"https:\/\/webs.uab.cat\/incasi?p=2379"},"modified":"2025-02-02T22:58:44","modified_gmt":"2025-02-02T20:58:44","slug":"video-living-lab-barbara-estevez-leston-22-01-2025","status":"publish","type":"post","link":"https:\/\/webs.uab.cat\/incasi?p=2379","title":{"rendered":"Video Living Lab \u2013 B\u00e1rbara Est\u00e9vez Leston (22\/01\/2025)"},"content":{"rendered":"\n<p>El d\u00eda 22 de enero en la Universidad Aut\u00f3noma de Barcelona se realiz\u00f3 el seminario ILL N\u00ba 43 titulado \u201cIntegraci\u00f3n de fuentes de datos secundarias para la caracterizaci\u00f3n de estructuras territoriales. Reflexiones desde el campo de estudios de estratificaci\u00f3n social y primer empleo\u201d. Fue realizado por B\u00e1rbara Est\u00e9vez Leston, del Instituto de Investigaciones Gino Germani (IIGG) de la Universidad de Buenos Aires (UBA).<\/p>\n\n\n\n<figure class=\"wp-block-embed is-type-video is-provider-youtube wp-block-embed-youtube wp-embed-aspect-16-9 wp-has-aspect-ratio\"><div class=\"wp-block-embed__wrapper\">\n<iframe loading=\"lazy\" title=\"ILL N\u00ba 43, Integraci\u00f3n de fuentes de datos secundarias para la caracterizaci\u00f3n de estructuras...\" width=\"580\" height=\"326\" src=\"https:\/\/www.youtube.com\/embed\/nn1HPrrRig0?feature=oembed\" frameborder=\"0\" allow=\"accelerometer; autoplay; clipboard-write; encrypted-media; gyroscope; picture-in-picture; web-share\" referrerpolicy=\"strict-origin-when-cross-origin\" allowfullscreen><\/iframe>\n<\/div><\/figure>\n","protected":false},"excerpt":{"rendered":"<p>El d\u00eda 22 de enero en la Universidad Aut\u00f3noma de Barcelona se realiz\u00f3 el seminario ILL N\u00ba 43 titulado \u201cIntegraci\u00f3n de fuentes de datos secundarias para la caracterizaci\u00f3n de estructuras territoriales. Reflexiones desde el campo de estudios de estratificaci\u00f3n social y primer empleo\u201d. Fue realizado por B\u00e1rbara Est\u00e9vez Leston, del Instituto de Investigaciones Gino Germani [&hellip;]<\/p>\n","protected":false},"author":2496,"featured_media":0,"comment_status":"closed","ping_status":"closed","sticky":false,"template":"","format":"standard","meta":{"footnotes":""},"categories":[4,3,8],"tags":[],"class_list":["post-2379","post","type-post","status-publish","format-standard","hentry","category-incasi-living-lab","category-news","category-video_ill"],"_links":{"self":[{"href":"https:\/\/webs.uab.cat\/incasi\/index.php?rest_route=\/wp\/v2\/posts\/2379","targetHints":{"allow":["GET"]}}],"collection":[{"href":"https:\/\/webs.uab.cat\/incasi\/index.php?rest_route=\/wp\/v2\/posts"}],"about":[{"href":"https:\/\/webs.uab.cat\/incasi\/index.php?rest_route=\/wp\/v2\/types\/post"}],"author":[{"embeddable":true,"href":"https:\/\/webs.uab.cat\/incasi\/index.php?rest_route=\/wp\/v2\/users\/2496"}],"replies":[{"embeddable":true,"href":"https:\/\/webs.uab.cat\/incasi\/index.php?rest_route=%2Fwp%2Fv2%2Fcomments&post=2379"}],"version-history":[{"count":1,"href":"https:\/\/webs.uab.cat\/incasi\/index.php?rest_route=\/wp\/v2\/posts\/2379\/revisions"}],"predecessor-version":[{"id":2380,"href":"https:\/\/webs.uab.cat\/incasi\/index.php?rest_route=\/wp\/v2\/posts\/2379\/revisions\/2380"}],"wp:attachment":[{"href":"https:\/\/webs.uab.cat\/incasi\/index.php?rest_route=%2Fwp%2Fv2%2Fmedia&parent=2379"}],"wp:term":[{"taxonomy":"category","embeddable":true,"href":"https:\/\/webs.uab.cat\/incasi\/index.php?rest_route=%2Fwp%2Fv2%2Fcategories&post=2379"},{"taxonomy":"post_tag","embeddable":true,"href":"https:\/\/webs.uab.cat\/incasi\/index.php?rest_route=%2Fwp%2Fv2%2Ftags&post=2379"}],"curies":[{"name":"wp","href":"https:\/\/api.w.org\/{rel}","templated":true}]}}