{"id":2508,"date":"2025-01-18T17:34:22","date_gmt":"2025-01-18T15:34:22","guid":{"rendered":"https:\/\/webs.uab.cat\/incasi?p=2508"},"modified":"2026-01-15T13:45:14","modified_gmt":"2026-01-15T11:45:14","slug":"seminario-doctoral-facso","status":"publish","type":"post","link":"https:\/\/webs.uab.cat\/incasi?p=2508","title":{"rendered":"Seminario Doctoral FACSO"},"content":{"rendered":"\n<h2 class=\"wp-block-heading has-marro-stradivari-color has-text-color has-link-color wp-elements-b76ba8bfbefc014eba3368da07c6ba33\">Segundo encuentro del Colegio Doctoral estuvo marcado por abordaje de migraciones en realidades como la espa\u00f1ola<\/h2>\n\n\n\n<p>Bajo el t\u00edtulo de \u00abInnovaci\u00f3n y pol\u00edticas p\u00fablicas: posibilidades ante crisis emergentes. La dimensi\u00f3n nativista de las propuestas de reforma del EB en Europa: El caso de VOX en Espa\u00f1a\u00bb, el doctor Manuel Sanchez Rein\u00f3n expuso en el marco del Segundo encuentro del Seminario del Colegio Doctoral, organizado por la Escuela de Postgrado de la Facultad de Ciencias Sociales, junto a INCASI y con la colaboraci\u00f3n de COES.<\/p>\n\n\n\n<figure class=\"wp-block-image\"><a href=\"https:\/\/portaluchile.uchile.cl\/\/.imaging\/default\/dam\/imagenes\/FACSO\/imagenes-noticias\/Portada-web-sobre-seminario-segundo-encuentro-colegio-doctoral-15-de-enero-2025.png1\/jcr:content.png\"><img decoding=\"async\" src=\"https:\/\/portaluchile.uchile.cl\/\/.imaging\/default\/dam\/imagenes\/FACSO\/imagenes-noticias\/Portada-web-sobre-seminario-segundo-encuentro-colegio-doctoral-15-de-enero-2025.png1\/jcr:content.png\" alt=\"Segundo encuentro del Colegio Doctoral estuvo marcado por abordaje de migraciones en realidades como la espa\u00f1ola.\" \/><\/a><\/figure>\n\n\n\n<p>Un nuevo encuentro del&nbsp;<strong>Colegio Doctoral, organizado por la Escuela de Postgrado de la Facultad de Ciencias Sociales, se vivi\u00f3 el 15 de enero. Manuel Sanchez Rein\u00f3n,&nbsp;<\/strong>profesor de la Facultad de Ciencias Pol\u00edticas y de Trabajo Social de la Universidad Complutense de Madrid, y coordinador de Inclusi\u00f3n en la Facultad de Ciencias Pol\u00edticas y Sociolog\u00eda de la misma casa de estudios, dict\u00f3 la&nbsp;<strong>charla \u201cInnovaci\u00f3n y pol\u00edticas p\u00fablicas: posibilidades ante crisis emergentes. La dimensi\u00f3n nativista de las propuestas de reforma del EB en Europa: El caso de VOX en Espa\u00f1a\u201d.&nbsp;<\/strong>Una actividad del&nbsp;<strong>Seminario Doctoral FACSO, que fue organizado por la Escuela de Postgrado de la Facultad de Ciencias Sociales, junto a INCASI y con la colaboraci\u00f3n de COES.<\/strong><\/p>\n\n\n\n<p>Seg\u00fan C<strong>aterine Galaz, directora de la Escuela de Postgrado de la Faculta de Cs. Sociales,<\/strong>&nbsp;parte del desaf\u00edo del&nbsp;<strong>Colegio Doctoral<\/strong>&nbsp;es intensificar la internacionalizaci\u00f3n de las reflexiones transdisciplinares sobre algunas tem\u00e1ticas, como es en este caso el avance de la ultraderecha a nivel pol\u00edtico y su impacto en las pol\u00edticas p\u00fablicas, con la participaci\u00f3n del Doctor Manuel S\u00e1nchez&nbsp; de la Universidad Complutense de Madrid.&nbsp;<\/p>\n\n\n\n<p>En ese contexto, se insert\u00f3 el segundo encuentro, con el fin de generar sinergias entre las diferentes propuestas de doctorado de la facultad, recordando que la primera sesi\u00f3n se hizo en octubre 2024 con un seminario de reflexi\u00f3n sobre transdisciplina a nivel doctoral.<\/p>\n\n\n\n<p>Durante su alocuci\u00f3n, el&nbsp;<strong>profesor Manuel Sanchez Rein\u00f3n,&nbsp;<\/strong>se\u00f1al\u00f3 que el ascenso de<strong>&nbsp;VOX \u2013<\/strong>partido pol\u00edtico espa\u00f1ol de ideolog\u00eda ultraconservadora, \u200b\u200b y ultranacionalista que fue\u200b\u200b\u200b\u200b fundado el 17 de diciembre de 2013\u2013, como un partido con un fuerte lineamiento Nativista, tiene como sentido instalar un discurso anti-migraci\u00f3n desde la idea de que los servicios y beneficios provenientes del EB deben estar destinados a los nativos de Espa\u00f1a.<\/p>\n\n\n\n<p>Un 25 por ciento de la poblaci\u00f3n espa\u00f1ola est\u00e1 a favor de que las personas migrantes accedan a los beneficios y servicios sociales al llegar al pa\u00eds (esto hasta 2016). En Espa\u00f1a existe un crecimiento continuo de la migraci\u00f3n, principalmente de venezolanos, colombianos y peruanos.<\/p>\n\n\n\n<p>Sin embargo, el discurso de&nbsp;<strong>VOX<\/strong>&nbsp;se enfoca en contra de la migraci\u00f3n de personas marroqu\u00edes y &nbsp;senegalenses, principalmente, argumentado que mantienen costumbres y una religi\u00f3n distintas a los nativos espa\u00f1oles, no as\u00ed los migrantes latinoamericanos. Pero estos grupos son los que menos solicitan asilo, por tanto, en t\u00e9rminos pol\u00edticos no son un problema para el estado de bienestar espa\u00f1ol.<\/p>\n\n\n\n<p>Durante la d\u00e9cada de los 80, la migraci\u00f3n no se consideraba como un problema, record\u00f3 S\u00e1nchez. Como parte de la adhesi\u00f3n de Espa\u00f1a a la&nbsp;<strong>Uni\u00f3n Europea (UE),<\/strong>&nbsp;se aprob\u00f3 ley de extranjer\u00eda para controlar la migraci\u00f3n.<\/p>\n\n\n\n<p><strong>Manuel S\u00e1nchez&nbsp;<\/strong>tambi\u00e9n destac\u00f3 que la influencia de los medios de comunicaci\u00f3n contribuyen a la pol\u00edtizaci\u00f3n del \u201cproblema de la inmigraci\u00f3n\u201d y exacerban el sentimiento antimigratorio entre la poblaci\u00f3n.<\/p>\n\n\n\n<p>El Gobierno empez\u00f3 a tomar medidas ambivalentes en un mismo a\u00f1o, pues aprobaron pol\u00edticas pro derechos y despu\u00e9s aplicaron pol\u00edticas restrictivas. En 2003 se implementaron ciertas medidas como la ampliaci\u00f3n de centros de detenci\u00f3n de migrantes.<\/p>\n\n\n\n<p>La crisis de 2008 provoc\u00f3 una disminuci\u00f3n de la migraci\u00f3n, cambiando el perfil de migrantes de origen de latinoamericano. M\u00e1s tarde apareci\u00f3 VOX con un discurso contra el nacionalismo catal\u00e1n, que se alimentaba de la crisis pol\u00edtica nacional y se apoyaba en la percepci\u00f3n negativa de la migraci\u00f3n.<\/p>\n\n\n\n<p>El profesor plante\u00f3 algunos puntos de discusi\u00f3n como, por ejemplo, la preocupaci\u00f3n por la rapidez con la que VOX apareci\u00f3 y creci\u00f3: en menos de 10 a\u00f1os se instalaron a nivel pol\u00edtico. Tambi\u00e9n preocupa la creaci\u00f3n y desarrollo de alianzas transnacionales. A modo de ejemplo, en Chile surgi\u00f3 el&nbsp;<strong>Partido Republicano<\/strong>&nbsp;y algunas figuras p\u00fablicas de extrema derecha.<\/p>\n\n\n\n<p>En Chile no existe una pol\u00edtica migratoria de real inclusi\u00f3n, sino que las medidas s\u00f3lo versan en relaci\u00f3n a los visados. Tambi\u00e9n hay grupos de empresarios favorables a la migraci\u00f3n (a favor de la regularizaci\u00f3n). Por contraparte, dentro de Espa\u00f1a existe la previsi\u00f3n de inclusi\u00f3n social.<\/p>\n\n\n\n<p>Respecto de la experiencia migratoria espa\u00f1ola, esa memoria espa\u00f1ola es m\u00e1s bien generacional, donde el voto de&nbsp;<strong>VOX&nbsp;<\/strong>proviene de la gente m\u00e1s joven. Como invitaci\u00f3n a la reflexi\u00f3n, el&nbsp;<strong>profesor Manuel S\u00e1nchez&nbsp;<\/strong>dijo que cabe plantearse y cuestionarse si el ascenso de la ultraderecha es un fen\u00f3meno coyuntural o, efectivamente, estos partidos pueden mantenerse a nivel pol\u00edtico.<\/p>\n\n\n\n<blockquote class=\"wp-block-quote is-layout-flow wp-block-quote-is-layout-flow\">\n<p><strong>Fuente<\/strong>: <a href=\"https:\/\/facso.uchile.cl\/noticias\/225047\/2-encuentro-colegio-doctoral-estuvo-marcado-por-abordaje-en-migracion\">Facultad de Ciencias Sociales, Universidad de Chile<\/a>.<\/p>\n<\/blockquote>\n","protected":false},"excerpt":{"rendered":"<p>Segundo encuentro del Colegio Doctoral estuvo marcado por abordaje de migraciones en realidades como la espa\u00f1ola Bajo el t\u00edtulo de \u00abInnovaci\u00f3n y pol\u00edticas p\u00fablicas: posibilidades ante crisis emergentes. La dimensi\u00f3n nativista de las propuestas de reforma del EB en Europa: El caso de VOX en Espa\u00f1a\u00bb, el doctor Manuel Sanchez Rein\u00f3n expuso en el marco [&hellip;]<\/p>\n","protected":false},"author":2496,"featured_media":0,"comment_status":"closed","ping_status":"closed","sticky":false,"template":"","format":"standard","meta":{"footnotes":""},"categories":[3,21],"tags":[],"class_list":["post-2508","post","type-post","status-publish","format-standard","hentry","category-news","category-news-en"],"_links":{"self":[{"href":"https:\/\/webs.uab.cat\/incasi\/index.php?rest_route=\/wp\/v2\/posts\/2508","targetHints":{"allow":["GET"]}}],"collection":[{"href":"https:\/\/webs.uab.cat\/incasi\/index.php?rest_route=\/wp\/v2\/posts"}],"about":[{"href":"https:\/\/webs.uab.cat\/incasi\/index.php?rest_route=\/wp\/v2\/types\/post"}],"author":[{"embeddable":true,"href":"https:\/\/webs.uab.cat\/incasi\/index.php?rest_route=\/wp\/v2\/users\/2496"}],"replies":[{"embeddable":true,"href":"https:\/\/webs.uab.cat\/incasi\/index.php?rest_route=%2Fwp%2Fv2%2Fcomments&post=2508"}],"version-history":[{"count":5,"href":"https:\/\/webs.uab.cat\/incasi\/index.php?rest_route=\/wp\/v2\/posts\/2508\/revisions"}],"predecessor-version":[{"id":5003,"href":"https:\/\/webs.uab.cat\/incasi\/index.php?rest_route=\/wp\/v2\/posts\/2508\/revisions\/5003"}],"wp:attachment":[{"href":"https:\/\/webs.uab.cat\/incasi\/index.php?rest_route=%2Fwp%2Fv2%2Fmedia&parent=2508"}],"wp:term":[{"taxonomy":"category","embeddable":true,"href":"https:\/\/webs.uab.cat\/incasi\/index.php?rest_route=%2Fwp%2Fv2%2Fcategories&post=2508"},{"taxonomy":"post_tag","embeddable":true,"href":"https:\/\/webs.uab.cat\/incasi\/index.php?rest_route=%2Fwp%2Fv2%2Ftags&post=2508"}],"curies":[{"name":"wp","href":"https:\/\/api.w.org\/{rel}","templated":true}]}}