{"id":3864,"date":"2025-04-30T11:55:04","date_gmt":"2025-04-30T09:55:04","guid":{"rendered":"https:\/\/webs.uab.cat\/incasi?p=3864"},"modified":"2025-04-30T11:55:05","modified_gmt":"2025-04-30T09:55:05","slug":"video-living-lab-dialogues-universidad-complutense-de-madrid-24-04-2025","status":"publish","type":"post","link":"https:\/\/webs.uab.cat\/incasi?p=3864","title":{"rendered":"Video Living Lab DIALOGUES\u2013 Universidad Complutense de Madrid (24\/04\/2025)"},"content":{"rendered":"\n<p>El d\u00eda 24 de abril en la Universidad Complutense de Madrid, se realiza el Incasi Living Lab, Dialogues con la conferencia titulada \u201cEducaci\u00f3n privada concertada e igualdad de oportunidades educativas en Espa\u00f1a\u201d, en dicha instancia se aborda el Informe \u201cPor una escuela concertada inclusiva\u201d realizada por Alfonso Echazarra (responsable de equidad educativa, Save the Children). <\/p>\n\n\n\n<p>Posterior a la presentaci\u00f3n se realiz\u00f3 una Mesa de debate con Alejandro Tiana (UNED &#8211; Secretario General de Educaci\u00f3n 2004-08 y Secretario de Estado de Educaci\u00f3n 2018-22) y Rafael Feito (Universidad Complutense de Madrid). <\/p>\n\n\n\n<p>Esta actividad fue cordinada por Mar\u00eda Fern\u00e1ndez Mellizo-Soto (UCM).<\/p>\n\n\n\n<p>Puedes ver la presentaci\u00f3n a continuaci\u00f3n.<\/p>\n\n\n\n<figure class=\"wp-block-embed is-type-video is-provider-youtube wp-block-embed-youtube wp-embed-aspect-16-9 wp-has-aspect-ratio\"><div class=\"wp-block-embed__wrapper\">\n<iframe loading=\"lazy\" title=\"ILL DIALOGUES N\u00ba 57, Educaci\u00f3n Privada Concertada e Igualdad de Oportunidades educativas en Espa\u00f1a\" width=\"580\" height=\"326\" src=\"https:\/\/www.youtube.com\/embed\/TTNQ9G8zZnI?feature=oembed\" frameborder=\"0\" allow=\"accelerometer; autoplay; clipboard-write; encrypted-media; gyroscope; picture-in-picture; web-share\" referrerpolicy=\"strict-origin-when-cross-origin\" allowfullscreen><\/iframe>\n<\/div><\/figure>\n","protected":false},"excerpt":{"rendered":"<p>El d\u00eda 24 de abril en la Universidad Complutense de Madrid, se realiza el Incasi Living Lab, Dialogues con la conferencia titulada \u201cEducaci\u00f3n privada concertada e igualdad de oportunidades educativas en Espa\u00f1a\u201d, en dicha instancia se aborda el Informe \u201cPor una escuela concertada inclusiva\u201d realizada por Alfonso Echazarra (responsable de equidad educativa, Save the Children). [&hellip;]<\/p>\n","protected":false},"author":2496,"featured_media":0,"comment_status":"closed","ping_status":"closed","sticky":false,"template":"","format":"standard","meta":{"footnotes":""},"categories":[4,3,8],"tags":[],"class_list":["post-3864","post","type-post","status-publish","format-standard","hentry","category-incasi-living-lab","category-news","category-video_ill"],"_links":{"self":[{"href":"https:\/\/webs.uab.cat\/incasi\/index.php?rest_route=\/wp\/v2\/posts\/3864","targetHints":{"allow":["GET"]}}],"collection":[{"href":"https:\/\/webs.uab.cat\/incasi\/index.php?rest_route=\/wp\/v2\/posts"}],"about":[{"href":"https:\/\/webs.uab.cat\/incasi\/index.php?rest_route=\/wp\/v2\/types\/post"}],"author":[{"embeddable":true,"href":"https:\/\/webs.uab.cat\/incasi\/index.php?rest_route=\/wp\/v2\/users\/2496"}],"replies":[{"embeddable":true,"href":"https:\/\/webs.uab.cat\/incasi\/index.php?rest_route=%2Fwp%2Fv2%2Fcomments&post=3864"}],"version-history":[{"count":1,"href":"https:\/\/webs.uab.cat\/incasi\/index.php?rest_route=\/wp\/v2\/posts\/3864\/revisions"}],"predecessor-version":[{"id":3865,"href":"https:\/\/webs.uab.cat\/incasi\/index.php?rest_route=\/wp\/v2\/posts\/3864\/revisions\/3865"}],"wp:attachment":[{"href":"https:\/\/webs.uab.cat\/incasi\/index.php?rest_route=%2Fwp%2Fv2%2Fmedia&parent=3864"}],"wp:term":[{"taxonomy":"category","embeddable":true,"href":"https:\/\/webs.uab.cat\/incasi\/index.php?rest_route=%2Fwp%2Fv2%2Fcategories&post=3864"},{"taxonomy":"post_tag","embeddable":true,"href":"https:\/\/webs.uab.cat\/incasi\/index.php?rest_route=%2Fwp%2Fv2%2Ftags&post=3864"}],"curies":[{"name":"wp","href":"https:\/\/api.w.org\/{rel}","templated":true}]}}