{"id":3963,"date":"2025-05-14T05:42:51","date_gmt":"2025-05-14T03:42:51","guid":{"rendered":"https:\/\/webs.uab.cat\/incasi?p=3963"},"modified":"2025-05-26T07:44:43","modified_gmt":"2025-05-26T05:44:43","slug":"video-living-lab-carlos-diz-13-05-2025","status":"publish","type":"post","link":"https:\/\/webs.uab.cat\/incasi?p=3963","title":{"rendered":"Video Living Lab \u2013 Carlos Diz (13\/05\/2025)"},"content":{"rendered":"\n<p>El d\u00eda 13 de mayo en la Universidad de Chile se realiz\u00f3 el seminario ILL N\u00ba 61 con la presentaci\u00f3n presentaci\u00f3n titulada \u201c\u201cEsperando la movilidad: desigualdades y fronteras temporales en el trabajo de plataformas\u201d realizada por Carlos Diz, parte del Equipo de Investigaci\u00f3n Sociedades en Movimiento (ESOMI) Centro Interuniversitario de los Paisajes Atl\u00e1nticos Culturales (CISPAC) de la Universidade da Coru\u00f1a (UDC).<\/p>\n\n\n\n<p>Puedes ver el video a continuaci\u00f3n:<\/p>\n\n\n\n<figure class=\"wp-block-embed is-type-video is-provider-youtube wp-block-embed-youtube wp-embed-aspect-16-9 wp-has-aspect-ratio\"><div class=\"wp-block-embed__wrapper\">\n<iframe loading=\"lazy\" title=\"ILL n\u00ba61, \u201cEsperando la movilidad: desigualdades y fronteras temporales en el trabajo de plataformas\" width=\"580\" height=\"326\" src=\"https:\/\/www.youtube.com\/embed\/L45B8tz2pCM?feature=oembed\" frameborder=\"0\" allow=\"accelerometer; autoplay; clipboard-write; encrypted-media; gyroscope; picture-in-picture; web-share\" referrerpolicy=\"strict-origin-when-cross-origin\" allowfullscreen><\/iframe>\n<\/div><\/figure>\n","protected":false},"excerpt":{"rendered":"<p>El d\u00eda 13 de mayo en la Universidad de Chile se realiz\u00f3 el seminario ILL N\u00ba 61 con la presentaci\u00f3n presentaci\u00f3n titulada \u201c\u201cEsperando la movilidad: desigualdades y fronteras temporales en el trabajo de plataformas\u201d realizada por Carlos Diz, parte del Equipo de Investigaci\u00f3n Sociedades en Movimiento (ESOMI) Centro Interuniversitario de los Paisajes Atl\u00e1nticos Culturales (CISPAC) [&hellip;]<\/p>\n","protected":false},"author":2496,"featured_media":0,"comment_status":"closed","ping_status":"closed","sticky":false,"template":"","format":"standard","meta":{"footnotes":""},"categories":[4,3,8],"tags":[],"class_list":["post-3963","post","type-post","status-publish","format-standard","hentry","category-incasi-living-lab","category-news","category-video_ill"],"_links":{"self":[{"href":"https:\/\/webs.uab.cat\/incasi\/index.php?rest_route=\/wp\/v2\/posts\/3963","targetHints":{"allow":["GET"]}}],"collection":[{"href":"https:\/\/webs.uab.cat\/incasi\/index.php?rest_route=\/wp\/v2\/posts"}],"about":[{"href":"https:\/\/webs.uab.cat\/incasi\/index.php?rest_route=\/wp\/v2\/types\/post"}],"author":[{"embeddable":true,"href":"https:\/\/webs.uab.cat\/incasi\/index.php?rest_route=\/wp\/v2\/users\/2496"}],"replies":[{"embeddable":true,"href":"https:\/\/webs.uab.cat\/incasi\/index.php?rest_route=%2Fwp%2Fv2%2Fcomments&post=3963"}],"version-history":[{"count":1,"href":"https:\/\/webs.uab.cat\/incasi\/index.php?rest_route=\/wp\/v2\/posts\/3963\/revisions"}],"predecessor-version":[{"id":3964,"href":"https:\/\/webs.uab.cat\/incasi\/index.php?rest_route=\/wp\/v2\/posts\/3963\/revisions\/3964"}],"wp:attachment":[{"href":"https:\/\/webs.uab.cat\/incasi\/index.php?rest_route=%2Fwp%2Fv2%2Fmedia&parent=3963"}],"wp:term":[{"taxonomy":"category","embeddable":true,"href":"https:\/\/webs.uab.cat\/incasi\/index.php?rest_route=%2Fwp%2Fv2%2Fcategories&post=3963"},{"taxonomy":"post_tag","embeddable":true,"href":"https:\/\/webs.uab.cat\/incasi\/index.php?rest_route=%2Fwp%2Fv2%2Ftags&post=3963"}],"curies":[{"name":"wp","href":"https:\/\/api.w.org\/{rel}","templated":true}]}}